{"id":17406,"date":"2021-08-16T21:15:02","date_gmt":"2021-08-16T21:15:02","guid":{"rendered":"https:\/\/visionciudadana.com.mx\/chio\/2021\/08\/16\/asiste-alcalde-de-culiacan-a-taller-de-capacitacion-para-gobiernos-electos-2021-con-sede-en-mazatlan-sinaloa\/"},"modified":"2025-06-25T00:11:42","modified_gmt":"2025-06-25T00:11:42","slug":"asiste-alcalde-de-culiacan-a-taller-de-capacitacion-para-gobiernos-electos-2021-con-sede-en-mazatlan-sinaloa","status":"publish","type":"post","link":"https:\/\/visionciudadana.com.mx\/oficial\/2021\/08\/16\/asiste-alcalde-de-culiacan-a-taller-de-capacitacion-para-gobiernos-electos-2021-con-sede-en-mazatlan-sinaloa\/","title":{"rendered":"Asiste Alcalde de Culiac\u00e1n a taller de Capacitaci\u00f3n para Gobiernos Electos 2021 con sede en Mazatl\u00e1n, Sinaloa"},"content":{"rendered":"<p>&nbsp;<\/p>\n<p><img fetchpriority=\"high\" decoding=\"async\" src=\"images\/2021\/julio21\/agosto21\/asiste.jpg\" alt=\"asiste\" width=\"720\" height=\"480\" style=\"display: block; margin: 20px auto;\" \/><\/p>\n<p class=\"x_MsoNormal\" style=\"text-align: justify;\"><span lang=\"ES\" style=\"font-size: 14pt; font-family: arial, helvetica, sans-serif;\">El presidente municipal, Lic. Jes\u00fas Estrada Ferreiro, acompa\u00f1ado de su esposa Guadalupe L\u00f3pez de Estrada, presidente del Sistema DIF Culiac\u00e1n, asisti\u00f3 al taller de Capacitaci\u00f3n para Gobiernos Electos 2021.<\/span><\/p>\n<p style=\"text-align: justify;\">&nbsp;<\/p>\n<p class=\"x_MsoNormal\" style=\"text-align: justify;\"><span lang=\"ES\" style=\"font-size: 14pt; font-family: arial, helvetica, sans-serif;\">El evento se lleva a cabo en el Centro de Convenciones del puerto de Mazatl\u00e1n teniendo como anfitri\u00f3n a su hom\u00f3logo Luis Guillermo Ben\u00edtez Torres y al gobernador del estado, Quirino Ordaz Coppel.<\/span><\/p>\n<p style=\"text-align: justify;\">&nbsp;<\/p>\n<p class=\"x_MsoNormal\" style=\"text-align: justify;\"><span lang=\"ES\" style=\"font-size: 14pt; font-family: arial, helvetica, sans-serif;\">El objetivo de dicho taller es compartir y dise\u00f1ar estrategias para un correcto control de la funci\u00f3n p\u00fablica, seguridad p\u00fablica, uso efectivo del gasto y el proceso efectivo para la comprobaci\u00f3n y transparencia de la inversi\u00f3n p\u00fablica.<\/span><\/p>\n<p style=\"text-align: justify;\">&nbsp;<\/p>\n<p class=\"x_MsoNormal\" style=\"text-align: justify;\"><span lang=\"ES\" style=\"font-size: 14pt; font-family: arial, helvetica, sans-serif;\">En este tenor, los alcaldes electos para el periodo 2021 &#8211; 2024 se encuentran recibiendo la orientaci\u00f3n de las diferentes \u00e1reas y programas estatales y federales, conocimiento que les permitir\u00e1 realizar la creaci\u00f3n de estrategias con mayor certeza y acordes a las necesidades de cada localidad.<\/span><\/p>\n<p style=\"text-align: justify;\">&nbsp;<\/p>\n<p class=\"x_MsoNormal\" style=\"text-align: justify;\"><span lang=\"ES\" style=\"font-size: 14pt; font-family: arial, helvetica, sans-serif;\">Durante su participaci\u00f3n en el evento, Estrada Ferreiro ponder\u00f3 ante los asistentes la importancia de eficientar los procedimientos de recaudaci\u00f3n para lograr una mayor captaci\u00f3n de recursos que permitan invertir en obras y servicios p\u00fablicos de calidad en beneficio de la poblaci\u00f3n.<\/span><\/p>\n<p style=\"text-align: justify;\">&nbsp;<\/p>\n<p class=\"x_MsoNormal\" style=\"text-align: justify;\"><span lang=\"ES\" style=\"font-size: 14pt; font-family: arial, helvetica, sans-serif;\">Sobre ello, mencion\u00f3 que la capital sinaloense se ha logrado posicionar entre los 10 municipios con mejor recaudaci\u00f3n del impuesto predial, gracias a diferentes estrategias que se han venido implementando para incentivar a la ciudadan\u00eda a cumplir con su obligaci\u00f3n como contribuyentes.<\/span><\/p>\n<p style=\"text-align: justify;\">&nbsp;<\/p>\n<p class=\"x_MsoNormal\" style=\"text-align: justify;\"><span lang=\"ES\" style=\"font-size: 14pt; font-family: arial, helvetica, sans-serif;\">\u201cA esto se suma la confianza de la sociedad al observar que por primera vez una administraci\u00f3n municipal aplica debidamente sus impuestos, como lo hemos venido haciendo con la instalaci\u00f3n de luminarias, rehabilitaci\u00f3n de vialidades, adquisici\u00f3n de maquinaria, obras de agua potable, etc\u00e9tera\u201d, indic\u00f3 el primer edil.<\/span><\/p>\n<p style=\"text-align: justify;\">&nbsp;<\/p>\n<p class=\"x_MsoNormal\" style=\"text-align: justify;\"><span lang=\"ES\" style=\"font-size: 14pt; font-family: arial, helvetica, sans-serif;\">Cabe resaltar que garantizar gobiernos m\u00e1s eficientes y sustentables es un tema acorde con la administraci\u00f3n actual de Culiac\u00e1n, pues en el Plan Municipal de Desarrollo 2018 \u2013 2021, ya se encuentra plasmado, lo cual deja ver un poco la l\u00ednea de trabajo que pudiera seguirse para la administraci\u00f3n venidera.<\/span><\/p>\n<p style=\"text-align: justify;\">&nbsp;<\/p>\n<p style=\"text-align: justify;\">&nbsp;<\/p>\n<p style=\"text-align: justify;\"><span style=\"font-size: 14pt; font-family: arial, helvetica, sans-serif;\">REDACCI\u00d3N\/VISI\u00d3N CIUDADANA.<\/span><\/p>\n","protected":false},"excerpt":{"rendered":"<p>&nbsp; El presidente municipal, Lic. Jes\u00fas Estrada Ferreiro, acompa\u00f1ado de su esposa Guadalupe L\u00f3pez de Estrada, presidente del Sistema DIF Culiac\u00e1n, asisti\u00f3 al taller de Capacitaci\u00f3n para Gobiernos Electos 2021. &nbsp; El evento se lleva a cabo en el Centro de Convenciones del puerto de Mazatl\u00e1n teniendo como anfitri\u00f3n a su hom\u00f3logo Luis Guillermo Ben\u00edtez [&hellip;]<\/p>\n","protected":false},"author":1,"featured_media":1440,"comment_status":"closed","ping_status":"closed","sticky":false,"template":"","format":"standard","meta":{"footnotes":""},"categories":[13],"tags":[],"ppma_author":[31],"class_list":["post-17406","post","type-post","status-publish","format-standard","has-post-thumbnail","hentry","category-locales"],"aioseo_notices":[],"authors":[{"term_id":31,"user_id":1,"is_guest":0,"slug":"ivan3vino","display_name":"Iv\u00e1n Trevi\u00f1o","avatar_url":{"url":"https:\/\/visionciudadana.com.mx\/oficial\/wp-content\/uploads\/2025\/09\/columna-ivan-Trevino.png","url2x":"https:\/\/visionciudadana.com.mx\/oficial\/wp-content\/uploads\/2025\/09\/columna-ivan-Trevino.png"},"0":null,"1":"","2":"","3":"","4":"","5":"","6":"","7":"","8":""}],"_links":{"self":[{"href":"https:\/\/visionciudadana.com.mx\/oficial\/wp-json\/wp\/v2\/posts\/17406","targetHints":{"allow":["GET"]}}],"collection":[{"href":"https:\/\/visionciudadana.com.mx\/oficial\/wp-json\/wp\/v2\/posts"}],"about":[{"href":"https:\/\/visionciudadana.com.mx\/oficial\/wp-json\/wp\/v2\/types\/post"}],"author":[{"embeddable":true,"href":"https:\/\/visionciudadana.com.mx\/oficial\/wp-json\/wp\/v2\/users\/1"}],"replies":[{"embeddable":true,"href":"https:\/\/visionciudadana.com.mx\/oficial\/wp-json\/wp\/v2\/comments?post=17406"}],"version-history":[{"count":1,"href":"https:\/\/visionciudadana.com.mx\/oficial\/wp-json\/wp\/v2\/posts\/17406\/revisions"}],"predecessor-version":[{"id":30726,"href":"https:\/\/visionciudadana.com.mx\/oficial\/wp-json\/wp\/v2\/posts\/17406\/revisions\/30726"}],"wp:featuredmedia":[{"embeddable":true,"href":"https:\/\/visionciudadana.com.mx\/oficial\/wp-json\/wp\/v2\/posts\/1440"}],"wp:attachment":[{"href":"https:\/\/visionciudadana.com.mx\/oficial\/wp-json\/wp\/v2\/media?parent=17406"}],"wp:term":[{"taxonomy":"category","embeddable":true,"href":"https:\/\/visionciudadana.com.mx\/oficial\/wp-json\/wp\/v2\/categories?post=17406"},{"taxonomy":"post_tag","embeddable":true,"href":"https:\/\/visionciudadana.com.mx\/oficial\/wp-json\/wp\/v2\/tags?post=17406"},{"taxonomy":"author","embeddable":true,"href":"https:\/\/visionciudadana.com.mx\/oficial\/wp-json\/wp\/v2\/ppma_author?post=17406"}],"curies":[{"name":"wp","href":"https:\/\/api.w.org\/{rel}","templated":true}]}}