{"id":17389,"date":"2021-08-10T19:59:44","date_gmt":"2021-08-10T19:59:44","guid":{"rendered":"https:\/\/visionciudadana.com.mx\/chio\/2021\/08\/10\/se-aplicara-primera-dosis-para-personas-de-18-en-adelante-que-no-hayan-sido-vacunados\/"},"modified":"2025-06-25T00:11:42","modified_gmt":"2025-06-25T00:11:42","slug":"se-aplicara-primera-dosis-para-personas-de-18-en-adelante-que-no-hayan-sido-vacunados","status":"publish","type":"post","link":"https:\/\/visionciudadana.com.mx\/oficial\/2021\/08\/10\/se-aplicara-primera-dosis-para-personas-de-18-en-adelante-que-no-hayan-sido-vacunados\/","title":{"rendered":"Se aplicar\u00e1 primera dosis para personas de 18 en adelante que no hayan sido vacunados"},"content":{"rendered":"<p style=\"text-align: justify;\"><img fetchpriority=\"high\" decoding=\"async\" src=\"images\/2021\/julio21\/agosto21\/primera_d.jpg\" alt=\"primera d\" width=\"720\" height=\"480\" style=\"display: block; margin: 20px auto;\" \/><\/p>\n<p class=\"x_MsoNormal\" style=\"text-align: justify;\"><span style=\"font-size: 14pt; font-family: arial, helvetica, sans-serif;\">Con la firme convicci\u00f3n de que una de las medidas m\u00e1s importantes contra el COVID \u2013 19 es la vacunaci\u00f3n, a partir de ma\u00f1ana las personas mayores de 18 a\u00f1os del municipio de Culiac\u00e1n que por alguna circunstancia no han recibido su primera dosis podr\u00e1n acudir el d\u00eda de ma\u00f1ana en base al mismo programa ya anunciado para personas de 40 a 49 a\u00f1os, inform\u00f3 el Dr. Efr\u00e9n Encinas Torres, Secretario de Salud de Sinaloa.<\/span><\/p>\n<p style=\"text-align: justify;\">&nbsp;<\/p>\n<p class=\"x_MsoNormal\" style=\"text-align: justify;\"><span style=\"font-size: 14pt; font-family: arial, helvetica, sans-serif;\">El tambi\u00e9n Director General de los Servicios de Salud, especific\u00f3 que las personas deben de registrarse en la plataforma&nbsp;<a href=\"http:\/\/www.mivacuna.salud.gob.mx\/\" target=\"_blank\" rel=\"noopener noreferrer\" data-auth=\"NotApplicable\" data-linkindex=\"0\">www.mivacuna.salud.gob.mx<\/a>&nbsp;e imprimir su formato y acudir el d\u00eda que le corresponda seg\u00fan su letra del abecedario y macro centro que se le indique de acuerdo a su colonia.<\/span><\/p>\n<p style=\"text-align: justify;\">&nbsp;<\/p>\n<p class=\"x_MsoNormal\" style=\"text-align: justify;\"><span style=\"font-size: 14pt; font-family: arial, helvetica, sans-serif;\">\u201cEl d\u00eda de ayer recibimos dosis importantes cerca de 140 mil vacunas de AstraZeneca, informarles que el d\u00eda de ma\u00f1ana comenzar\u00e1 este proceso de vacunaci\u00f3n para personas de 40 a 49 a\u00f1os de edad en Culiac\u00e1n en los macro centros que ya hemos se\u00f1alado, pero algo m\u00e1s importante es decirles que se podr\u00e1n aplicar tambi\u00e9n a aquellas personas de 18 o m\u00e1s que por alguna raz\u00f3n no se aplicaron su primera dosis lo podr\u00e1n hacer, habr\u00e1n de registrarse en plataforma imprimir el documento y respetar simplemente el programa de lo que marca el abecedario de sus apellidos, esto es muy importante porque lo que queremos es que se cubran todas las personas para esta enfermedad\u201d, inform\u00f3.<\/span><\/p>\n<p style=\"text-align: justify;\">&nbsp;<\/p>\n<p style=\"text-align: justify;\"><span style=\"font-size: 14pt; font-family: arial, helvetica, sans-serif;\">REDACCI\u00d3N\/VISI\u00d3N CIUDADANA.<\/span><\/p>\n","protected":false},"excerpt":{"rendered":"<p>Con la firme convicci\u00f3n de que una de las medidas m\u00e1s importantes contra el COVID \u2013 19 es la vacunaci\u00f3n, a partir de ma\u00f1ana las personas mayores de 18 a\u00f1os del municipio de Culiac\u00e1n que por alguna circunstancia no han recibido su primera dosis podr\u00e1n acudir el d\u00eda de ma\u00f1ana en base al mismo programa [&hellip;]<\/p>\n","protected":false},"author":1,"featured_media":1422,"comment_status":"closed","ping_status":"closed","sticky":false,"template":"","format":"standard","meta":{"footnotes":""},"categories":[24],"tags":[],"ppma_author":[31],"class_list":["post-17389","post","type-post","status-publish","format-standard","has-post-thumbnail","hentry","category-relevantes"],"aioseo_notices":[],"authors":[{"term_id":31,"user_id":1,"is_guest":0,"slug":"ivan3vino","display_name":"Iv\u00e1n Trevi\u00f1o","avatar_url":{"url":"https:\/\/visionciudadana.com.mx\/oficial\/wp-content\/uploads\/2025\/09\/columna-ivan-Trevino.png","url2x":"https:\/\/visionciudadana.com.mx\/oficial\/wp-content\/uploads\/2025\/09\/columna-ivan-Trevino.png"},"0":null,"1":"","2":"","3":"","4":"","5":"","6":"","7":"","8":""}],"_links":{"self":[{"href":"https:\/\/visionciudadana.com.mx\/oficial\/wp-json\/wp\/v2\/posts\/17389","targetHints":{"allow":["GET"]}}],"collection":[{"href":"https:\/\/visionciudadana.com.mx\/oficial\/wp-json\/wp\/v2\/posts"}],"about":[{"href":"https:\/\/visionciudadana.com.mx\/oficial\/wp-json\/wp\/v2\/types\/post"}],"author":[{"embeddable":true,"href":"https:\/\/visionciudadana.com.mx\/oficial\/wp-json\/wp\/v2\/users\/1"}],"replies":[{"embeddable":true,"href":"https:\/\/visionciudadana.com.mx\/oficial\/wp-json\/wp\/v2\/comments?post=17389"}],"version-history":[{"count":1,"href":"https:\/\/visionciudadana.com.mx\/oficial\/wp-json\/wp\/v2\/posts\/17389\/revisions"}],"predecessor-version":[{"id":30727,"href":"https:\/\/visionciudadana.com.mx\/oficial\/wp-json\/wp\/v2\/posts\/17389\/revisions\/30727"}],"wp:featuredmedia":[{"embeddable":true,"href":"https:\/\/visionciudadana.com.mx\/oficial\/wp-json\/wp\/v2\/posts\/1422"}],"wp:attachment":[{"href":"https:\/\/visionciudadana.com.mx\/oficial\/wp-json\/wp\/v2\/media?parent=17389"}],"wp:term":[{"taxonomy":"category","embeddable":true,"href":"https:\/\/visionciudadana.com.mx\/oficial\/wp-json\/wp\/v2\/categories?post=17389"},{"taxonomy":"post_tag","embeddable":true,"href":"https:\/\/visionciudadana.com.mx\/oficial\/wp-json\/wp\/v2\/tags?post=17389"},{"taxonomy":"author","embeddable":true,"href":"https:\/\/visionciudadana.com.mx\/oficial\/wp-json\/wp\/v2\/ppma_author?post=17389"}],"curies":[{"name":"wp","href":"https:\/\/api.w.org\/{rel}","templated":true}]}}