{"id":17376,"date":"2021-08-10T16:52:54","date_gmt":"2021-08-10T16:52:54","guid":{"rendered":"https:\/\/visionciudadana.com.mx\/chio\/2021\/08\/10\/anuncia-rosy-fuentes-remodelaciones-en-hospital-de-la-mujer\/"},"modified":"2025-06-25T00:11:43","modified_gmt":"2025-06-25T00:11:43","slug":"anuncia-rosy-fuentes-remodelaciones-en-hospital-de-la-mujer","status":"publish","type":"post","link":"https:\/\/visionciudadana.com.mx\/oficial\/2021\/08\/10\/anuncia-rosy-fuentes-remodelaciones-en-hospital-de-la-mujer\/","title":{"rendered":"Anuncia Rosy Fuentes remodelaciones en Hospital de la Mujer"},"content":{"rendered":"<p class=\"x_MsoNormal\" style=\"text-align: justify;\"><span style=\"font-size: 14pt; font-family: arial, helvetica, sans-serif;\"><b><i><span lang=\"ES-TRAD\"><\/span><\/i><\/b><\/span><\/p>\n<p style=\"text-align: justify;\"><img fetchpriority=\"high\" decoding=\"async\" src=\"images\/2021\/julio21\/agosto21\/remodelacio\u0301n.jpg\" alt=\"remodelacio\u0301n\" width=\"720\" height=\"480\" style=\"display: block; margin: 20px auto;\" \/><\/p>\n<p style=\"text-align: justify;\"><span style=\"font-size: 14pt; font-family: arial, helvetica, sans-serif;\">Rosy Fuentes de Ordaz, presidenta de DIF Sinaloa anunci\u00f3 la ampliaci\u00f3n y remodelaci\u00f3n de diferentes \u00e1reas del Hospital de la Mujer con una inversi\u00f3n estatal de 27 millones de pesos.<\/span><\/p>\n<p style=\"text-align: justify;\">&nbsp;<\/p>\n<p style=\"text-align: justify;\"><span style=\"font-size: 14pt; font-family: arial, helvetica, sans-serif;\">En compa\u00f1\u00eda del Secretario de Salud, Efr\u00e9n Encinas Torres, Rosy Fuentes destac\u00f3 que el proyecto consistir\u00e1 en la rehabilitaci\u00f3n del \u00e1rea de cuidados intermedios neonatales, el cual tiene la funci\u00f3n de hospitalizar a los reci\u00e9n nacidos prematuros o con patolog\u00edas que requieran de cuidados especiales, por eso se ampliar\u00e1 su capacidad de 10 a 20 espacios con el fin de garantizar la integridad y vida de los menores.<\/span><\/p>\n<p style=\"text-align: justify;\">&nbsp;<\/p>\n<p style=\"text-align: justify;\"><span style=\"font-size: 14pt; font-family: arial, helvetica, sans-serif;\">Entre las remodelaciones tambi\u00e9n se fortalecer\u00e1 el \u00e1rea de quir\u00f3fanos; la nueva conexi\u00f3n al \u00e1rea central de equipos y esterilizaci\u00f3n; se remodelar\u00e1 el espacio de recuperaci\u00f3n quir\u00fargica y la rehabilitaci\u00f3n de la red de ox\u00edgeno del hospital por un sistema moderno, eficiente y seguro.<\/span><\/p>\n<p style=\"text-align: justify;\">&nbsp;<\/p>\n<p style=\"text-align: justify;\"><span style=\"font-size: 14pt; font-family: arial, helvetica, sans-serif;\">\u201cGracias a mi esposo, el gobernador Quirino Ordaz Coppel por seguir apost\u00e1ndole a la salud, lo hemos visto con otras obras en materia de salud como el Hospital General Culiac\u00e1n y Mazatl\u00e1n, Hospital Pedi\u00e1trico y Centro de Salud\u201d expres\u00f3.<\/span><\/p>\n<p style=\"text-align: justify;\">&nbsp;<\/p>\n<p style=\"text-align: justify;\"><span style=\"font-size: 14pt; font-family: arial, helvetica, sans-serif;\">Con estas obras se contribuye a la actualizaci\u00f3n de los hospitales para que sigan dando un servicio a la ciudadan\u00eda quienes tienen el derecho a la salud.<\/span><\/p>\n<p style=\"text-align: justify;\">&nbsp;<\/p>\n<p class=\"x_gmail-Bullet\" style=\"text-align: justify;\"><span style=\"font-size: 14pt; font-family: arial, helvetica, sans-serif;\">Por su parte el Secretario de Salud, Efr\u00e9n Encinas Torres expres\u00f3 su agradecimiento a la presidenta DIF por su inter\u00e9s de contribuir a las mejoras de este hospital, manifestando que desde que se le present\u00f3 el proyecto trabaj\u00f3 en las gestiones para implementarlo.<\/span><\/p>\n<p style=\"text-align: justify;\">&nbsp;<\/p>\n<p class=\"x_gmail-Bullet\" style=\"text-align: justify;\"><span style=\"font-size: 14pt; font-family: arial, helvetica, sans-serif;\">La rehabilitaci\u00f3n de estos espacios permitir\u00e1 mejorar la calidad de atenci\u00f3n a las m\u00e1s de 7 mil mujeres que se atienden por a\u00f1o en este nosocomio.<\/span><\/p>\n<p style=\"text-align: justify;\">&nbsp;<\/p>\n<p class=\"x_gmail-Bullet\" style=\"text-align: justify;\"><span style=\"font-size: 14pt; font-family: arial, helvetica, sans-serif;\">El Secretario de Obras P\u00fablicas, Osvaldo L\u00f3pez Angulo explic\u00f3 los datos t\u00e9cnicos de la obra y dijo que se estar\u00e1n iniciando los trabajos este 20 de agosto esperando concluirlos antes del cierre de esta administraci\u00f3n.<\/span><\/p>\n<p style=\"text-align: justify;\">&nbsp;<\/p>\n<p style=\"text-align: justify;\">&nbsp;<\/p>\n<p style=\"text-align: justify;\"><span style=\"font-size: 14pt; font-family: arial, helvetica, sans-serif;\">REDACCI\u00d3N\/VISI\u00d3N CIUDADANA.<\/span><\/p>\n","protected":false},"excerpt":{"rendered":"<p>Rosy Fuentes de Ordaz, presidenta de DIF Sinaloa anunci\u00f3 la ampliaci\u00f3n y remodelaci\u00f3n de diferentes \u00e1reas del Hospital de la Mujer con una inversi\u00f3n estatal de 27 millones de pesos. &nbsp; En compa\u00f1\u00eda del Secretario de Salud, Efr\u00e9n Encinas Torres, Rosy Fuentes destac\u00f3 que el proyecto consistir\u00e1 en la rehabilitaci\u00f3n del \u00e1rea de cuidados intermedios [&hellip;]<\/p>\n","protected":false},"author":1,"featured_media":1401,"comment_status":"closed","ping_status":"closed","sticky":false,"template":"","format":"standard","meta":{"footnotes":""},"categories":[24],"tags":[],"ppma_author":[31],"class_list":["post-17376","post","type-post","status-publish","format-standard","has-post-thumbnail","hentry","category-relevantes"],"aioseo_notices":[],"authors":[{"term_id":31,"user_id":1,"is_guest":0,"slug":"ivan3vino","display_name":"Iv\u00e1n Trevi\u00f1o","avatar_url":{"url":"https:\/\/visionciudadana.com.mx\/oficial\/wp-content\/uploads\/2025\/09\/columna-ivan-Trevino.png","url2x":"https:\/\/visionciudadana.com.mx\/oficial\/wp-content\/uploads\/2025\/09\/columna-ivan-Trevino.png"},"0":null,"1":"","2":"","3":"","4":"","5":"","6":"","7":"","8":""}],"_links":{"self":[{"href":"https:\/\/visionciudadana.com.mx\/oficial\/wp-json\/wp\/v2\/posts\/17376","targetHints":{"allow":["GET"]}}],"collection":[{"href":"https:\/\/visionciudadana.com.mx\/oficial\/wp-json\/wp\/v2\/posts"}],"about":[{"href":"https:\/\/visionciudadana.com.mx\/oficial\/wp-json\/wp\/v2\/types\/post"}],"author":[{"embeddable":true,"href":"https:\/\/visionciudadana.com.mx\/oficial\/wp-json\/wp\/v2\/users\/1"}],"replies":[{"embeddable":true,"href":"https:\/\/visionciudadana.com.mx\/oficial\/wp-json\/wp\/v2\/comments?post=17376"}],"version-history":[{"count":1,"href":"https:\/\/visionciudadana.com.mx\/oficial\/wp-json\/wp\/v2\/posts\/17376\/revisions"}],"predecessor-version":[{"id":30736,"href":"https:\/\/visionciudadana.com.mx\/oficial\/wp-json\/wp\/v2\/posts\/17376\/revisions\/30736"}],"wp:featuredmedia":[{"embeddable":true,"href":"https:\/\/visionciudadana.com.mx\/oficial\/wp-json\/wp\/v2\/posts\/1401"}],"wp:attachment":[{"href":"https:\/\/visionciudadana.com.mx\/oficial\/wp-json\/wp\/v2\/media?parent=17376"}],"wp:term":[{"taxonomy":"category","embeddable":true,"href":"https:\/\/visionciudadana.com.mx\/oficial\/wp-json\/wp\/v2\/categories?post=17376"},{"taxonomy":"post_tag","embeddable":true,"href":"https:\/\/visionciudadana.com.mx\/oficial\/wp-json\/wp\/v2\/tags?post=17376"},{"taxonomy":"author","embeddable":true,"href":"https:\/\/visionciudadana.com.mx\/oficial\/wp-json\/wp\/v2\/ppma_author?post=17376"}],"curies":[{"name":"wp","href":"https:\/\/api.w.org\/{rel}","templated":true}]}}