{"id":17375,"date":"2021-08-10T16:49:07","date_gmt":"2021-08-10T16:49:07","guid":{"rendered":"https:\/\/visionciudadana.com.mx\/chio\/2021\/08\/10\/llegan-segundas-dosis-de-vacunas-astrazeneca-para-personas-de-40-a-49\/"},"modified":"2025-06-25T00:11:43","modified_gmt":"2025-06-25T00:11:43","slug":"llegan-segundas-dosis-de-vacunas-astrazeneca-para-personas-de-40-a-49","status":"publish","type":"post","link":"https:\/\/visionciudadana.com.mx\/oficial\/2021\/08\/10\/llegan-segundas-dosis-de-vacunas-astrazeneca-para-personas-de-40-a-49\/","title":{"rendered":"Llegan segundas dosis de vacunas Astrazeneca para personas de 40 a 49"},"content":{"rendered":"<p style=\"text-align: justify;\"><img fetchpriority=\"high\" decoding=\"async\" src=\"images\/2021\/julio21\/agosto21\/segunda_dosis_astra.jpg\" alt=\"segunda dosis astra\" width=\"720\" height=\"480\" style=\"display: block; margin: 20px auto;\" \/><\/p>\n<p style=\"text-align: justify;\"><span style=\"font-size: 14pt; font-family: arial, helvetica, sans-serif;\">Para completar el esquema de vacunaci\u00f3n contra el COVID-19 de los sinaloenses de 40 a 49 a\u00f1os de edad, de los municipios de Mocorito, El Rosario y Culiac\u00e1n, este d\u00eda arribaron a la capital del estado 137 200 dosis de vacunas de la farmac\u00e9utica AstraZeneca.<\/span><\/p>\n<p style=\"text-align: justify;\">\n<p><span style=\"font-size: 14pt; font-family: arial, helvetica, sans-serif;\">El Dr. Efr\u00e9n Encinas Torres, Secretario de Salud y vocero del Comando Estatal de Vacunaci\u00f3n, expres\u00f3 que se tiene un gran avance en el programa de vacunaci\u00f3n contra COVID en la entidad, aunado a ello es que en los \u00faltimos d\u00edas se ha presentado una ligera disminuci\u00f3n en el n\u00famero de casos positivos en Sinaloa.<\/span><\/p>\n<p style=\"text-align: justify;\"><span style=\"font-size: 14pt; font-family: arial, helvetica, sans-serif;\">\u201cContinuamos con el programa de vacunaci\u00f3n para COVID que hemos avanzado mucho, estas 137 200 dosis son para aplicar las segundas dosis a personas de 40 a 49 a\u00f1os en los municipios de Culiac\u00e1n, la zona urbana, El Rosario y Mocorito, de tal manera que esperen la informaci\u00f3n de car\u00e1cter oficial, hay que aplicarse la vacuna, llevamos en Sinaloa muy buen avance y en estos d\u00edas hemos visto tambi\u00e9n una tendencia discreta hacia la baja en los n\u00fameros de casos, esto es muy importante y refleja el apego y empoderamiento social en este proceso de la pandemia\u201d, detall\u00f3.<\/span><\/p>\n<p style=\"text-align: justify;\">\n<p><span style=\"font-size: 14pt; font-family: arial, helvetica, sans-serif;\">Se\u00f1al\u00f3 adem\u00e1s que al margen de la vacunaci\u00f3n, no se debe bajar la guardia con las medidas de prevenci\u00f3n, la poblaci\u00f3n en general debe seguir cuid\u00e1ndose y que con el mejor de los esfuerzos salir adelante juntos.<\/span><\/p>\n<p style=\"text-align: justify;\"><span style=\"font-size: 14pt; font-family: arial, helvetica, sans-serif;\">Presente el Comando Estatal de Vacunaci\u00f3n para COVID, conformado por los representantes del IMSS y enlace de la Brigada Correcaminos, Dra. Tania Medina; Universidad Aut\u00f3noma de Sinaloa, Dr. Gerardo Alapizco Castro; Secretar\u00eda de Bienestar en Sinaloa, Ing. Jaime Montes Salas; as\u00ed como los titulares de la Base A\u00e9rea Militar y Fuerzas Armadas.<\/span><\/p>\n<p style=\"text-align: justify;\">&nbsp;<\/p>\n<p style=\"text-align: justify;\">&nbsp;<\/p>\n<p style=\"text-align: justify;\"><span style=\"font-size: 14pt; font-family: arial, helvetica, sans-serif;\">REDACCI\u00d3N\/VISI\u00d3N CIUDADANA.<\/span><\/p>\n","protected":false},"excerpt":{"rendered":"<p>Para completar el esquema de vacunaci\u00f3n contra el COVID-19 de los sinaloenses de 40 a 49 a\u00f1os de edad, de los municipios de Mocorito, El Rosario y Culiac\u00e1n, este d\u00eda arribaron a la capital del estado 137 200 dosis de vacunas de la farmac\u00e9utica AstraZeneca. El Dr. Efr\u00e9n Encinas Torres, Secretario de Salud y vocero [&hellip;]<\/p>\n","protected":false},"author":1,"featured_media":1399,"comment_status":"closed","ping_status":"closed","sticky":false,"template":"","format":"standard","meta":{"footnotes":""},"categories":[24],"tags":[],"ppma_author":[31],"class_list":["post-17375","post","type-post","status-publish","format-standard","has-post-thumbnail","hentry","category-relevantes"],"aioseo_notices":[],"authors":[{"term_id":31,"user_id":1,"is_guest":0,"slug":"ivan3vino","display_name":"Iv\u00e1n Trevi\u00f1o","avatar_url":{"url":"https:\/\/visionciudadana.com.mx\/oficial\/wp-content\/uploads\/2025\/09\/columna-ivan-Trevino.png","url2x":"https:\/\/visionciudadana.com.mx\/oficial\/wp-content\/uploads\/2025\/09\/columna-ivan-Trevino.png"},"0":null,"1":"","2":"","3":"","4":"","5":"","6":"","7":"","8":""}],"_links":{"self":[{"href":"https:\/\/visionciudadana.com.mx\/oficial\/wp-json\/wp\/v2\/posts\/17375","targetHints":{"allow":["GET"]}}],"collection":[{"href":"https:\/\/visionciudadana.com.mx\/oficial\/wp-json\/wp\/v2\/posts"}],"about":[{"href":"https:\/\/visionciudadana.com.mx\/oficial\/wp-json\/wp\/v2\/types\/post"}],"author":[{"embeddable":true,"href":"https:\/\/visionciudadana.com.mx\/oficial\/wp-json\/wp\/v2\/users\/1"}],"replies":[{"embeddable":true,"href":"https:\/\/visionciudadana.com.mx\/oficial\/wp-json\/wp\/v2\/comments?post=17375"}],"version-history":[{"count":1,"href":"https:\/\/visionciudadana.com.mx\/oficial\/wp-json\/wp\/v2\/posts\/17375\/revisions"}],"predecessor-version":[{"id":30737,"href":"https:\/\/visionciudadana.com.mx\/oficial\/wp-json\/wp\/v2\/posts\/17375\/revisions\/30737"}],"wp:featuredmedia":[{"embeddable":true,"href":"https:\/\/visionciudadana.com.mx\/oficial\/wp-json\/wp\/v2\/posts\/1399"}],"wp:attachment":[{"href":"https:\/\/visionciudadana.com.mx\/oficial\/wp-json\/wp\/v2\/media?parent=17375"}],"wp:term":[{"taxonomy":"category","embeddable":true,"href":"https:\/\/visionciudadana.com.mx\/oficial\/wp-json\/wp\/v2\/categories?post=17375"},{"taxonomy":"post_tag","embeddable":true,"href":"https:\/\/visionciudadana.com.mx\/oficial\/wp-json\/wp\/v2\/tags?post=17375"},{"taxonomy":"author","embeddable":true,"href":"https:\/\/visionciudadana.com.mx\/oficial\/wp-json\/wp\/v2\/ppma_author?post=17375"}],"curies":[{"name":"wp","href":"https:\/\/api.w.org\/{rel}","templated":true}]}}