{"id":17374,"date":"2021-08-10T16:44:52","date_gmt":"2021-08-10T16:44:52","guid":{"rendered":"https:\/\/visionciudadana.com.mx\/chio\/2021\/08\/10\/coordinacion-municipal-de-proteccion-civil-atiende-socavon-en-la-sindicatura-de-sanalona\/"},"modified":"2025-06-25T00:11:43","modified_gmt":"2025-06-25T00:11:43","slug":"coordinacion-municipal-de-proteccion-civil-atiende-socavon-en-la-sindicatura-de-sanalona","status":"publish","type":"post","link":"https:\/\/visionciudadana.com.mx\/oficial\/2021\/08\/10\/coordinacion-municipal-de-proteccion-civil-atiende-socavon-en-la-sindicatura-de-sanalona\/","title":{"rendered":"Coordinaci\u00f3n Municipal de Protecci\u00f3n Civil atiende socav\u00f3n en la sindicatura de Sanalona"},"content":{"rendered":"<p>&nbsp;<\/p>\n<p><img fetchpriority=\"high\" decoding=\"async\" src=\"images\/2021\/julio21\/agosto21\/socavon_cln.jpg\" alt=\"socavon cln\" width=\"720\" height=\"480\" style=\"display: block; margin: 20px auto;\" \/><\/p>\n<p style=\"text-align: justify;\"><span style=\"font-size: 14pt; font-family: arial, helvetica, sans-serif;\">Derivado de un reporte ciudadano respecto a un socav\u00f3n que se present\u00f3 en las inmediaciones de la sindicatura de Sanalona, la Coordinaci\u00f3n Municipal de Protecci\u00f3n Civil, despleg\u00f3 a sus elementos para atender oportunamente al llamado.<\/span><\/p>\n<p style=\"text-align: justify;\"><span style=\"font-size: 14pt; font-family: arial, helvetica, sans-serif;\"><\/p>\n<p>Como primera maniobra se delimit\u00f3 la zona entre la carretera del poblado y el templete de la presa, y tras hacer la revisi\u00f3n correspondiente se obtuvo como resultado un saldo que arroj\u00f3 da\u00f1os en la maya cicl\u00f3nica de la escuela primaria de la sindicatura, adem\u00e1s de 9 casas habitaci\u00f3n con da\u00f1os menores.<\/span><\/p>\n<p style=\"text-align: justify;\"><span style=\"font-size: 14pt; font-family: arial, helvetica, sans-serif;\"><\/p>\n<p>En dichos lugares, se encontraban un total de 21 personas adultas y 33 menores de edad, quienes no sufrieron afectaciones en su integridad f\u00edsica.<\/span><\/p>\n<p style=\"text-align: justify;\"><span style=\"font-size: 14pt; font-family: arial, helvetica, sans-serif;\"><\/p>\n<p>Finalmente, personal de la coordinaci\u00f3n realiz\u00f3 un recorrido por el lugar para descartar otros da\u00f1os en el \u00e1rea, y exhort\u00f3 a la poblaci\u00f3n a continuar reportando a la l\u00ednea de emergencias 9-1-1, cualquier inconveniente que requiera la respuesta de los cuerpos de rescate.<\/span><\/p>\n<p style=\"text-align: justify;\">&nbsp;<\/p>\n<p style=\"text-align: justify;\"><span style=\"font-size: 14pt; font-family: arial, helvetica, sans-serif;\">REDACCI\u00d3N\/VISI\u00d3N CIUDADANA.<\/span><\/p>\n","protected":false},"excerpt":{"rendered":"<p>&nbsp; Derivado de un reporte ciudadano respecto a un socav\u00f3n que se present\u00f3 en las inmediaciones de la sindicatura de Sanalona, la Coordinaci\u00f3n Municipal de Protecci\u00f3n Civil, despleg\u00f3 a sus elementos para atender oportunamente al llamado. Como primera maniobra se delimit\u00f3 la zona entre la carretera del poblado y el templete de la presa, y [&hellip;]<\/p>\n","protected":false},"author":1,"featured_media":1397,"comment_status":"closed","ping_status":"closed","sticky":false,"template":"","format":"standard","meta":{"footnotes":""},"categories":[24],"tags":[],"ppma_author":[31],"class_list":["post-17374","post","type-post","status-publish","format-standard","has-post-thumbnail","hentry","category-relevantes"],"aioseo_notices":[],"authors":[{"term_id":31,"user_id":1,"is_guest":0,"slug":"ivan3vino","display_name":"Iv\u00e1n Trevi\u00f1o","avatar_url":{"url":"https:\/\/visionciudadana.com.mx\/oficial\/wp-content\/uploads\/2025\/09\/columna-ivan-Trevino.png","url2x":"https:\/\/visionciudadana.com.mx\/oficial\/wp-content\/uploads\/2025\/09\/columna-ivan-Trevino.png"},"0":null,"1":"","2":"","3":"","4":"","5":"","6":"","7":"","8":""}],"_links":{"self":[{"href":"https:\/\/visionciudadana.com.mx\/oficial\/wp-json\/wp\/v2\/posts\/17374","targetHints":{"allow":["GET"]}}],"collection":[{"href":"https:\/\/visionciudadana.com.mx\/oficial\/wp-json\/wp\/v2\/posts"}],"about":[{"href":"https:\/\/visionciudadana.com.mx\/oficial\/wp-json\/wp\/v2\/types\/post"}],"author":[{"embeddable":true,"href":"https:\/\/visionciudadana.com.mx\/oficial\/wp-json\/wp\/v2\/users\/1"}],"replies":[{"embeddable":true,"href":"https:\/\/visionciudadana.com.mx\/oficial\/wp-json\/wp\/v2\/comments?post=17374"}],"version-history":[{"count":1,"href":"https:\/\/visionciudadana.com.mx\/oficial\/wp-json\/wp\/v2\/posts\/17374\/revisions"}],"predecessor-version":[{"id":30738,"href":"https:\/\/visionciudadana.com.mx\/oficial\/wp-json\/wp\/v2\/posts\/17374\/revisions\/30738"}],"wp:featuredmedia":[{"embeddable":true,"href":"https:\/\/visionciudadana.com.mx\/oficial\/wp-json\/wp\/v2\/posts\/1397"}],"wp:attachment":[{"href":"https:\/\/visionciudadana.com.mx\/oficial\/wp-json\/wp\/v2\/media?parent=17374"}],"wp:term":[{"taxonomy":"category","embeddable":true,"href":"https:\/\/visionciudadana.com.mx\/oficial\/wp-json\/wp\/v2\/categories?post=17374"},{"taxonomy":"post_tag","embeddable":true,"href":"https:\/\/visionciudadana.com.mx\/oficial\/wp-json\/wp\/v2\/tags?post=17374"},{"taxonomy":"author","embeddable":true,"href":"https:\/\/visionciudadana.com.mx\/oficial\/wp-json\/wp\/v2\/ppma_author?post=17374"}],"curies":[{"name":"wp","href":"https:\/\/api.w.org\/{rel}","templated":true}]}}