{"id":17358,"date":"2021-08-06T03:49:17","date_gmt":"2021-08-06T03:49:17","guid":{"rendered":"https:\/\/visionciudadana.com.mx\/chio\/2021\/08\/06\/inicia-proyecto-de-movilidad-segura-con-instalacion-de-camellon-central-en-salida-a-carretera-sanalona\/"},"modified":"2025-06-25T00:11:44","modified_gmt":"2025-06-25T00:11:44","slug":"inicia-proyecto-de-movilidad-segura-con-instalacion-de-camellon-central-en-salida-a-carretera-sanalona","status":"publish","type":"post","link":"https:\/\/visionciudadana.com.mx\/oficial\/2021\/08\/06\/inicia-proyecto-de-movilidad-segura-con-instalacion-de-camellon-central-en-salida-a-carretera-sanalona\/","title":{"rendered":"Inicia proyecto de Movilidad Segura con instalaci\u00f3n de camell\u00f3n central en salida a carretera Sanalona*"},"content":{"rendered":"<p style=\"text-align: justify;\">&nbsp;<\/p>\n<p style=\"text-align: justify;\"><img fetchpriority=\"high\" decoding=\"async\" src=\"images\/2021\/julio21\/agosto21\/movilidad.jpg\" alt=\"movilidad\" width=\"720\" height=\"480\" style=\"display: block; margin: 20px auto;\" \/><\/p>\n<p class=\"x_MsoNormal\" style=\"text-align: justify;\"><span style=\"font-size: 14pt; font-family: arial, helvetica, sans-serif;\">En atenci\u00f3n a las demandas de seguridad y bienestar de la ciudadan\u00eda, el alcalde Lic. Jes\u00fas Estrada Ferreiro instruy\u00f3 a la Direcci\u00f3n de Movilidad y Secretar\u00eda de Obras y Servicios P\u00fablicos, la elaboraci\u00f3n de un proyecto para la instalaci\u00f3n de un camell\u00f3n central sobre salida de la carretera a Sanalona.<\/span><\/p>\n<p style=\"text-align: justify;\">&nbsp;<\/p>\n<p class=\"x_MsoNormal\" style=\"text-align: justify;\"><span style=\"font-size: 14pt; font-family: arial, helvetica, sans-serif;\">Con el inicio de la obra ejecutada por el departamento de Conservaci\u00f3n y Mantenimiento, el Gobierno de Culiac\u00e1n buscar\u00e1 inhibir el riesgo de accidentes viales que se registran en la zona, esto como consecuencia de la falta de cultura vial y delimitaciones f\u00edsicas sobre la carpeta asf\u00e1ltica.<\/span><\/p>\n<p style=\"text-align: justify;\">&nbsp;<\/p>\n<p class=\"x_MsoNormal\" style=\"text-align: justify;\"><span style=\"font-size: 14pt; font-family: arial, helvetica, sans-serif;\">A trav\u00e9s de la construcci\u00f3n de la estructura divisora, se brindar\u00e1 mayor seguridad tanto a los automovilistas y peatones que diariamente realizan maniobras para incorporarse o cruzar la vialidad desde las calles aleda\u00f1as del sector.<\/span><\/p>\n<p style=\"text-align: justify;\">&nbsp;<\/p>\n<p class=\"x_MsoNormal\" style=\"text-align: justify;\"><span style=\"font-size: 14pt; font-family: arial, helvetica, sans-serif;\">Parte del esfuerzo enfocado en el mejoramiento del desplazamiento seguro por la zona, contempla la instalaci\u00f3n de pasos seguros, y sem\u00e1foros para integrar junto al camell\u00f3n central la seguridad vial que requiere el tramo vehicular.<\/span><\/p>\n<p style=\"text-align: justify;\">&nbsp;<\/p>\n<p class=\"x_MsoNormal\" style=\"text-align: justify;\"><span style=\"font-size: 14pt; font-family: arial, helvetica, sans-serif;\">La Comuna invita a la ciudadan\u00eda participar en una cultura vial de respeto y cuidado, esto con la finalidad de proteger la integridad f\u00edsica de todos, automovilistas, peatones y ciclistas.<\/span><\/p>\n<p style=\"text-align: justify;\">&nbsp;<\/p>\n<p style=\"text-align: justify;\">&nbsp;<\/p>\n<p style=\"text-align: justify;\"><span style=\"font-size: 14pt; font-family: arial, helvetica, sans-serif;\">REDACCI\u00d3N\/VISI\u00d3N CIUDADANA.<\/span><\/p>\n","protected":false},"excerpt":{"rendered":"<p>&nbsp; En atenci\u00f3n a las demandas de seguridad y bienestar de la ciudadan\u00eda, el alcalde Lic. Jes\u00fas Estrada Ferreiro instruy\u00f3 a la Direcci\u00f3n de Movilidad y Secretar\u00eda de Obras y Servicios P\u00fablicos, la elaboraci\u00f3n de un proyecto para la instalaci\u00f3n de un camell\u00f3n central sobre salida de la carretera a Sanalona. &nbsp; Con el inicio [&hellip;]<\/p>\n","protected":false},"author":1,"featured_media":1376,"comment_status":"closed","ping_status":"closed","sticky":false,"template":"","format":"standard","meta":{"footnotes":""},"categories":[13],"tags":[],"ppma_author":[31],"class_list":["post-17358","post","type-post","status-publish","format-standard","has-post-thumbnail","hentry","category-locales"],"aioseo_notices":[],"authors":[{"term_id":31,"user_id":1,"is_guest":0,"slug":"ivan3vino","display_name":"Iv\u00e1n Trevi\u00f1o","avatar_url":{"url":"https:\/\/visionciudadana.com.mx\/oficial\/wp-content\/uploads\/2025\/09\/columna-ivan-Trevino.png","url2x":"https:\/\/visionciudadana.com.mx\/oficial\/wp-content\/uploads\/2025\/09\/columna-ivan-Trevino.png"},"0":null,"1":"","2":"","3":"","4":"","5":"","6":"","7":"","8":""}],"_links":{"self":[{"href":"https:\/\/visionciudadana.com.mx\/oficial\/wp-json\/wp\/v2\/posts\/17358","targetHints":{"allow":["GET"]}}],"collection":[{"href":"https:\/\/visionciudadana.com.mx\/oficial\/wp-json\/wp\/v2\/posts"}],"about":[{"href":"https:\/\/visionciudadana.com.mx\/oficial\/wp-json\/wp\/v2\/types\/post"}],"author":[{"embeddable":true,"href":"https:\/\/visionciudadana.com.mx\/oficial\/wp-json\/wp\/v2\/users\/1"}],"replies":[{"embeddable":true,"href":"https:\/\/visionciudadana.com.mx\/oficial\/wp-json\/wp\/v2\/comments?post=17358"}],"version-history":[{"count":1,"href":"https:\/\/visionciudadana.com.mx\/oficial\/wp-json\/wp\/v2\/posts\/17358\/revisions"}],"predecessor-version":[{"id":30743,"href":"https:\/\/visionciudadana.com.mx\/oficial\/wp-json\/wp\/v2\/posts\/17358\/revisions\/30743"}],"wp:featuredmedia":[{"embeddable":true,"href":"https:\/\/visionciudadana.com.mx\/oficial\/wp-json\/wp\/v2\/media\/1376"}],"wp:attachment":[{"href":"https:\/\/visionciudadana.com.mx\/oficial\/wp-json\/wp\/v2\/media?parent=17358"}],"wp:term":[{"taxonomy":"category","embeddable":true,"href":"https:\/\/visionciudadana.com.mx\/oficial\/wp-json\/wp\/v2\/categories?post=17358"},{"taxonomy":"post_tag","embeddable":true,"href":"https:\/\/visionciudadana.com.mx\/oficial\/wp-json\/wp\/v2\/tags?post=17358"},{"taxonomy":"author","embeddable":true,"href":"https:\/\/visionciudadana.com.mx\/oficial\/wp-json\/wp\/v2\/ppma_author?post=17358"}],"curies":[{"name":"wp","href":"https:\/\/api.w.org\/{rel}","templated":true}]}}