{"id":17357,"date":"2021-08-06T03:44:53","date_gmt":"2021-08-06T03:44:53","guid":{"rendered":"https:\/\/visionciudadana.com.mx\/chio\/2021\/08\/06\/rocha-moya-llama-a-alcaldes-y-diputados-electos-a-conformar-equipos-solidarios-e-incluyentes\/"},"modified":"2025-06-25T00:11:44","modified_gmt":"2025-06-25T00:11:44","slug":"rocha-moya-llama-a-alcaldes-y-diputados-electos-a-conformar-equipos-solidarios-e-incluyentes","status":"publish","type":"post","link":"https:\/\/visionciudadana.com.mx\/oficial\/2021\/08\/06\/rocha-moya-llama-a-alcaldes-y-diputados-electos-a-conformar-equipos-solidarios-e-incluyentes\/","title":{"rendered":"Rocha Moya llama a alcaldes y diputados electos a conformar equipos solidarios e incluyentes"},"content":{"rendered":"<div><img fetchpriority=\"high\" decoding=\"async\" src=\"images\/2021\/julio21\/agosto21\/llama_rocha.jpg\" alt=\"llama rocha\" width=\"720\" height=\"480\" style=\"display: block; margin: 20px auto;\" \/><\/div>\n<div>&nbsp;<\/div>\n<div style=\"text-align: justify;\"><span style=\"font-size: 14pt; font-family: arial, helvetica, sans-serif;\">Durante una reuni\u00f3n encabezada por el presidente nacional de MORENA, Mario Delgado Carrillo, el pr\u00f3ximo gobernador de Sinaloa Rub\u00e9n Rocha Moya hizo un exhorto a los alcaldes y diputados electos a&nbsp; que \u00abconformemos equipos solidarios e incluyentes con el objetivo de construir juntos la tarea de gobernar para la poblaci\u00f3n m\u00e1s vulnerable de la entidad, y para todos en general \u00bb .&nbsp;<\/span><\/div>\n<div style=\"text-align: justify;\">&nbsp;<\/div>\n<div style=\"text-align: justify;\"><span style=\"font-size: 14pt; font-family: arial, helvetica, sans-serif;\"><\/span><\/div>\n<div style=\"text-align: justify;\"><span style=\"font-size: 14pt; font-family: arial, helvetica, sans-serif;\">\u201cLa tarea que tenemos enseguida es la de gobernar, pero debemos de gobernar juntos, hacer las cosas con compromiso y responsabilidad, pero tambi\u00e9n con humildad. Como lo he dicho antes, vamos a hacer que la gente participe a partir de esta nueva clase pol\u00edtica que estamos formando; vamos a hacer mucha justicia social\u201d.<\/span><\/div>\n<div style=\"text-align: justify;\"><span style=\"font-size: 14pt; font-family: arial, helvetica, sans-serif;\"><\/span><\/div>\n<div style=\"text-align: justify;\">&nbsp;<\/div>\n<div style=\"text-align: justify;\"><span style=\"font-size: 14pt; font-family: arial, helvetica, sans-serif;\">Por su parte, el presidente nacional de MORENA, Mario Delgado, felicit\u00f3 a los presentes por el resultado de la pasada elecci\u00f3n y los invit\u00f3 a trabajar para cumplirle a las y los ciudadanos que conf\u00edan en que este movimiento va a transformar a Sinaloa.<\/span><\/div>\n<div style=\"text-align: justify;\">&nbsp;<\/div>\n<div style=\"text-align: justify;\"><span style=\"font-size: 14pt; font-family: arial, helvetica, sans-serif;\"><\/span><\/div>\n<div style=\"text-align: justify;\"><span style=\"font-size: 14pt; font-family: arial, helvetica, sans-serif;\">Dijo que esta es la oportunidad para hacer historia en los ayuntamientos y en el Congreso del Estado a fin de que la gente que vot\u00f3 por los candidatos de MORENA se sienta satisfecha por el trabajo que realizan los alcaldes y las y los diputados locales.&nbsp;<\/span><\/div>\n<div style=\"text-align: justify;\">&nbsp;<\/div>\n<div style=\"text-align: justify;\"><span style=\"font-size: 14pt; font-family: arial, helvetica, sans-serif;\"><\/span><\/div>\n<div style=\"text-align: justify;\"><span style=\"font-size: 14pt; font-family: arial, helvetica, sans-serif;\">\u201cTuvimos un resultado muy favorable aqu\u00ed en Sinaloa, no fue una elecci\u00f3n f\u00e1cil y creo que hicieron un trabajo extraordinario, en verdad much\u00edsimas felicidades. Lograron una haza\u00f1a hist\u00f3rica, el triunfo del movimiento de MORENA aqu\u00ed en el estado, pero ahora viene lo m\u00e1s importante : hay que cumplirle a la gente, hay que dar resultados para que se vea la transformaci\u00f3n en el estado y estoy seguro que s\u00ed va a ocurrir\u201d.<\/span><\/div>\n<div style=\"text-align: justify;\">&nbsp;<\/div>\n<div style=\"text-align: justify;\"><span style=\"font-size: 14pt; font-family: arial, helvetica, sans-serif;\"><\/span><\/div>\n<div style=\"text-align: justify;\"><span style=\"font-size: 14pt; font-family: arial, helvetica, sans-serif;\">Delgado Carrillo se dijo confiado en que en Sinaloa se gobernar\u00e1 con los principios \u00e9ticos de MORENA: no mentir, no robar y no traicionar a las y los&nbsp; ciudadanos, as\u00ed como a promover una aut\u00e9ntica democracia donde el pueblo mande a fin de reducir las desigualdades entre los que m\u00e1s tienen y quienes menos poseen.<\/span><\/div>\n<div style=\"text-align: justify;\">&nbsp;<\/div>\n<div style=\"text-align: justify;\">&nbsp;<\/div>\n<div style=\"text-align: justify;\">&nbsp;<\/div>\n<div style=\"text-align: justify;\"><span style=\"font-size: 14pt; font-family: arial, helvetica, sans-serif;\">REDACCI\u00d3N\/VISI\u00d3N CIUDADANA.<\/span><\/div>\n","protected":false},"excerpt":{"rendered":"<p>&nbsp; Durante una reuni\u00f3n encabezada por el presidente nacional de MORENA, Mario Delgado Carrillo, el pr\u00f3ximo gobernador de Sinaloa Rub\u00e9n Rocha Moya hizo un exhorto a los alcaldes y diputados electos a&nbsp; que \u00abconformemos equipos solidarios e incluyentes con el objetivo de construir juntos la tarea de gobernar para la poblaci\u00f3n m\u00e1s vulnerable de la [&hellip;]<\/p>\n","protected":false},"author":1,"featured_media":1374,"comment_status":"closed","ping_status":"closed","sticky":false,"template":"","format":"standard","meta":{"footnotes":""},"categories":[24],"tags":[],"ppma_author":[31],"class_list":["post-17357","post","type-post","status-publish","format-standard","has-post-thumbnail","hentry","category-relevantes"],"aioseo_notices":[],"authors":[{"term_id":31,"user_id":1,"is_guest":0,"slug":"ivan3vino","display_name":"Iv\u00e1n Trevi\u00f1o","avatar_url":{"url":"https:\/\/visionciudadana.com.mx\/oficial\/wp-content\/uploads\/2025\/09\/columna-ivan-Trevino.png","url2x":"https:\/\/visionciudadana.com.mx\/oficial\/wp-content\/uploads\/2025\/09\/columna-ivan-Trevino.png"},"0":null,"1":"","2":"","3":"","4":"","5":"","6":"","7":"","8":""}],"_links":{"self":[{"href":"https:\/\/visionciudadana.com.mx\/oficial\/wp-json\/wp\/v2\/posts\/17357","targetHints":{"allow":["GET"]}}],"collection":[{"href":"https:\/\/visionciudadana.com.mx\/oficial\/wp-json\/wp\/v2\/posts"}],"about":[{"href":"https:\/\/visionciudadana.com.mx\/oficial\/wp-json\/wp\/v2\/types\/post"}],"author":[{"embeddable":true,"href":"https:\/\/visionciudadana.com.mx\/oficial\/wp-json\/wp\/v2\/users\/1"}],"replies":[{"embeddable":true,"href":"https:\/\/visionciudadana.com.mx\/oficial\/wp-json\/wp\/v2\/comments?post=17357"}],"version-history":[{"count":1,"href":"https:\/\/visionciudadana.com.mx\/oficial\/wp-json\/wp\/v2\/posts\/17357\/revisions"}],"predecessor-version":[{"id":30744,"href":"https:\/\/visionciudadana.com.mx\/oficial\/wp-json\/wp\/v2\/posts\/17357\/revisions\/30744"}],"wp:featuredmedia":[{"embeddable":true,"href":"https:\/\/visionciudadana.com.mx\/oficial\/wp-json\/wp\/v2\/media\/1374"}],"wp:attachment":[{"href":"https:\/\/visionciudadana.com.mx\/oficial\/wp-json\/wp\/v2\/media?parent=17357"}],"wp:term":[{"taxonomy":"category","embeddable":true,"href":"https:\/\/visionciudadana.com.mx\/oficial\/wp-json\/wp\/v2\/categories?post=17357"},{"taxonomy":"post_tag","embeddable":true,"href":"https:\/\/visionciudadana.com.mx\/oficial\/wp-json\/wp\/v2\/tags?post=17357"},{"taxonomy":"author","embeddable":true,"href":"https:\/\/visionciudadana.com.mx\/oficial\/wp-json\/wp\/v2\/ppma_author?post=17357"}],"curies":[{"name":"wp","href":"https:\/\/api.w.org\/{rel}","templated":true}]}}