{"id":17356,"date":"2021-08-06T03:40:03","date_gmt":"2021-08-06T03:40:03","guid":{"rendered":"https:\/\/visionciudadana.com.mx\/chio\/2021\/08\/06\/refuerzan-acciones-contra-el-covid-19-en-salvador-alvarado\/"},"modified":"2025-06-25T00:11:44","modified_gmt":"2025-06-25T00:11:44","slug":"refuerzan-acciones-contra-el-covid-19-en-salvador-alvarado","status":"publish","type":"post","link":"https:\/\/visionciudadana.com.mx\/oficial\/2021\/08\/06\/refuerzan-acciones-contra-el-covid-19-en-salvador-alvarado\/","title":{"rendered":"Refuerzan acciones contra el Covid-19 en Salvador Alvarado"},"content":{"rendered":"<p class=\"x_MsoNormal\">&nbsp;<\/p>\n<p><img fetchpriority=\"high\" decoding=\"async\" src=\"images\/2021\/julio21\/agosto21\/salvador.jpg\" alt=\"salvador\" width=\"720\" height=\"480\" style=\"display: block; margin: 20px auto;\" \/><\/p>\n<p class=\"x_MsoNormal\" style=\"text-align: justify;\"><span style=\"font-size: 14pt; font-family: arial, helvetica, sans-serif;\">Ante el incremento de contagios de Covid-19 en el municipio, la Direcci\u00f3n de Seguridad P\u00fablica, a trav\u00e9s del Departamento de Programas Preventivos; en coordinaci\u00f3n con la Direcci\u00f3n de Gesti\u00f3n de Riesgos y Protecci\u00f3n Civil, desde hace m\u00e1s de dos semanas ha venido reforzando la promoci\u00f3n de las medidas sanitarias.<\/span><\/p>\n<p style=\"text-align: justify;\">&nbsp;<\/p>\n<p class=\"x_MsoNormal\" style=\"text-align: justify;\"><span style=\"font-size: 14pt; font-family: arial, helvetica, sans-serif;\">Meibol Isbeth Ruiz Camacho, coordinadora de Programas Preventivos en el Municipio, dio a conocer que de manera diaria realizan recorridos en el primer cuadro de la ciudad, sobre todo en la zona comercial, ya que es donde se registran m\u00e1s aglomeraciones de personas, principalmente en los bancos.<\/span><\/p>\n<p style=\"text-align: justify;\">&nbsp;<\/p>\n<p class=\"x_MsoNormal\" style=\"text-align: justify;\"><span style=\"font-size: 14pt; font-family: arial, helvetica, sans-serif;\">Precis\u00f3 que el trabajo que realizan consiste en hacer las recomendaciones a la gente, para que respeten la sana distancia, hablarles de los riesgos que corren de contraer coronavirus, si no cuidan los protocolos, adem\u00e1s de que entregan cubrebocas a quienes no traigan en ese momento.<\/span><\/p>\n<p style=\"text-align: justify;\">&nbsp;<\/p>\n<p class=\"x_MsoNormal\" style=\"text-align: justify;\"><span style=\"font-size: 14pt; font-family: arial, helvetica, sans-serif;\">La funcionaria municipal dijo que han encontrado buena respuesta de la ciudadan\u00eda, sin embargo, aclar\u00f3 que van a continuar con estas acciones en tanto los casos no presenten una disminuci\u00f3n.&nbsp;<\/span><\/p>\n<p style=\"text-align: justify;\">&nbsp;<\/p>\n<p style=\"text-align: justify;\">&nbsp;<\/p>\n<p style=\"text-align: justify;\"><span style=\"font-size: 14pt; font-family: arial, helvetica, sans-serif;\">REDACCI\u00d3N\/VISI\u00d3N CIUDADANA.<\/span><\/p>\n","protected":false},"excerpt":{"rendered":"<p>&nbsp; Ante el incremento de contagios de Covid-19 en el municipio, la Direcci\u00f3n de Seguridad P\u00fablica, a trav\u00e9s del Departamento de Programas Preventivos; en coordinaci\u00f3n con la Direcci\u00f3n de Gesti\u00f3n de Riesgos y Protecci\u00f3n Civil, desde hace m\u00e1s de dos semanas ha venido reforzando la promoci\u00f3n de las medidas sanitarias. &nbsp; Meibol Isbeth Ruiz Camacho, [&hellip;]<\/p>\n","protected":false},"author":1,"featured_media":1372,"comment_status":"closed","ping_status":"closed","sticky":false,"template":"","format":"standard","meta":{"footnotes":""},"categories":[13],"tags":[],"ppma_author":[31],"class_list":["post-17356","post","type-post","status-publish","format-standard","has-post-thumbnail","hentry","category-locales"],"aioseo_notices":[],"authors":[{"term_id":31,"user_id":1,"is_guest":0,"slug":"ivan3vino","display_name":"Iv\u00e1n Trevi\u00f1o","avatar_url":{"url":"https:\/\/visionciudadana.com.mx\/oficial\/wp-content\/uploads\/2025\/09\/columna-ivan-Trevino.png","url2x":"https:\/\/visionciudadana.com.mx\/oficial\/wp-content\/uploads\/2025\/09\/columna-ivan-Trevino.png"},"0":null,"1":"","2":"","3":"","4":"","5":"","6":"","7":"","8":""}],"_links":{"self":[{"href":"https:\/\/visionciudadana.com.mx\/oficial\/wp-json\/wp\/v2\/posts\/17356","targetHints":{"allow":["GET"]}}],"collection":[{"href":"https:\/\/visionciudadana.com.mx\/oficial\/wp-json\/wp\/v2\/posts"}],"about":[{"href":"https:\/\/visionciudadana.com.mx\/oficial\/wp-json\/wp\/v2\/types\/post"}],"author":[{"embeddable":true,"href":"https:\/\/visionciudadana.com.mx\/oficial\/wp-json\/wp\/v2\/users\/1"}],"replies":[{"embeddable":true,"href":"https:\/\/visionciudadana.com.mx\/oficial\/wp-json\/wp\/v2\/comments?post=17356"}],"version-history":[{"count":1,"href":"https:\/\/visionciudadana.com.mx\/oficial\/wp-json\/wp\/v2\/posts\/17356\/revisions"}],"predecessor-version":[{"id":30745,"href":"https:\/\/visionciudadana.com.mx\/oficial\/wp-json\/wp\/v2\/posts\/17356\/revisions\/30745"}],"wp:featuredmedia":[{"embeddable":true,"href":"https:\/\/visionciudadana.com.mx\/oficial\/wp-json\/wp\/v2\/media\/1372"}],"wp:attachment":[{"href":"https:\/\/visionciudadana.com.mx\/oficial\/wp-json\/wp\/v2\/media?parent=17356"}],"wp:term":[{"taxonomy":"category","embeddable":true,"href":"https:\/\/visionciudadana.com.mx\/oficial\/wp-json\/wp\/v2\/categories?post=17356"},{"taxonomy":"post_tag","embeddable":true,"href":"https:\/\/visionciudadana.com.mx\/oficial\/wp-json\/wp\/v2\/tags?post=17356"},{"taxonomy":"author","embeddable":true,"href":"https:\/\/visionciudadana.com.mx\/oficial\/wp-json\/wp\/v2\/ppma_author?post=17356"}],"curies":[{"name":"wp","href":"https:\/\/api.w.org\/{rel}","templated":true}]}}