{"id":17355,"date":"2021-08-06T03:35:07","date_gmt":"2021-08-06T03:35:07","guid":{"rendered":"https:\/\/visionciudadana.com.mx\/chio\/2021\/08\/06\/en-sinaloa-la-pandemia-nos-rebaso-seria-una-irresponsabilidad-que-los-ninos-regresen-a-clases-presenciales\/"},"modified":"2025-06-25T00:11:44","modified_gmt":"2025-06-25T00:11:44","slug":"en-sinaloa-la-pandemia-nos-rebaso-seria-una-irresponsabilidad-que-los-ninos-regresen-a-clases-presenciales","status":"publish","type":"post","link":"https:\/\/visionciudadana.com.mx\/oficial\/2021\/08\/06\/en-sinaloa-la-pandemia-nos-rebaso-seria-una-irresponsabilidad-que-los-ninos-regresen-a-clases-presenciales\/","title":{"rendered":"En Sinaloa la pandemia nos rebas\u00f3, ser\u00eda una irresponsabilidad que los ni\u00f1os regresen a clases presenciales."},"content":{"rendered":"<div>&nbsp;<\/div>\n<div style=\"text-align: justify;\"><img fetchpriority=\"high\" decoding=\"async\" src=\"images\/2021\/julio21\/agosto21\/en_sinaloa.jpg\" alt=\"en sinaloa\" width=\"720\" height=\"480\" style=\"display: block; margin: 20px auto;\" \/><br \/><span style=\"font-size: 14pt; font-family: arial, helvetica, sans-serif;\">H\u00e9ctor Melesio Cu\u00e9n Ojeda atiende a los medios de comunicaci\u00f3n en conferencia de prensa, presencial en Mazatl\u00e1n y virtual para todo el estado.<\/span><\/div>\n<div style=\"text-align: justify;\">\n<p><span style=\"font-size: 14pt; font-family: arial, helvetica, sans-serif;\">En el di\u00e1logo sostenido sobresale los trabajos que realiza el PAS para ayudar a la poblaci\u00f3n ante la pandemia que vivimos y los datos reales que hablan de la productividad de la diputada Ang\u00e9lica D\u00edaz Qui\u00f1onez y el propio Partido Sinaloense en la 63 Legislatura, mismos que aclaran lo publicado por un medio impreso el d\u00eda de ayer (El Debate).<\/span><\/div>\n<div style=\"text-align: justify;\">\n<p><span style=\"font-size: 14pt; font-family: arial, helvetica, sans-serif;\">El tema que reiteradamente se plante\u00f3 por los medios fue el COVID y que hacemos de frente a los altos contagios que estamos viviendo.<\/span><\/div>\n<div style=\"text-align: justify;\">\n<p><span style=\"font-size: 14pt; font-family: arial, helvetica, sans-serif;\">En principio Cu\u00e9n Ojeda afirm\u00f3 que en Sinaloa la pandemia nos rebas\u00f3, que a nivel de las autoridades estatales no se tiene un real an\u00e1lisis de los niveles de contagio que tenemos, que Sinaloa sigue estando muy por encima de los \u00edndices de letalidad que en el pa\u00eds se est\u00e1n dando, y no se diga a nivel mundial.<\/span><\/div>\n<div style=\"text-align: justify;\">\n<p><span style=\"font-size: 14pt; font-family: arial, helvetica, sans-serif;\">En este sentido expres\u00f3 que acordar que los ni\u00f1os regresen a clases presenciales a finales de agosto es una irresponsabilidad, es jugar con la vida de ellos, porque adem\u00e1s de los altos contagios se tienen las escuelas abandonadas, las cuales no tienen y no tendr\u00edan las condiciones higi\u00e9nicas y de salubridad que se requiere para recibir a los ni\u00f1os, es decir trabajar a prueba y error, lo cual significa dar palos de ciego.<\/span><\/div>\n<div style=\"text-align: justify;\">\n<p><span style=\"font-size: 14pt; font-family: arial, helvetica, sans-serif;\">Ante esta situaci\u00f3n es imperante que la sociedad participe, se exprese dado que ello auxiliar\u00eda a generar las condiciones que hoy no tenemos.<\/span><\/div>\n<div style=\"text-align: justify;\">\n<p><span style=\"font-size: 14pt; font-family: arial, helvetica, sans-serif;\">Sobre la petici\u00f3n del certificado de vacunaci\u00f3n para ingresar a lugares p\u00fablicos, se coment\u00f3 que es una buena idea, sin embargo, esta se tiene que implementar con una gran organizaci\u00f3n y coordinaci\u00f3n entre los gobiernos y la poblaci\u00f3n para evitar lo que ocurre en comunicaci\u00f3n cuando impera \u201cel tel\u00e9fono descompuesto\u201d.<\/span><\/div>\n<div style=\"text-align: justify;\">\n<p><span style=\"font-size: 14pt; font-family: arial, helvetica, sans-serif;\">\u201cEl PAS convoca al gobierno del estado a que act\u00fae de manera integral y con sentido com\u00fan que no solamente le apueste al programa de vacunaci\u00f3n, que se tomen las medidas para asegurar que haya camas para los contagiados, los medicamentos necesarios, oxigeno, ventiladores, es decir que no se maneje la pandemia con tintes medi\u00e1ticos como son las fotos cuando se reciben las vacunas o las declaraciones que se hicieron en el pasado en el sentido que se comprar\u00edan mil ventiladores, lo cual no se realiz\u00f3. Ahora necesitamos medidas reales.<\/span><\/div>\n<div style=\"text-align: justify;\">&nbsp;<\/div>\n<div style=\"text-align: justify;\"><span style=\"font-size: 14pt; font-family: arial, helvetica, sans-serif;\">En relaci\u00f3n a las declaraciones que hizo el d\u00eda de ayer el director nacional del IMSS en su visita a Sinaloa, discrepo con la informaci\u00f3n de nuestra entidad que ya tiene 78 % de la poblaci\u00f3n vacunada, porque de ser as\u00ed ya tendr\u00edamos el reba\u00f1o comunitario.<\/span><\/div>\n<div style=\"text-align: justify;\">\n<p><span style=\"font-size: 14pt; font-family: arial, helvetica, sans-serif;\">Para estimar esta cifra se debe contemplar a los adolescentes y ni\u00f1os, que ya est\u00e1n siendo contagiados por el COVID, y no solamente a los mayores de 18 a\u00f1os. Estas fueron las valoraciones de Cu\u00e9n Ojeda.<\/span><\/div>\n<div style=\"text-align: justify;\">&nbsp;<\/div>\n<div style=\"text-align: justify;\">&nbsp;<\/div>\n<div style=\"text-align: justify;\">&nbsp;<\/div>\n<div style=\"text-align: justify;\"><span style=\"font-size: 14pt; font-family: arial, helvetica, sans-serif;\">REDACCI\u00d3N\/VISI\u00d3N CIUDADANA.<\/span><\/div>\n","protected":false},"excerpt":{"rendered":"<p>&nbsp; H\u00e9ctor Melesio Cu\u00e9n Ojeda atiende a los medios de comunicaci\u00f3n en conferencia de prensa, presencial en Mazatl\u00e1n y virtual para todo el estado. En el di\u00e1logo sostenido sobresale los trabajos que realiza el PAS para ayudar a la poblaci\u00f3n ante la pandemia que vivimos y los datos reales que hablan de la productividad de [&hellip;]<\/p>\n","protected":false},"author":1,"featured_media":1370,"comment_status":"closed","ping_status":"closed","sticky":false,"template":"","format":"standard","meta":{"footnotes":""},"categories":[24],"tags":[],"ppma_author":[31],"class_list":["post-17355","post","type-post","status-publish","format-standard","has-post-thumbnail","hentry","category-relevantes"],"aioseo_notices":[],"authors":[{"term_id":31,"user_id":1,"is_guest":0,"slug":"ivan3vino","display_name":"Iv\u00e1n Trevi\u00f1o","avatar_url":{"url":"https:\/\/visionciudadana.com.mx\/oficial\/wp-content\/uploads\/2025\/09\/columna-ivan-Trevino.png","url2x":"https:\/\/visionciudadana.com.mx\/oficial\/wp-content\/uploads\/2025\/09\/columna-ivan-Trevino.png"},"0":null,"1":"","2":"","3":"","4":"","5":"","6":"","7":"","8":""}],"_links":{"self":[{"href":"https:\/\/visionciudadana.com.mx\/oficial\/wp-json\/wp\/v2\/posts\/17355","targetHints":{"allow":["GET"]}}],"collection":[{"href":"https:\/\/visionciudadana.com.mx\/oficial\/wp-json\/wp\/v2\/posts"}],"about":[{"href":"https:\/\/visionciudadana.com.mx\/oficial\/wp-json\/wp\/v2\/types\/post"}],"author":[{"embeddable":true,"href":"https:\/\/visionciudadana.com.mx\/oficial\/wp-json\/wp\/v2\/users\/1"}],"replies":[{"embeddable":true,"href":"https:\/\/visionciudadana.com.mx\/oficial\/wp-json\/wp\/v2\/comments?post=17355"}],"version-history":[{"count":1,"href":"https:\/\/visionciudadana.com.mx\/oficial\/wp-json\/wp\/v2\/posts\/17355\/revisions"}],"predecessor-version":[{"id":30746,"href":"https:\/\/visionciudadana.com.mx\/oficial\/wp-json\/wp\/v2\/posts\/17355\/revisions\/30746"}],"wp:featuredmedia":[{"embeddable":true,"href":"https:\/\/visionciudadana.com.mx\/oficial\/wp-json\/wp\/v2\/media\/1370"}],"wp:attachment":[{"href":"https:\/\/visionciudadana.com.mx\/oficial\/wp-json\/wp\/v2\/media?parent=17355"}],"wp:term":[{"taxonomy":"category","embeddable":true,"href":"https:\/\/visionciudadana.com.mx\/oficial\/wp-json\/wp\/v2\/categories?post=17355"},{"taxonomy":"post_tag","embeddable":true,"href":"https:\/\/visionciudadana.com.mx\/oficial\/wp-json\/wp\/v2\/tags?post=17355"},{"taxonomy":"author","embeddable":true,"href":"https:\/\/visionciudadana.com.mx\/oficial\/wp-json\/wp\/v2\/ppma_author?post=17355"}],"curies":[{"name":"wp","href":"https:\/\/api.w.org\/{rel}","templated":true}]}}