{"id":17351,"date":"2021-08-05T01:35:33","date_gmt":"2021-08-05T01:35:33","guid":{"rendered":"https:\/\/visionciudadana.com.mx\/chio\/2021\/08\/05\/alcalde-y-gobernador-supervisan-junto-al-director-general-del-imss-infraestructura-hospitalaria-en-culiacan\/"},"modified":"2025-06-25T00:11:44","modified_gmt":"2025-06-25T00:11:44","slug":"alcalde-y-gobernador-supervisan-junto-al-director-general-del-imss-infraestructura-hospitalaria-en-culiacan","status":"publish","type":"post","link":"https:\/\/visionciudadana.com.mx\/oficial\/2021\/08\/05\/alcalde-y-gobernador-supervisan-junto-al-director-general-del-imss-infraestructura-hospitalaria-en-culiacan\/","title":{"rendered":"Alcalde y gobernador supervisan junto al Director General del IMSS, infraestructura hospitalaria en Culiac\u00e1n"},"content":{"rendered":"<p><img fetchpriority=\"high\" decoding=\"async\" src=\"images\/2021\/julio21\/agosto21\/alcaldez.jpg\" alt=\"alcaldez\" width=\"720\" height=\"480\" style=\"display: block; margin: 20px auto;\" \/><\/p>\n<p>&nbsp;<\/p>\n<p class=\"x_MsoNormal\" style=\"text-align: justify;\"><span lang=\"ES\" style=\"font-size: 14pt; font-family: arial, helvetica, sans-serif;\">El alcalde Lic. Jes\u00fas Estrada Ferreiro, llev\u00f3 a cabo una gira de trabajo junto al director general del IMSS, Zo\u00e9 Robledo Aburto, y el gobernador del estado, Quirino Ordaz Coppel, a fin de constatar la operaci\u00f3n y avance de obra que registran los diferentes hospitales ubicados en la capital sinaloense.<\/span><\/p>\n<p style=\"text-align: justify;\">&nbsp;<\/p>\n<p class=\"x_MsoNormal\" style=\"text-align: justify;\"><span lang=\"ES\" style=\"font-size: 14pt; font-family: arial, helvetica, sans-serif;\">Como punto de partida, las autoridades arribaron al nuevo Hospital Pedi\u00e1trico de Sinaloa y el nuevo Hospital General de Culiac\u00e1n, nosocomios que ser\u00edan incorporados al esquema del Programa IMSS Bienestar con el prop\u00f3sito de ampliar la calidad y cobertura de su servicio en beneficio de la poblaci\u00f3n.<\/span><\/p>\n<p style=\"text-align: justify;\">&nbsp;<\/p>\n<p class=\"x_MsoNormal\" style=\"text-align: justify;\"><span lang=\"ES\" style=\"font-size: 14pt; font-family: arial, helvetica, sans-serif;\">Tras ello, acudieron al Hospital General Regional del IMSS, donde recorrieron las instalaciones correspondientes a la nueva Unidad de Cuidados Intensivos Neonatales y la Unidad de Quimioterapia de este nosocomio, el Hospital de Pediatr\u00eda del INSABI y el Centro de Salud Urbano denominado \u201cTorre\u201d.<\/span><\/p>\n<p style=\"text-align: justify;\">&nbsp;<\/p>\n<p style=\"text-align: justify;\">&nbsp;<\/p>\n<p style=\"text-align: justify;\"><span style=\"font-size: 14pt; font-family: arial, helvetica, sans-serif;\">REDACCI\u00d3N\/VISI\u00d3N CIUDADANA.<\/span><\/p>\n","protected":false},"excerpt":{"rendered":"<p>&nbsp; El alcalde Lic. Jes\u00fas Estrada Ferreiro, llev\u00f3 a cabo una gira de trabajo junto al director general del IMSS, Zo\u00e9 Robledo Aburto, y el gobernador del estado, Quirino Ordaz Coppel, a fin de constatar la operaci\u00f3n y avance de obra que registran los diferentes hospitales ubicados en la capital sinaloense. &nbsp; Como punto de [&hellip;]<\/p>\n","protected":false},"author":1,"featured_media":1365,"comment_status":"closed","ping_status":"closed","sticky":false,"template":"","format":"standard","meta":{"footnotes":""},"categories":[24],"tags":[],"ppma_author":[31],"class_list":["post-17351","post","type-post","status-publish","format-standard","has-post-thumbnail","hentry","category-relevantes"],"aioseo_notices":[],"authors":[{"term_id":31,"user_id":1,"is_guest":0,"slug":"ivan3vino","display_name":"Iv\u00e1n Trevi\u00f1o","avatar_url":{"url":"https:\/\/visionciudadana.com.mx\/oficial\/wp-content\/uploads\/2025\/09\/columna-ivan-Trevino.png","url2x":"https:\/\/visionciudadana.com.mx\/oficial\/wp-content\/uploads\/2025\/09\/columna-ivan-Trevino.png"},"0":null,"1":"","2":"","3":"","4":"","5":"","6":"","7":"","8":""}],"_links":{"self":[{"href":"https:\/\/visionciudadana.com.mx\/oficial\/wp-json\/wp\/v2\/posts\/17351","targetHints":{"allow":["GET"]}}],"collection":[{"href":"https:\/\/visionciudadana.com.mx\/oficial\/wp-json\/wp\/v2\/posts"}],"about":[{"href":"https:\/\/visionciudadana.com.mx\/oficial\/wp-json\/wp\/v2\/types\/post"}],"author":[{"embeddable":true,"href":"https:\/\/visionciudadana.com.mx\/oficial\/wp-json\/wp\/v2\/users\/1"}],"replies":[{"embeddable":true,"href":"https:\/\/visionciudadana.com.mx\/oficial\/wp-json\/wp\/v2\/comments?post=17351"}],"version-history":[{"count":1,"href":"https:\/\/visionciudadana.com.mx\/oficial\/wp-json\/wp\/v2\/posts\/17351\/revisions"}],"predecessor-version":[{"id":30747,"href":"https:\/\/visionciudadana.com.mx\/oficial\/wp-json\/wp\/v2\/posts\/17351\/revisions\/30747"}],"wp:featuredmedia":[{"embeddable":true,"href":"https:\/\/visionciudadana.com.mx\/oficial\/wp-json\/wp\/v2\/posts\/1365"}],"wp:attachment":[{"href":"https:\/\/visionciudadana.com.mx\/oficial\/wp-json\/wp\/v2\/media?parent=17351"}],"wp:term":[{"taxonomy":"category","embeddable":true,"href":"https:\/\/visionciudadana.com.mx\/oficial\/wp-json\/wp\/v2\/categories?post=17351"},{"taxonomy":"post_tag","embeddable":true,"href":"https:\/\/visionciudadana.com.mx\/oficial\/wp-json\/wp\/v2\/tags?post=17351"},{"taxonomy":"author","embeddable":true,"href":"https:\/\/visionciudadana.com.mx\/oficial\/wp-json\/wp\/v2\/ppma_author?post=17351"}],"curies":[{"name":"wp","href":"https:\/\/api.w.org\/{rel}","templated":true}]}}