{"id":17350,"date":"2021-08-05T01:30:18","date_gmt":"2021-08-05T01:30:18","guid":{"rendered":"https:\/\/visionciudadana.com.mx\/chio\/2021\/08\/05\/quirino-inaugura-el-alumbrado-del-malecon-de-guasave\/"},"modified":"2025-06-25T00:11:45","modified_gmt":"2025-06-25T00:11:45","slug":"quirino-inaugura-el-alumbrado-del-malecon-de-guasave","status":"publish","type":"post","link":"https:\/\/visionciudadana.com.mx\/oficial\/2021\/08\/05\/quirino-inaugura-el-alumbrado-del-malecon-de-guasave\/","title":{"rendered":"Quirino inaugura el alumbrado del malec\u00f3n de Guasave"},"content":{"rendered":"<p>&nbsp;<\/p>\n<p><img fetchpriority=\"high\" decoding=\"async\" src=\"images\/2021\/julio21\/agosto21\/alumbrado.jpg\" alt=\"alumbrado\" width=\"720\" height=\"480\" style=\"display: block; margin: 20px auto;\" \/><\/p>\n<p class=\"x_MsoNormal\" style=\"text-align: justify;\"><span lang=\"ES-TRAD\" style=\"font-size: 14pt; font-family: arial, helvetica, sans-serif;\">A partir de ahora, Guasave lucir\u00e1 un nuevo rostro urbano, con la inauguraci\u00f3n del alumbrado p\u00fablico tur\u00edstico del malec\u00f3n \u201cMar\u00eda del Rosario Espinoza\u201d, similar al colocado en el malec\u00f3n de Mazatl\u00e1n, el cual fue inaugurado por el gobernador Quirino Ordaz Coppel, y en cuya obra se invirtieron m\u00e1s de 12 millones de pesos de recursos estatales.<\/span><\/p>\n<p class=\"x_MsoNormal\" style=\"text-align: justify;\"><span lang=\"ES-TRAD\" style=\"font-size: 14pt; font-family: arial, helvetica, sans-serif;\"><\/span><\/p>\n<p class=\"x_MsoNormal\" style=\"text-align: justify;\"><span lang=\"ES-TRAD\" style=\"font-size: 14pt; font-family: arial, helvetica, sans-serif;\">El mandatario estatal realiz\u00f3 una nueva gira de trabajo por Guasave, junto con su esposa, Rosy Fuentes de Ordaz, y fueron recibidos por la alcaldesa Mar\u00eda Aurelia Leal L\u00f3pez, para visitar primeramente la playa de Las Glorias, donde se inaugur\u00f3 la pavimentaci\u00f3n de la calle Roncacho, construida con una mezcla de concreto hidr\u00e1ulico y adocreto, trabajos en los que se invirtieron un mill\u00f3n 279 mil pesos.<\/span><\/p>\n<p class=\"x_MsoNormal\" style=\"text-align: justify;\"><span lang=\"ES-TRAD\" style=\"font-size: 14pt; font-family: arial, helvetica, sans-serif;\"><\/span><\/p>\n<p class=\"x_MsoNormal\" style=\"text-align: justify;\"><span lang=\"ES-TRAD\" style=\"font-size: 14pt; font-family: arial, helvetica, sans-serif;\">Enseguida, el gobernador Quirino Ordaz Coppel se traslad\u00f3 a la cabecera municipal, para poner en operaci\u00f3n una obra de embellecimiento urbano muy importante, como fue el alumbrado p\u00fablico con 60 l\u00e1mparas Led tipo UFO, colocadas a lo largo del kil\u00f3metro y 600 metros que mide el malec\u00f3n \u201cMar\u00eda del Rosario Espinoza\u201d, y que vienen a dar un toque tur\u00edstico a la ribera del r\u00edo Sinaloa.<\/span><\/p>\n<p class=\"x_MsoNormal\" style=\"text-align: justify;\"><span lang=\"ES-TRAD\" style=\"font-size: 14pt; font-family: arial, helvetica, sans-serif;\"><\/span><\/p>\n<p class=\"x_MsoNormal\" style=\"text-align: justify;\"><span lang=\"ES-TRAD\" style=\"font-size: 14pt; font-family: arial, helvetica, sans-serif;\">Destac\u00f3 que esta iluminaci\u00f3n es id\u00e9ntica a la utilizada en los malecones de Mazatl\u00e1n y de Sinaloa de Leyva, del Parque Acu\u00e1tico en Culiac\u00e1n, la avenida Rosales en Guam\u00fachil, y en el parque de La Reforma.<\/span><\/p>\n<p class=\"x_MsoNormal\" style=\"text-align: justify;\"><span lang=\"ES-TRAD\" style=\"font-size: 14pt; font-family: arial, helvetica, sans-serif;\"><\/span><\/p>\n<p class=\"x_MsoNormal\" style=\"text-align: justify;\"><span lang=\"ES-TRAD\" style=\"font-size: 14pt; font-family: arial, helvetica, sans-serif;\">\u201cGuasave est\u00e1 en mi coraz\u00f3n, siempre lo ha estado y estoy muy agradecido con Guasave, por eso no escatimamos recursos en una obra de iluminaci\u00f3n que va a provocar un cambio total en la belleza urbana y en la convivencia en este espacio p\u00fablico del malec\u00f3n Mar\u00eda del Rosario Espinoza. Va a ser un antes y un despu\u00e9s ciertamente, con m\u00e1s seguridad y mejores comercios\u201d, dijo momentos antes de accionar el interruptor que encendi\u00f3 las modernas luminarias.<\/span><\/p>\n<p class=\"x_MsoNormal\" style=\"text-align: justify;\"><span lang=\"ES-TRAD\" style=\"font-size: 14pt; font-family: arial, helvetica, sans-serif;\"><\/span><\/p>\n<p class=\"x_MsoNormal\" style=\"text-align: justify;\"><span lang=\"ES-TRAD\" style=\"font-size: 14pt; font-family: arial, helvetica, sans-serif;\">Por su parte, la alcaldesa Mar\u00eda Aurelia Leal L\u00f3pez, le agradeci\u00f3 esta nueva visita al gobernador Quirino Ordaz Coppel, sobre todo por entregar esta obra de gran magnitud. \u201cQuiero decirle que la imagen del malec\u00f3n va a mejorar totalmente con esta iluminaci\u00f3n porque es el lugar m\u00e1s emblem\u00e1tico de nuestra ciudad, y con esto viene a generar que los ciudadanos tengan una mejor estancia en este lugar y mayor certeza en cuanto a seguridad\u201d.<\/span><\/p>\n<p class=\"x_MsoNormal\" style=\"text-align: justify;\"><span lang=\"ES-TRAD\" style=\"font-size: 14pt; font-family: arial, helvetica, sans-serif;\"><\/span><\/p>\n<p class=\"x_MsoNormal\" style=\"text-align: justify;\"><span lang=\"ES-TRAD\" style=\"font-size: 14pt; font-family: arial, helvetica, sans-serif;\">\u201cGuasave les agradece y es una de las obras m\u00e1s importantes para nuestro municipio, y recibir todas estas obras es un placer, pues como nunca Guasave ha tenido obras relevantes de este tipo\u201d, reiter\u00f3.<\/span><\/p>\n<p class=\"x_MsoNormal\" style=\"text-align: justify;\"><span lang=\"ES-TRAD\" style=\"font-size: 14pt; font-family: arial, helvetica, sans-serif;\"><\/span><\/p>\n<p class=\"x_MsoNormal\" style=\"text-align: justify;\"><span lang=\"ES-TRAD\" style=\"font-size: 14pt; font-family: arial, helvetica, sans-serif;\">En su mensaje, la esposa del gobernador, la se\u00f1ora Rosy Fuentes de Ordaz, se dijo muy complacida con la iluminaci\u00f3n del malec\u00f3n porque ser\u00e1 disfrutada por las familias de Guasave al gozar de este nuevo espacio, que se viene a sumar a otros tantos alumbrados en Mazatl\u00e1n, Sinaloa de Leyva, La Reforma, Guam\u00fachil, y Culiac\u00e1n.<\/span><\/p>\n<p class=\"x_MsoNormal\" style=\"text-align: justify;\"><span lang=\"ES-TRAD\" style=\"font-size: 14pt; font-family: arial, helvetica, sans-serif;\"><\/span><\/p>\n<p class=\"x_MsoNormal\" style=\"text-align: justify;\"><span lang=\"ES-TRAD\" style=\"font-size: 14pt; font-family: arial, helvetica, sans-serif;\">\u201cAhora \u00e9stos son espacios p\u00fablicos que brindan seguridad, esparcimiento y convivencia para las familias y yo creo que eso es lo m\u00e1s importante, embellecer nuestra ciudad pero tambi\u00e9n que sea para beneficio de las familias\u201d, coment\u00f3.<\/span><\/p>\n<p class=\"x_MsoNormal\" style=\"text-align: justify;\"><span lang=\"ES-TRAD\" style=\"font-size: 14pt; font-family: arial, helvetica, sans-serif;\"><\/span><\/p>\n<p class=\"x_MsoNormal\" style=\"text-align: justify;\"><span lang=\"ES-TRAD\" style=\"font-size: 14pt; font-family: arial, helvetica, sans-serif;\">Tambi\u00e9n acompa\u00f1aron al gobernador Quirino Ordaz Coppel en esta nueva gira de trabajo por Guasave, el secretario de Obras P\u00fablicas, Osbaldo L\u00f3pez Angulo; y el secretario de Desarrollo Social, Ricardo Madrid P\u00e9rez.<\/span><\/p>\n<p style=\"text-align: justify;\">&nbsp;<\/p>\n<p style=\"text-align: justify;\">&nbsp;<\/p>\n<p style=\"text-align: justify;\"><span style=\"font-size: 14pt; font-family: arial, helvetica, sans-serif;\">REDACCI\u00d3N\/VISI\u00d3N CIUDADANA.<\/span><\/p>\n","protected":false},"excerpt":{"rendered":"<p>&nbsp; A partir de ahora, Guasave lucir\u00e1 un nuevo rostro urbano, con la inauguraci\u00f3n del alumbrado p\u00fablico tur\u00edstico del malec\u00f3n \u201cMar\u00eda del Rosario Espinoza\u201d, similar al colocado en el malec\u00f3n de Mazatl\u00e1n, el cual fue inaugurado por el gobernador Quirino Ordaz Coppel, y en cuya obra se invirtieron m\u00e1s de 12 millones de pesos de [&hellip;]<\/p>\n","protected":false},"author":1,"featured_media":1363,"comment_status":"closed","ping_status":"closed","sticky":false,"template":"","format":"standard","meta":{"footnotes":""},"categories":[13],"tags":[],"ppma_author":[31],"class_list":["post-17350","post","type-post","status-publish","format-standard","has-post-thumbnail","hentry","category-locales"],"aioseo_notices":[],"authors":[{"term_id":31,"user_id":1,"is_guest":0,"slug":"ivan3vino","display_name":"Iv\u00e1n Trevi\u00f1o","avatar_url":{"url":"https:\/\/visionciudadana.com.mx\/oficial\/wp-content\/uploads\/2025\/09\/columna-ivan-Trevino.png","url2x":"https:\/\/visionciudadana.com.mx\/oficial\/wp-content\/uploads\/2025\/09\/columna-ivan-Trevino.png"},"0":null,"1":"","2":"","3":"","4":"","5":"","6":"","7":"","8":""}],"_links":{"self":[{"href":"https:\/\/visionciudadana.com.mx\/oficial\/wp-json\/wp\/v2\/posts\/17350","targetHints":{"allow":["GET"]}}],"collection":[{"href":"https:\/\/visionciudadana.com.mx\/oficial\/wp-json\/wp\/v2\/posts"}],"about":[{"href":"https:\/\/visionciudadana.com.mx\/oficial\/wp-json\/wp\/v2\/types\/post"}],"author":[{"embeddable":true,"href":"https:\/\/visionciudadana.com.mx\/oficial\/wp-json\/wp\/v2\/users\/1"}],"replies":[{"embeddable":true,"href":"https:\/\/visionciudadana.com.mx\/oficial\/wp-json\/wp\/v2\/comments?post=17350"}],"version-history":[{"count":1,"href":"https:\/\/visionciudadana.com.mx\/oficial\/wp-json\/wp\/v2\/posts\/17350\/revisions"}],"predecessor-version":[{"id":30748,"href":"https:\/\/visionciudadana.com.mx\/oficial\/wp-json\/wp\/v2\/posts\/17350\/revisions\/30748"}],"wp:featuredmedia":[{"embeddable":true,"href":"https:\/\/visionciudadana.com.mx\/oficial\/wp-json\/wp\/v2\/posts\/1363"}],"wp:attachment":[{"href":"https:\/\/visionciudadana.com.mx\/oficial\/wp-json\/wp\/v2\/media?parent=17350"}],"wp:term":[{"taxonomy":"category","embeddable":true,"href":"https:\/\/visionciudadana.com.mx\/oficial\/wp-json\/wp\/v2\/categories?post=17350"},{"taxonomy":"post_tag","embeddable":true,"href":"https:\/\/visionciudadana.com.mx\/oficial\/wp-json\/wp\/v2\/tags?post=17350"},{"taxonomy":"author","embeddable":true,"href":"https:\/\/visionciudadana.com.mx\/oficial\/wp-json\/wp\/v2\/ppma_author?post=17350"}],"curies":[{"name":"wp","href":"https:\/\/api.w.org\/{rel}","templated":true}]}}