{"id":17349,"date":"2021-08-05T01:27:24","date_gmt":"2021-08-05T01:27:24","guid":{"rendered":"https:\/\/visionciudadana.com.mx\/chio\/2021\/08\/05\/atienden-distribuidor-vial-del-humaya-con-reparaciones-asfalticas\/"},"modified":"2025-06-25T00:11:45","modified_gmt":"2025-06-25T00:11:45","slug":"atienden-distribuidor-vial-del-humaya-con-reparaciones-asfalticas","status":"publish","type":"post","link":"https:\/\/visionciudadana.com.mx\/oficial\/2021\/08\/05\/atienden-distribuidor-vial-del-humaya-con-reparaciones-asfalticas\/","title":{"rendered":"Atienden distribuidor vial del Humaya con reparaciones asf\u00e1lticas"},"content":{"rendered":"<p>&nbsp;<\/p>\n<p><img fetchpriority=\"high\" decoding=\"async\" src=\"images\/2021\/julio21\/agosto21\/reparacio\u0301n.jpg\" alt=\"reparacio\u0301n\" width=\"720\" height=\"480\" style=\"display: block; margin: 20px auto;\" \/><\/p>\n<p class=\"x_MsoNormal\" style=\"text-align: justify;\"><span lang=\"ES\" style=\"font-size: 14pt; font-family: arial, helvetica, sans-serif;\">Desde hace algunos d\u00edas los trabajos en la mejora de la carpeta asf\u00e1ltica del distribuidor vial Humaya, realizados por la Unidad de Bacheo, se han desplegado en dicho sector, a trav\u00e9s del riego negro y el sellado de grietas.<\/span><\/p>\n<p style=\"text-align: justify;\">&nbsp;<\/p>\n<p class=\"x_MsoNormal\" style=\"text-align: justify;\"><span lang=\"ES\" style=\"font-size: 14pt; font-family: arial, helvetica, sans-serif;\">Fue en la gasa de incorporaci\u00f3n del bulevar Lola Beltr\u00e1n y Jos\u00e9 Lim\u00f3n, donde el \u00abriego por taponamiento\u00bb, tambi\u00e9n conocido como \u00abriego negro\u00bb o ECR30\/70, el cual es una t\u00e9cnica que alisa la superficie de las calles, mejorando su apariencia de piel de cocodrilo, y a su vez, aumentando las condiciones de seguridad al conducir, fue aplicado en esta zona.<\/span><\/p>\n<p style=\"text-align: justify;\">&nbsp;<\/p>\n<p class=\"x_MsoNormal\" style=\"text-align: justify;\"><span lang=\"ES\" style=\"font-size: 14pt; font-family: arial, helvetica, sans-serif;\">De igual forma, y para continuar con dichos avances, se llev\u00f3 a cabo el sellado de grietas espec\u00edficas que estaban presentes en el resto del mencionado distribuidor vial.<\/span><\/p>\n<p style=\"text-align: justify;\">&nbsp;<\/p>\n<p class=\"x_MsoNormal\" style=\"text-align: justify;\"><span lang=\"ES\" style=\"font-size: 14pt; font-family: arial, helvetica, sans-serif;\">A trav\u00e9s de estos trabajos, la vialidad se encuentra ahora en \u00f3ptimas condiciones, las cuales garantizan la seguridad de los miles de automovilistas que transitan diariamente sobre ella.<\/span><\/p>\n<p style=\"text-align: justify;\">&nbsp;<\/p>\n<p class=\"x_MsoNormal\" style=\"text-align: justify;\"><span lang=\"ES\" style=\"font-size: 14pt; font-family: arial, helvetica, sans-serif;\">En este sentido, el Gobierno de Culiac\u00e1n continuar\u00e1 realizando acciones de este tipo en otras vialidades que as\u00ed lo requieran, pues la instrucci\u00f3n del alcalde Lic. Jes\u00fas Estrada Ferreiro, ha sido muy precisa en cuanto a mejorar la infraestructura vial de la ciudad capital.<\/span><\/p>\n<p style=\"text-align: justify;\">&nbsp;<\/p>\n<p style=\"text-align: justify;\">&nbsp;<\/p>\n<p style=\"text-align: justify;\"><span style=\"font-size: 14pt; font-family: arial, helvetica, sans-serif;\">REDACCI\u00d3N\/VISI\u00d3N CIUDADANA.<\/span><\/p>\n","protected":false},"excerpt":{"rendered":"<p>&nbsp; Desde hace algunos d\u00edas los trabajos en la mejora de la carpeta asf\u00e1ltica del distribuidor vial Humaya, realizados por la Unidad de Bacheo, se han desplegado en dicho sector, a trav\u00e9s del riego negro y el sellado de grietas. &nbsp; Fue en la gasa de incorporaci\u00f3n del bulevar Lola Beltr\u00e1n y Jos\u00e9 Lim\u00f3n, donde [&hellip;]<\/p>\n","protected":false},"author":1,"featured_media":1361,"comment_status":"closed","ping_status":"closed","sticky":false,"template":"","format":"standard","meta":{"footnotes":""},"categories":[13],"tags":[],"ppma_author":[31],"class_list":["post-17349","post","type-post","status-publish","format-standard","has-post-thumbnail","hentry","category-locales"],"aioseo_notices":[],"authors":[{"term_id":31,"user_id":1,"is_guest":0,"slug":"ivan3vino","display_name":"Iv\u00e1n Trevi\u00f1o","avatar_url":{"url":"https:\/\/visionciudadana.com.mx\/oficial\/wp-content\/uploads\/2025\/09\/columna-ivan-Trevino.png","url2x":"https:\/\/visionciudadana.com.mx\/oficial\/wp-content\/uploads\/2025\/09\/columna-ivan-Trevino.png"},"0":null,"1":"","2":"","3":"","4":"","5":"","6":"","7":"","8":""}],"_links":{"self":[{"href":"https:\/\/visionciudadana.com.mx\/oficial\/wp-json\/wp\/v2\/posts\/17349","targetHints":{"allow":["GET"]}}],"collection":[{"href":"https:\/\/visionciudadana.com.mx\/oficial\/wp-json\/wp\/v2\/posts"}],"about":[{"href":"https:\/\/visionciudadana.com.mx\/oficial\/wp-json\/wp\/v2\/types\/post"}],"author":[{"embeddable":true,"href":"https:\/\/visionciudadana.com.mx\/oficial\/wp-json\/wp\/v2\/users\/1"}],"replies":[{"embeddable":true,"href":"https:\/\/visionciudadana.com.mx\/oficial\/wp-json\/wp\/v2\/comments?post=17349"}],"version-history":[{"count":1,"href":"https:\/\/visionciudadana.com.mx\/oficial\/wp-json\/wp\/v2\/posts\/17349\/revisions"}],"predecessor-version":[{"id":30749,"href":"https:\/\/visionciudadana.com.mx\/oficial\/wp-json\/wp\/v2\/posts\/17349\/revisions\/30749"}],"wp:featuredmedia":[{"embeddable":true,"href":"https:\/\/visionciudadana.com.mx\/oficial\/wp-json\/wp\/v2\/posts\/1361"}],"wp:attachment":[{"href":"https:\/\/visionciudadana.com.mx\/oficial\/wp-json\/wp\/v2\/media?parent=17349"}],"wp:term":[{"taxonomy":"category","embeddable":true,"href":"https:\/\/visionciudadana.com.mx\/oficial\/wp-json\/wp\/v2\/categories?post=17349"},{"taxonomy":"post_tag","embeddable":true,"href":"https:\/\/visionciudadana.com.mx\/oficial\/wp-json\/wp\/v2\/tags?post=17349"},{"taxonomy":"author","embeddable":true,"href":"https:\/\/visionciudadana.com.mx\/oficial\/wp-json\/wp\/v2\/ppma_author?post=17349"}],"curies":[{"name":"wp","href":"https:\/\/api.w.org\/{rel}","templated":true}]}}