{"id":17348,"date":"2021-08-05T01:22:37","date_gmt":"2021-08-05T01:22:37","guid":{"rendered":"https:\/\/visionciudadana.com.mx\/chio\/2021\/08\/05\/isabel-mendoza-entrega-equipamiento-a-brigadas-forestales-de-cosala\/"},"modified":"2025-06-25T00:11:45","modified_gmt":"2025-06-25T00:11:45","slug":"isabel-mendoza-entrega-equipamiento-a-brigadas-forestales-de-cosala","status":"publish","type":"post","link":"https:\/\/visionciudadana.com.mx\/oficial\/2021\/08\/05\/isabel-mendoza-entrega-equipamiento-a-brigadas-forestales-de-cosala\/","title":{"rendered":"Isabel Mendoza entrega equipamiento a brigadas forestales de Cosal\u00e1"},"content":{"rendered":"<p class=\"x_MsoNormal\" style=\"text-align: justify;\" align=\"center\">&nbsp;<\/p>\n<p style=\"text-align: justify;\"><img fetchpriority=\"high\" decoding=\"async\" src=\"images\/2021\/julio21\/agosto21\/isabel.jpg\" alt=\"isabel\" width=\"720\" height=\"480\" style=\"display: block; margin: 20px auto;\" \/><\/p>\n<p class=\"x_MsoNormal\" style=\"text-align: justify;\"><span style=\"font-size: 14pt; font-family: arial, helvetica, sans-serif;\">La secretaria de Desarrollo Sustentable, Isabel Mendoza Camacho, visit\u00f3 la comunidad de La Tasajera para entregar herramienta y vestimenta especializada a los brigadistas forestales que tienen su campamento asentado en esa zona serrana del municipio.<\/span><\/p>\n<p style=\"text-align: justify;\">&nbsp;<\/p>\n<p class=\"x_MsoNormal\" style=\"text-align: justify;\"><span style=\"font-size: 14pt; font-family: arial, helvetica, sans-serif;\">La titular de la SEDESU se\u00f1al\u00f3 que el gobierno de Quirino Ordaz Coppel prioriza la prevenci\u00f3n y atenci\u00f3n oportuna de siniestros por fuego, para lo cual se han destinado m\u00e1s de 18 millones de pesos desde el 2017 a la fecha \u00abustedes como combatientes son los h\u00e9roes de nuestros bosques, tienen todo nuestro apoyo y reconocimiento por la labor que desempe\u00f1an\u00bb.<\/span><\/p>\n<p style=\"text-align: justify;\">&nbsp;<\/p>\n<p class=\"x_MsoNormal\" style=\"text-align: justify;\"><span style=\"font-size: 14pt; font-family: arial, helvetica, sans-serif;\">Acompa\u00f1ada del subsecretario de Medio Ambiente, Tesemi Avenda\u00f1o, destac\u00f3 que este 2021 las tareas preventivas se adelantaron por parte de los brigadistas con la apertura de brechas cortafuegos para proteger la amplia variedad de especies forestales, incluso end\u00e9micas que tiene Sinaloa.<\/span><\/p>\n<p style=\"text-align: justify;\">&nbsp;<\/p>\n<p class=\"x_MsoNormal\" style=\"text-align: justify;\"><span style=\"font-size: 14pt; font-family: arial, helvetica, sans-serif;\">Detall\u00f3 que en la temporada de incendios 2021 se registraron 23 siniestros en siete municipios, con una afectaci\u00f3n de m\u00e1s de 2 mil 784 hect\u00e1reas; mientras que en 2020 ocurrieron 23 incendios en seis municipios mil 543 hect\u00e1reas siniestradas.<\/span><\/p>\n<p style=\"text-align: justify;\">&nbsp;<\/p>\n<p style=\"text-align: justify;\">&nbsp;<\/p>\n<p style=\"text-align: justify;\"><span style=\"font-size: 14pt; font-family: arial, helvetica, sans-serif;\">REDACCI\u00d3N\/VISI\u00d3N CIUDADANA.<\/span><\/p>\n","protected":false},"excerpt":{"rendered":"<p>&nbsp; La secretaria de Desarrollo Sustentable, Isabel Mendoza Camacho, visit\u00f3 la comunidad de La Tasajera para entregar herramienta y vestimenta especializada a los brigadistas forestales que tienen su campamento asentado en esa zona serrana del municipio. &nbsp; La titular de la SEDESU se\u00f1al\u00f3 que el gobierno de Quirino Ordaz Coppel prioriza la prevenci\u00f3n y atenci\u00f3n [&hellip;]<\/p>\n","protected":false},"author":1,"featured_media":1359,"comment_status":"closed","ping_status":"closed","sticky":false,"template":"","format":"standard","meta":{"footnotes":""},"categories":[13],"tags":[],"ppma_author":[31],"class_list":["post-17348","post","type-post","status-publish","format-standard","has-post-thumbnail","hentry","category-locales"],"aioseo_notices":[],"authors":[{"term_id":31,"user_id":1,"is_guest":0,"slug":"ivan3vino","display_name":"Iv\u00e1n Trevi\u00f1o","avatar_url":{"url":"https:\/\/visionciudadana.com.mx\/oficial\/wp-content\/uploads\/2025\/09\/columna-ivan-Trevino.png","url2x":"https:\/\/visionciudadana.com.mx\/oficial\/wp-content\/uploads\/2025\/09\/columna-ivan-Trevino.png"},"0":null,"1":"","2":"","3":"","4":"","5":"","6":"","7":"","8":""}],"_links":{"self":[{"href":"https:\/\/visionciudadana.com.mx\/oficial\/wp-json\/wp\/v2\/posts\/17348","targetHints":{"allow":["GET"]}}],"collection":[{"href":"https:\/\/visionciudadana.com.mx\/oficial\/wp-json\/wp\/v2\/posts"}],"about":[{"href":"https:\/\/visionciudadana.com.mx\/oficial\/wp-json\/wp\/v2\/types\/post"}],"author":[{"embeddable":true,"href":"https:\/\/visionciudadana.com.mx\/oficial\/wp-json\/wp\/v2\/users\/1"}],"replies":[{"embeddable":true,"href":"https:\/\/visionciudadana.com.mx\/oficial\/wp-json\/wp\/v2\/comments?post=17348"}],"version-history":[{"count":1,"href":"https:\/\/visionciudadana.com.mx\/oficial\/wp-json\/wp\/v2\/posts\/17348\/revisions"}],"predecessor-version":[{"id":30750,"href":"https:\/\/visionciudadana.com.mx\/oficial\/wp-json\/wp\/v2\/posts\/17348\/revisions\/30750"}],"wp:featuredmedia":[{"embeddable":true,"href":"https:\/\/visionciudadana.com.mx\/oficial\/wp-json\/wp\/v2\/posts\/1359"}],"wp:attachment":[{"href":"https:\/\/visionciudadana.com.mx\/oficial\/wp-json\/wp\/v2\/media?parent=17348"}],"wp:term":[{"taxonomy":"category","embeddable":true,"href":"https:\/\/visionciudadana.com.mx\/oficial\/wp-json\/wp\/v2\/categories?post=17348"},{"taxonomy":"post_tag","embeddable":true,"href":"https:\/\/visionciudadana.com.mx\/oficial\/wp-json\/wp\/v2\/tags?post=17348"},{"taxonomy":"author","embeddable":true,"href":"https:\/\/visionciudadana.com.mx\/oficial\/wp-json\/wp\/v2\/ppma_author?post=17348"}],"curies":[{"name":"wp","href":"https:\/\/api.w.org\/{rel}","templated":true}]}}