{"id":17347,"date":"2021-08-05T01:19:23","date_gmt":"2021-08-05T01:19:23","guid":{"rendered":"https:\/\/visionciudadana.com.mx\/chio\/2021\/08\/05\/concluye-al-100-por-ciento-la-reparacion-del-barandal-en-arroyo-pluvial-de-alturas-del-sur\/"},"modified":"2025-06-25T00:11:45","modified_gmt":"2025-06-25T00:11:45","slug":"concluye-al-100-por-ciento-la-reparacion-del-barandal-en-arroyo-pluvial-de-alturas-del-sur","status":"publish","type":"post","link":"https:\/\/visionciudadana.com.mx\/oficial\/2021\/08\/05\/concluye-al-100-por-ciento-la-reparacion-del-barandal-en-arroyo-pluvial-de-alturas-del-sur\/","title":{"rendered":"Concluye al 100 por ciento la reparaci\u00f3n del barandal en arroyo pluvial de Alturas del Sur"},"content":{"rendered":"<p style=\"text-align: justify;\">&nbsp;<\/p>\n<p style=\"text-align: justify;\"><img fetchpriority=\"high\" decoding=\"async\" src=\"images\/2021\/julio21\/agosto21\/concluye.jpg\" alt=\"concluye\" width=\"720\" height=\"480\" style=\"display: block; margin: 20px auto;\" \/><\/p>\n<p class=\"x_MsoNormal\" style=\"text-align: justify;\"><span lang=\"ES\" style=\"font-size: 14pt; font-family: arial, helvetica, sans-serif;\">Tras el inicio de la temporada de lluvias existen algunas zonas de la ciudad que han requerido un poco m\u00e1s de atenci\u00f3n, es por ello, que las brigadas de mantenimiento del Gobierno de Culiac\u00e1n, arribaron en esta ocasi\u00f3n hasta el fraccionamiento Alturas del Sur.<\/span><\/p>\n<p style=\"text-align: justify;\">&nbsp;<\/p>\n<p class=\"x_MsoNormal\" style=\"text-align: justify;\"><span lang=\"ES\" style=\"font-size: 14pt; font-family: arial, helvetica, sans-serif;\">Sobre el bulevar Juan Manuel Ley Fong, se presenta un cauce pluvial que ya ameritaba atenci\u00f3n inmediata, puesto que el barandal colocado en el borde requer\u00eda de algunas reparaciones para continuar con su vida \u00fatil.<\/span><\/p>\n<p style=\"text-align: justify;\">&nbsp;<\/p>\n<p class=\"x_MsoNormal\" style=\"text-align: justify;\"><span lang=\"ES\" style=\"font-size: 14pt; font-family: arial, helvetica, sans-serif;\">En atenci\u00f3n a ello, personal de la comuna acudi\u00f3 hasta el sitio y el d\u00eda de hoy dichas labores concluyeron al 100 por ciento, obteniendo como resultado una zona segura tanto para peatones, como para automovilistas.<\/span><\/p>\n<p style=\"text-align: justify;\">&nbsp;<\/p>\n<p class=\"x_MsoNormal\" style=\"text-align: justify;\"><span lang=\"ES\" style=\"font-size: 14pt; font-family: arial, helvetica, sans-serif;\">Los trabajos de mejora en la infraestructura urbana de cara a la temporada de lluvias, son uno de los ejes prioritarios de la administraci\u00f3n del alcalde Lic. Jes\u00fas Estrada Ferreiro, pues garantizar la seguridad ciudadana es esencial para la construcci\u00f3n de una sociedad en condiciones de bienestar.<\/span><\/p>\n<p style=\"text-align: justify;\">&nbsp;<\/p>\n<p style=\"text-align: justify;\">&nbsp;<\/p>\n<p style=\"text-align: justify;\"><span style=\"font-size: 14pt; font-family: arial, helvetica, sans-serif;\">REDACCI\u00d3N\/VISI\u00d3N CIUDADANA.<\/span><\/p>\n","protected":false},"excerpt":{"rendered":"<p>&nbsp; Tras el inicio de la temporada de lluvias existen algunas zonas de la ciudad que han requerido un poco m\u00e1s de atenci\u00f3n, es por ello, que las brigadas de mantenimiento del Gobierno de Culiac\u00e1n, arribaron en esta ocasi\u00f3n hasta el fraccionamiento Alturas del Sur. &nbsp; Sobre el bulevar Juan Manuel Ley Fong, se presenta [&hellip;]<\/p>\n","protected":false},"author":1,"featured_media":1357,"comment_status":"closed","ping_status":"closed","sticky":false,"template":"","format":"standard","meta":{"footnotes":""},"categories":[13],"tags":[],"ppma_author":[31],"class_list":["post-17347","post","type-post","status-publish","format-standard","has-post-thumbnail","hentry","category-locales"],"aioseo_notices":[],"authors":[{"term_id":31,"user_id":1,"is_guest":0,"slug":"ivan3vino","display_name":"Iv\u00e1n Trevi\u00f1o","avatar_url":{"url":"https:\/\/visionciudadana.com.mx\/oficial\/wp-content\/uploads\/2025\/09\/columna-ivan-Trevino.png","url2x":"https:\/\/visionciudadana.com.mx\/oficial\/wp-content\/uploads\/2025\/09\/columna-ivan-Trevino.png"},"0":null,"1":"","2":"","3":"","4":"","5":"","6":"","7":"","8":""}],"_links":{"self":[{"href":"https:\/\/visionciudadana.com.mx\/oficial\/wp-json\/wp\/v2\/posts\/17347","targetHints":{"allow":["GET"]}}],"collection":[{"href":"https:\/\/visionciudadana.com.mx\/oficial\/wp-json\/wp\/v2\/posts"}],"about":[{"href":"https:\/\/visionciudadana.com.mx\/oficial\/wp-json\/wp\/v2\/types\/post"}],"author":[{"embeddable":true,"href":"https:\/\/visionciudadana.com.mx\/oficial\/wp-json\/wp\/v2\/users\/1"}],"replies":[{"embeddable":true,"href":"https:\/\/visionciudadana.com.mx\/oficial\/wp-json\/wp\/v2\/comments?post=17347"}],"version-history":[{"count":1,"href":"https:\/\/visionciudadana.com.mx\/oficial\/wp-json\/wp\/v2\/posts\/17347\/revisions"}],"predecessor-version":[{"id":30751,"href":"https:\/\/visionciudadana.com.mx\/oficial\/wp-json\/wp\/v2\/posts\/17347\/revisions\/30751"}],"wp:featuredmedia":[{"embeddable":true,"href":"https:\/\/visionciudadana.com.mx\/oficial\/wp-json\/wp\/v2\/posts\/1357"}],"wp:attachment":[{"href":"https:\/\/visionciudadana.com.mx\/oficial\/wp-json\/wp\/v2\/media?parent=17347"}],"wp:term":[{"taxonomy":"category","embeddable":true,"href":"https:\/\/visionciudadana.com.mx\/oficial\/wp-json\/wp\/v2\/categories?post=17347"},{"taxonomy":"post_tag","embeddable":true,"href":"https:\/\/visionciudadana.com.mx\/oficial\/wp-json\/wp\/v2\/tags?post=17347"},{"taxonomy":"author","embeddable":true,"href":"https:\/\/visionciudadana.com.mx\/oficial\/wp-json\/wp\/v2\/ppma_author?post=17347"}],"curies":[{"name":"wp","href":"https:\/\/api.w.org\/{rel}","templated":true}]}}