{"id":17346,"date":"2021-08-05T01:14:37","date_gmt":"2021-08-05T01:14:37","guid":{"rendered":"https:\/\/visionciudadana.com.mx\/chio\/2021\/08\/05\/con-nueva-remesa-de-vacunas-astrazeneca-se-cubre-las-metas-planteadas-a-la-poblacion\/"},"modified":"2025-06-25T00:11:45","modified_gmt":"2025-06-25T00:11:45","slug":"con-nueva-remesa-de-vacunas-astrazeneca-se-cubre-las-metas-planteadas-a-la-poblacion","status":"publish","type":"post","link":"https:\/\/visionciudadana.com.mx\/oficial\/2021\/08\/05\/con-nueva-remesa-de-vacunas-astrazeneca-se-cubre-las-metas-planteadas-a-la-poblacion\/","title":{"rendered":"Con nueva remesa de vacunas Astrazeneca se cubre las metas planteadas a la poblaci\u00f3n"},"content":{"rendered":"<p><img fetchpriority=\"high\" decoding=\"async\" src=\"images\/2021\/julio21\/agosto21\/remesa.jpg\" alt=\"remesa\" width=\"720\" height=\"480\" style=\"display: block; margin: 20px auto;\" \/><\/p>\n<p>&nbsp;<\/p>\n<p class=\"x_MsoNormal\" style=\"text-align: justify;\"><span style=\"font-size: 14pt; font-family: arial, helvetica, sans-serif;\">El Comando Estatal de Vacunaci\u00f3n recibi\u00f3 el d\u00eda de hoy 73 mil 100 dosis de la vacuna de AstraZeneca para ser distribuida en los municipios de Angostura, Guasave y Mocorito y ser aplicadas en su primera dosis a la poblaci\u00f3n de 18 a\u00f1os y m\u00e1s, asimismo se complementar\u00e1 segundas dosis en el municipio de Sinaloa en los rangos de 50-59 y 40-49 a\u00f1os de edad.<\/span><\/p>\n<p style=\"text-align: justify;\">&nbsp;<\/p>\n<p class=\"x_MsoNormal\" style=\"text-align: justify;\"><span style=\"font-size: 14pt; font-family: arial, helvetica, sans-serif;\">El Secretario de Salud de Sinaloa, Dr. Efr\u00e9n Encinas Torres, asegur\u00f3 que al iniciar el proceso de vacunaci\u00f3n a los sinaloenses de 18 a\u00f1os en adelante, en estos tres municipios, se cumple con el compromiso planteado por el Gobierno del Estado y proteger tambi\u00e9n a los m\u00e1s j\u00f3venes de la entidad.<\/span><\/p>\n<p style=\"text-align: justify;\">&nbsp;<\/p>\n<p class=\"x_MsoNormal\" style=\"text-align: justify;\"><span style=\"font-size: 14pt; font-family: arial, helvetica, sans-serif;\">\u201cEstamos en las instalaciones de la Unidad de Medicina Familiar del IMSS No. 35 aqu\u00ed en Culiac\u00e1n todo el Comando Estatal de Vacunaci\u00f3n anti COVID recibiendo el d\u00eda de hoy 73 mil 100 dosis de la vacuna de AstraZeneca, mismas que van a ser distribuidas para los municipios de Angostura, Guasave y Mocorito para iniciar primeras dosis de 18 a\u00f1os y m\u00e1s; as\u00ed tambi\u00e9n complementar segundas dosis en el municipio de Sinaloa para personas de 40-49 y 50-59 a\u00f1os de edad, con ello, esta distribuci\u00f3n que se hace para 18 a\u00f1os pr\u00e1cticamente se cubre las metas planteadas en todo el estado de nuestra poblaci\u00f3n joven de Sinaloa\u201d, detall\u00f3.<\/span><\/p>\n<p style=\"text-align: justify;\">&nbsp;<\/p>\n<p class=\"x_MsoNormal\" style=\"text-align: justify;\"><span style=\"font-size: 14pt; font-family: arial, helvetica, sans-serif;\">Los calendarios de vacunaci\u00f3n ser\u00e1n dados a conocer en los pr\u00f3ximos d\u00edas por los medios oficiales de la Secretar\u00eda de Salud y Delegaci\u00f3n de Bienestar en Sinaloa, por lo que se pide a los interesados estar atentos y acudir con la documentaci\u00f3n solicitada.<\/span><\/p>\n<p style=\"text-align: justify;\">&nbsp;<\/p>\n<p class=\"x_MsoNormal\" style=\"text-align: justify;\"><span style=\"font-size: 14pt; font-family: arial, helvetica, sans-serif;\">Recalc\u00f3 que se mantiene de manera importante que las medidas de prevenci\u00f3n aunadas a la vacuna son fundamentales, no se debe bajar la guardia para salir adelante.<\/span><\/p>\n<p style=\"text-align: justify;\">&nbsp;<\/p>\n<p class=\"x_MsoNormal\" style=\"text-align: justify;\"><span style=\"font-size: 14pt; font-family: arial, helvetica, sans-serif;\">Acompa\u00f1aron al Secretario de Salud la Dra. Tania Medina, enlace de la Brigada Correcaminos y titular del IMSS en Sinaloa, as\u00ed como representantes de la Universidad Aut\u00f3noma de Sinaloa, de la Delegaci\u00f3n de Bienestar, Delegaci\u00f3n del ISSSTE y de las&nbsp; Fuerzas Armadas, todos unidos como el Comando Estatal de Vacunaci\u00f3n.<\/span><\/p>\n<p style=\"text-align: justify;\">&nbsp;<\/p>\n<p style=\"text-align: justify;\">&nbsp;<\/p>\n<p style=\"text-align: justify;\"><span style=\"font-size: 14pt; font-family: arial, helvetica, sans-serif;\">REDACCI\u00d3N\/VISI\u00d3N CIUDADANA.<\/span><\/p>\n","protected":false},"excerpt":{"rendered":"<p>&nbsp; El Comando Estatal de Vacunaci\u00f3n recibi\u00f3 el d\u00eda de hoy 73 mil 100 dosis de la vacuna de AstraZeneca para ser distribuida en los municipios de Angostura, Guasave y Mocorito y ser aplicadas en su primera dosis a la poblaci\u00f3n de 18 a\u00f1os y m\u00e1s, asimismo se complementar\u00e1 segundas dosis en el municipio de [&hellip;]<\/p>\n","protected":false},"author":1,"featured_media":1355,"comment_status":"closed","ping_status":"closed","sticky":false,"template":"","format":"standard","meta":{"footnotes":""},"categories":[13],"tags":[],"ppma_author":[31],"class_list":["post-17346","post","type-post","status-publish","format-standard","has-post-thumbnail","hentry","category-locales"],"aioseo_notices":[],"authors":[{"term_id":31,"user_id":1,"is_guest":0,"slug":"ivan3vino","display_name":"Iv\u00e1n Trevi\u00f1o","avatar_url":{"url":"https:\/\/visionciudadana.com.mx\/oficial\/wp-content\/uploads\/2025\/09\/columna-ivan-Trevino.png","url2x":"https:\/\/visionciudadana.com.mx\/oficial\/wp-content\/uploads\/2025\/09\/columna-ivan-Trevino.png"},"0":null,"1":"","2":"","3":"","4":"","5":"","6":"","7":"","8":""}],"_links":{"self":[{"href":"https:\/\/visionciudadana.com.mx\/oficial\/wp-json\/wp\/v2\/posts\/17346","targetHints":{"allow":["GET"]}}],"collection":[{"href":"https:\/\/visionciudadana.com.mx\/oficial\/wp-json\/wp\/v2\/posts"}],"about":[{"href":"https:\/\/visionciudadana.com.mx\/oficial\/wp-json\/wp\/v2\/types\/post"}],"author":[{"embeddable":true,"href":"https:\/\/visionciudadana.com.mx\/oficial\/wp-json\/wp\/v2\/users\/1"}],"replies":[{"embeddable":true,"href":"https:\/\/visionciudadana.com.mx\/oficial\/wp-json\/wp\/v2\/comments?post=17346"}],"version-history":[{"count":1,"href":"https:\/\/visionciudadana.com.mx\/oficial\/wp-json\/wp\/v2\/posts\/17346\/revisions"}],"predecessor-version":[{"id":30752,"href":"https:\/\/visionciudadana.com.mx\/oficial\/wp-json\/wp\/v2\/posts\/17346\/revisions\/30752"}],"wp:featuredmedia":[{"embeddable":true,"href":"https:\/\/visionciudadana.com.mx\/oficial\/wp-json\/wp\/v2\/posts\/1355"}],"wp:attachment":[{"href":"https:\/\/visionciudadana.com.mx\/oficial\/wp-json\/wp\/v2\/media?parent=17346"}],"wp:term":[{"taxonomy":"category","embeddable":true,"href":"https:\/\/visionciudadana.com.mx\/oficial\/wp-json\/wp\/v2\/categories?post=17346"},{"taxonomy":"post_tag","embeddable":true,"href":"https:\/\/visionciudadana.com.mx\/oficial\/wp-json\/wp\/v2\/tags?post=17346"},{"taxonomy":"author","embeddable":true,"href":"https:\/\/visionciudadana.com.mx\/oficial\/wp-json\/wp\/v2\/ppma_author?post=17346"}],"curies":[{"name":"wp","href":"https:\/\/api.w.org\/{rel}","templated":true}]}}