{"id":17345,"date":"2021-08-05T01:10:39","date_gmt":"2021-08-05T01:10:39","guid":{"rendered":"https:\/\/visionciudadana.com.mx\/chio\/2021\/08\/05\/dan-a-conocer-el-programa-ellas-emprenden\/"},"modified":"2025-06-25T00:11:45","modified_gmt":"2025-06-25T00:11:45","slug":"dan-a-conocer-el-programa-ellas-emprenden","status":"publish","type":"post","link":"https:\/\/visionciudadana.com.mx\/oficial\/2021\/08\/05\/dan-a-conocer-el-programa-ellas-emprenden\/","title":{"rendered":"Dan a conocer el programa \u201cEllas Emprenden\u201d"},"content":{"rendered":"<p>&nbsp;<\/p>\n<p><img fetchpriority=\"high\" decoding=\"async\" src=\"images\/2021\/julio21\/agosto21\/ellas.jpg\" alt=\"ellas\" width=\"720\" height=\"480\" style=\"display: block; margin: 20px auto;\" \/><\/p>\n<p class=\"x_MsoNormal\" style=\"text-align: justify;\"><span style=\"font-size: 14pt; font-family: arial, helvetica, sans-serif;\">El Gobierno de Sinaloa a trav\u00e9s de la Secretar\u00eda de Econom\u00eda dio a conocer el programa \u201cEllas Emprenden\u201d, dirigido a mujeres y mediante el cual se brindar\u00e1&nbsp; capacitaci\u00f3n intensiva para emprendedoras, orientado al empoderamiento, fortalecimiento de capacidades y aplicaci\u00f3n de herramientas que les permitan consolidar sus proyectos y elevar sus ventas.<\/span><\/p>\n<p style=\"text-align: justify;\">&nbsp;<\/p>\n<p class=\"x_MsoNormal\" style=\"text-align: justify;\"><span style=\"font-size: 14pt; font-family: arial, helvetica, sans-serif;\">En su mensaje el Secretario de&nbsp; Econom\u00eda, Javier Liz\u00e1rraga Mercado, hizo el llamado a utilizar esta herramienta que es el programa \u201cEllas Emprenden\u201d.<\/span><\/p>\n<p style=\"text-align: justify;\">&nbsp;<\/p>\n<p class=\"x_MsoNormal\" style=\"text-align: justify;\"><span style=\"font-size: 14pt; font-family: arial, helvetica, sans-serif;\">\u201cUtilicen esta herramienta lo que queremos es que salgan adelante. En el Gobierno de Quirino Ordaz Coppel queremos que se recuperen y le entren a la formalidad, aprovechar estas ocho semanas, y a seguirse capacitando\u201d, destac\u00f3.<\/span><\/p>\n<p style=\"text-align: justify;\">&nbsp;<\/p>\n<p class=\"x_MsoNormal\" style=\"text-align: justify;\"><span style=\"font-size: 14pt; font-family: arial, helvetica, sans-serif;\">Exhort\u00f3 a los empresarios y empresarias a seguir aplicando el PASE (Protocolo de Atenci\u00f3n y Sanidad en Empresas) en sus negocios y establecimientos, es importante, porque se ofrece confianza hacia los colaboradores y clientes que visitan las empresas.<\/span><\/p>\n<p style=\"text-align: justify;\">&nbsp;<\/p>\n<p class=\"x_MsoNormal\" style=\"text-align: justify;\"><span style=\"font-size: 14pt; font-family: arial, helvetica, sans-serif;\">El programa se desarrollar\u00e1 en ocho semanas de duraci\u00f3n, 48 horas de capacitaci\u00f3n. Iniciar\u00e1 el 9 agosto, culminar\u00e1 el 4 octubre, tendr\u00e1 6 m\u00f3dulos (24 sesiones), 8 conferencias magnas, 16 talleres sesiones h\u00edbridas y ser\u00e1 gratuito, la agenda ser\u00e1 semanal y se tendr\u00e1n sesiones los d\u00edas lunes, martes y jueves en un horario de 10:00 am a 12:00 pm, ser\u00e1n virtuales v\u00eda zoom y presenciales.<\/span><\/p>\n<p style=\"text-align: justify;\">&nbsp;<\/p>\n<p class=\"x_MsoNormal\" style=\"text-align: justify;\"><span style=\"font-size: 14pt; font-family: arial, helvetica, sans-serif;\">\u201cEllas Emprenden\u201d estar\u00e1 compuesto por: M\u00f3dulo 1: Primeros pasos en el emprendimiento, M\u00f3dulo 2: Mi Modelo de Negocios, M\u00f3dulo 3: Mercadotecnia y Ventas, M\u00f3dulo 4: Herramientas de Gesti\u00f3n y Administraci\u00f3n, M\u00f3dulo 5: De Contadores y Abogados y M\u00f3dulo 6: Sororidad empresarial.<\/span><\/p>\n<p style=\"text-align: justify;\">&nbsp;<\/p>\n<p class=\"x_MsoNormal\" style=\"text-align: justify;\"><span style=\"font-size: 14pt; font-family: arial, helvetica, sans-serif;\">El desarrollo de las sesiones ser\u00e1n los lunes 100% digital, masiva v\u00eda zoom, los d\u00edas martes y jueves con sesiones h\u00edbridas mediante talleres presenciales con ambiente controlado con m\u00e1ximo de 25 asistentes en instalaciones de c\u00e1maras y organismos empresariales, ser\u00e1 necesario acudir con cubrebocas, vacunaci\u00f3n covid19 y respetar protocolos sanitarios, se tendr\u00e1 la opci\u00f3n digital transmisi\u00f3n v\u00eda zoom.&nbsp;<\/span><\/p>\n<p style=\"text-align: justify;\">&nbsp;<\/p>\n<p class=\"x_MsoNormal\" style=\"text-align: justify;\"><span style=\"font-size: 14pt; font-family: arial, helvetica, sans-serif;\">De igual forma se tendr\u00e1 la disponibilidad de las Aldeas Digitales, que ser\u00e1n sedes elegidas por la Secretar\u00eda de Econom\u00eda en los municipios con un facilitador que oriente las preguntas para las&nbsp;emprendedoras que no tengan acceso a internet.<\/span><\/p>\n<p style=\"text-align: justify;\">&nbsp;<\/p>\n<p class=\"x_MsoNormal\" style=\"text-align: justify;\"><span style=\"font-size: 14pt; font-family: arial, helvetica, sans-serif;\">Los requisitos para participar en el programa \u201cEllas Emprenden\u201d son: 1. Registrarse en el programa, 2. Mujer sinaloense mayor de 18 a\u00f1os, 3. Contar con un emprendimiento (formal o informal)<\/span><\/p>\n<p style=\"text-align: justify;\">&nbsp;<\/p>\n<p class=\"x_MsoNormal\" style=\"text-align: justify;\"><span style=\"font-size: 14pt; font-family: arial, helvetica, sans-serif;\">El registro para el programa es la link:&nbsp;<span class=\"x_gmail-MsoHyperlink\"><a href=\"https:\/\/bit.ly\/ELLASEMPRENDEN\" target=\"_blank\" rel=\"noopener noreferrer\" data-auth=\"NotApplicable\" data-linkindex=\"0\"><\/a><a href=\"https:\/\/bit.ly\/ELLASEMPRENDEN\">https:\/\/bit.ly\/ELLASEMPRENDEN<\/a><\/span>&nbsp;y el tel\u00e9fono para solicitar informaci\u00f3n es: 667 75870 00 ext. 2963.<\/span><\/p>\n<p style=\"text-align: justify;\">&nbsp;<\/p>\n<p class=\"x_MsoNormal\" style=\"text-align: justify;\"><span style=\"font-size: 14pt; font-family: arial, helvetica, sans-serif;\">En su mensaje la Subsecretaria de Desarrollo Econ\u00f3mico,&nbsp; Morayma Yaseen Campomanes, dijo que la finalidad del programa \u201cEllas Emprenden\u201d es que las mujeres emprendedores incrementen sus ventas y que la meta es impactar con las capacitaciones y talleres a 250 mujeres.<\/span><\/p>\n<p style=\"text-align: justify;\">&nbsp;<\/p>\n<p class=\"x_MsoNormal\" style=\"text-align: justify;\"><span style=\"font-size: 14pt; font-family: arial, helvetica, sans-serif;\">Francisco L\u00f3pez Cira, presidente de Sonar A.C y mentor, coment\u00f3 que en este programa de capacitaci\u00f3n a mujeres se trabaj\u00f3 con organismos y asociaciones en los temas de g\u00e9nero y emprendimientos con mujeres.<\/span><\/p>\n<p style=\"text-align: justify;\">&nbsp;<\/p>\n<p class=\"x_MsoNormal\" style=\"text-align: justify;\"><span style=\"font-size: 14pt; font-family: arial, helvetica, sans-serif;\">Inform\u00f3 que el 50 % de los talleres ser\u00e1n impartidos por mujeres asi como 20 sesiones de mentor\u00eda de dos horas cada una.<\/span><\/p>\n<p style=\"text-align: justify;\">&nbsp;<\/p>\n<p style=\"text-align: justify;\">&nbsp;<\/p>\n<p style=\"text-align: justify;\"><span style=\"font-size: 14pt; font-family: arial, helvetica, sans-serif;\">REDACCI\u00d3N\/VISI\u00d3N CIUDADANA.<\/span><\/p>\n","protected":false},"excerpt":{"rendered":"<p>&nbsp; El Gobierno de Sinaloa a trav\u00e9s de la Secretar\u00eda de Econom\u00eda dio a conocer el programa \u201cEllas Emprenden\u201d, dirigido a mujeres y mediante el cual se brindar\u00e1&nbsp; capacitaci\u00f3n intensiva para emprendedoras, orientado al empoderamiento, fortalecimiento de capacidades y aplicaci\u00f3n de herramientas que les permitan consolidar sus proyectos y elevar sus ventas. &nbsp; En su [&hellip;]<\/p>\n","protected":false},"author":1,"featured_media":1353,"comment_status":"closed","ping_status":"closed","sticky":false,"template":"","format":"standard","meta":{"footnotes":""},"categories":[24],"tags":[],"ppma_author":[31],"class_list":["post-17345","post","type-post","status-publish","format-standard","has-post-thumbnail","hentry","category-relevantes"],"aioseo_notices":[],"authors":[{"term_id":31,"user_id":1,"is_guest":0,"slug":"ivan3vino","display_name":"Iv\u00e1n Trevi\u00f1o","avatar_url":{"url":"https:\/\/visionciudadana.com.mx\/oficial\/wp-content\/uploads\/2025\/09\/columna-ivan-Trevino.png","url2x":"https:\/\/visionciudadana.com.mx\/oficial\/wp-content\/uploads\/2025\/09\/columna-ivan-Trevino.png"},"0":null,"1":"","2":"","3":"","4":"","5":"","6":"","7":"","8":""}],"_links":{"self":[{"href":"https:\/\/visionciudadana.com.mx\/oficial\/wp-json\/wp\/v2\/posts\/17345","targetHints":{"allow":["GET"]}}],"collection":[{"href":"https:\/\/visionciudadana.com.mx\/oficial\/wp-json\/wp\/v2\/posts"}],"about":[{"href":"https:\/\/visionciudadana.com.mx\/oficial\/wp-json\/wp\/v2\/types\/post"}],"author":[{"embeddable":true,"href":"https:\/\/visionciudadana.com.mx\/oficial\/wp-json\/wp\/v2\/users\/1"}],"replies":[{"embeddable":true,"href":"https:\/\/visionciudadana.com.mx\/oficial\/wp-json\/wp\/v2\/comments?post=17345"}],"version-history":[{"count":1,"href":"https:\/\/visionciudadana.com.mx\/oficial\/wp-json\/wp\/v2\/posts\/17345\/revisions"}],"predecessor-version":[{"id":30753,"href":"https:\/\/visionciudadana.com.mx\/oficial\/wp-json\/wp\/v2\/posts\/17345\/revisions\/30753"}],"wp:featuredmedia":[{"embeddable":true,"href":"https:\/\/visionciudadana.com.mx\/oficial\/wp-json\/wp\/v2\/posts\/1353"}],"wp:attachment":[{"href":"https:\/\/visionciudadana.com.mx\/oficial\/wp-json\/wp\/v2\/media?parent=17345"}],"wp:term":[{"taxonomy":"category","embeddable":true,"href":"https:\/\/visionciudadana.com.mx\/oficial\/wp-json\/wp\/v2\/categories?post=17345"},{"taxonomy":"post_tag","embeddable":true,"href":"https:\/\/visionciudadana.com.mx\/oficial\/wp-json\/wp\/v2\/tags?post=17345"},{"taxonomy":"author","embeddable":true,"href":"https:\/\/visionciudadana.com.mx\/oficial\/wp-json\/wp\/v2\/ppma_author?post=17345"}],"curies":[{"name":"wp","href":"https:\/\/api.w.org\/{rel}","templated":true}]}}