{"id":17344,"date":"2021-08-05T01:05:58","date_gmt":"2021-08-05T01:05:58","guid":{"rendered":"https:\/\/visionciudadana.com.mx\/chio\/2021\/08\/05\/el-partido-sinaloense-continua-su-programa-medico-en-linea-atendiendo-centralmente-problemas-de-covid\/"},"modified":"2025-06-25T00:11:45","modified_gmt":"2025-06-25T00:11:45","slug":"el-partido-sinaloense-continua-su-programa-medico-en-linea-atendiendo-centralmente-problemas-de-covid","status":"publish","type":"post","link":"https:\/\/visionciudadana.com.mx\/oficial\/2021\/08\/05\/el-partido-sinaloense-continua-su-programa-medico-en-linea-atendiendo-centralmente-problemas-de-covid\/","title":{"rendered":"El Partido Sinaloense contin\u00faa su programa \u201cM\u00e9dico en L\u00ednea\u201d atendiendo centralmente problemas de COVID."},"content":{"rendered":"<div><img fetchpriority=\"high\" decoding=\"async\" src=\"images\/2021\/julio21\/agosto21\/me\u0301dico_.jpg\" alt=\"me\u0301dico \" width=\"720\" height=\"480\" style=\"display: block; margin: 20px auto;\" \/><\/p>\n<\/div>\n<div style=\"text-align: justify;\"><span style=\"font-size: 14pt; font-family: arial, helvetica, sans-serif;\">Para el presidente del Partido Sinaloense y Qu\u00edmico Farmacobi\u00f3logo de profesi\u00f3n, H\u00e9ctor Melesio Cu\u00e9n Ojeda, los contagios por el virus SARS-CoV2 (COVID) contin\u00faan de manera intensa en Sinaloa y en todo el pa\u00eds, los datos oficiales as\u00ed lo demuestran, es por ello que se recomienda cuidarse, atender el uso del cubrebocas, guardar la sana distancia y sobre todo la vacunaci\u00f3n.<\/span><\/div>\n<div style=\"text-align: justify;\">\n<p><span style=\"font-size: 14pt; font-family: arial, helvetica, sans-serif;\">Desde el inicio de la pandemia he denunciado los errores que se han cometido en el tratamiento de este problema, hoy se corrobora lo anterior, en Sinaloa el \u00edndice de letalidad est\u00e1 entre 14-15, mientras que a nivel nacional se ubica en 8.5, lo anterior significa que, si en nuestra entidad se tuviera la media nacional en muertos por COVID, no hubieran muerto alrededor de 2,000 personas.<\/span><\/div>\n<div style=\"text-align: justify;\">\n<p><span style=\"font-size: 14pt; font-family: arial, helvetica, sans-serif;\">Lo real es que en Sinaloa no hay camas, no hay medicamentos, no hay oxigeno medicinal, lo cual es complementario con la vacunaci\u00f3n. Las autoridades manejan todo lo contrario a lo expresado anteriormente, lo cual relaja a la sociedad. Las mentiras no ayudan.<\/span><\/div>\n<div style=\"text-align: justify;\">\n<p><span style=\"font-size: 14pt; font-family: arial, helvetica, sans-serif;\">Por ello el PAS consolida su programa \u201cEl M\u00e9dico en L\u00ednea\u201d que lo operan 55 doctores con diferentes especialidades, al momento suman alrededor de 44 mil consultas sin cobro alguno, se han surtido miles de rectas, se ha entregado oxigeno medicinal, ox\u00edmetros, se han realizado estudios de rayos X y tomograf\u00edas, esta labor la deber\u00eda estar haciendo el gobierno.<\/span><\/div>\n<div style=\"text-align: justify;\">\n<p><span style=\"font-size: 14pt; font-family: arial, helvetica, sans-serif;\">En otro tema, Cu\u00e9n Ojeda lament\u00f3 que el peri\u00f3dico El Debate publicara este d\u00eda informaci\u00f3n falsa encabezada; \u201cCritican la baja productividad de diputados de la 63 Legislatura\u201d, en donde afirman que la Dip. Ang\u00e9lica D\u00edaz Qui\u00f1onez tiene cero iniciativas presentadas, mientras que es p\u00fablico que el PAS con tan solo una diputada, D\u00edaz Qui\u00f1onez, ha presentado; 321 iniciativas por si sola, 21 en conjunto con la JUCOPO, para un total de 342, de las cuales se han aprobado 38, pero adem\u00e1s ha sustentado en tribuna 206 posicionamientos que significan diversos problemas de la sociedad en conjunto con 12 r\u00e9plicas y 4 puntos de acuerdo.<\/span><\/div>\n<div style=\"text-align: justify;\">\n<p><span style=\"font-size: 14pt; font-family: arial, helvetica, sans-serif;\">Lo anterior coloca a la diputada Ang\u00e9lica D\u00edaz como la m\u00e1s productiva y con ello al Partido Sinaloense, coment\u00f3 H\u00e9ctor Melesio Cu\u00e9n Ojeda.<\/span><\/div>\n<div style=\"text-align: justify;\">&nbsp;<\/div>\n<div style=\"text-align: justify;\">&nbsp;<\/div>\n<div style=\"text-align: justify;\">&nbsp;<\/div>\n<div style=\"text-align: justify;\"><span style=\"font-size: 14pt; font-family: arial, helvetica, sans-serif;\">REDACCI\u00d3N\/VISI\u00d3N CIUDADANA.<\/span><\/div>\n","protected":false},"excerpt":{"rendered":"<p>Para el presidente del Partido Sinaloense y Qu\u00edmico Farmacobi\u00f3logo de profesi\u00f3n, H\u00e9ctor Melesio Cu\u00e9n Ojeda, los contagios por el virus SARS-CoV2 (COVID) contin\u00faan de manera intensa en Sinaloa y en todo el pa\u00eds, los datos oficiales as\u00ed lo demuestran, es por ello que se recomienda cuidarse, atender el uso del cubrebocas, guardar la sana distancia [&hellip;]<\/p>\n","protected":false},"author":1,"featured_media":1351,"comment_status":"closed","ping_status":"closed","sticky":false,"template":"","format":"standard","meta":{"footnotes":""},"categories":[24],"tags":[],"ppma_author":[31],"class_list":["post-17344","post","type-post","status-publish","format-standard","has-post-thumbnail","hentry","category-relevantes"],"aioseo_notices":[],"authors":[{"term_id":31,"user_id":1,"is_guest":0,"slug":"ivan3vino","display_name":"Iv\u00e1n Trevi\u00f1o","avatar_url":{"url":"https:\/\/visionciudadana.com.mx\/oficial\/wp-content\/uploads\/2025\/09\/columna-ivan-Trevino.png","url2x":"https:\/\/visionciudadana.com.mx\/oficial\/wp-content\/uploads\/2025\/09\/columna-ivan-Trevino.png"},"0":null,"1":"","2":"","3":"","4":"","5":"","6":"","7":"","8":""}],"_links":{"self":[{"href":"https:\/\/visionciudadana.com.mx\/oficial\/wp-json\/wp\/v2\/posts\/17344","targetHints":{"allow":["GET"]}}],"collection":[{"href":"https:\/\/visionciudadana.com.mx\/oficial\/wp-json\/wp\/v2\/posts"}],"about":[{"href":"https:\/\/visionciudadana.com.mx\/oficial\/wp-json\/wp\/v2\/types\/post"}],"author":[{"embeddable":true,"href":"https:\/\/visionciudadana.com.mx\/oficial\/wp-json\/wp\/v2\/users\/1"}],"replies":[{"embeddable":true,"href":"https:\/\/visionciudadana.com.mx\/oficial\/wp-json\/wp\/v2\/comments?post=17344"}],"version-history":[{"count":1,"href":"https:\/\/visionciudadana.com.mx\/oficial\/wp-json\/wp\/v2\/posts\/17344\/revisions"}],"predecessor-version":[{"id":30754,"href":"https:\/\/visionciudadana.com.mx\/oficial\/wp-json\/wp\/v2\/posts\/17344\/revisions\/30754"}],"wp:featuredmedia":[{"embeddable":true,"href":"https:\/\/visionciudadana.com.mx\/oficial\/wp-json\/wp\/v2\/posts\/1351"}],"wp:attachment":[{"href":"https:\/\/visionciudadana.com.mx\/oficial\/wp-json\/wp\/v2\/media?parent=17344"}],"wp:term":[{"taxonomy":"category","embeddable":true,"href":"https:\/\/visionciudadana.com.mx\/oficial\/wp-json\/wp\/v2\/categories?post=17344"},{"taxonomy":"post_tag","embeddable":true,"href":"https:\/\/visionciudadana.com.mx\/oficial\/wp-json\/wp\/v2\/tags?post=17344"},{"taxonomy":"author","embeddable":true,"href":"https:\/\/visionciudadana.com.mx\/oficial\/wp-json\/wp\/v2\/ppma_author?post=17344"}],"curies":[{"name":"wp","href":"https:\/\/api.w.org\/{rel}","templated":true}]}}