{"id":17343,"date":"2021-08-05T01:02:10","date_gmt":"2021-08-05T01:02:10","guid":{"rendered":"https:\/\/visionciudadana.com.mx\/chio\/2021\/08\/05\/cobertura-de-vacunacion-contra-covid19-en-sinaloa-por-encima-del-promedio-nacional\/"},"modified":"2025-06-25T00:11:45","modified_gmt":"2025-06-25T00:11:45","slug":"cobertura-de-vacunacion-contra-covid19-en-sinaloa-por-encima-del-promedio-nacional","status":"publish","type":"post","link":"https:\/\/visionciudadana.com.mx\/oficial\/2021\/08\/05\/cobertura-de-vacunacion-contra-covid19-en-sinaloa-por-encima-del-promedio-nacional\/","title":{"rendered":"Cobertura de vacunaci\u00f3n contra COVID19 en Sinaloa, por encima del promedio nacional"},"content":{"rendered":"<div>\n<p>&nbsp;<\/p>\n<p><img fetchpriority=\"high\" decoding=\"async\" src=\"images\/2021\/julio21\/agosto21\/vacunacio\u0301n.jpg\" alt=\"vacunacio\u0301n\" width=\"720\" height=\"480\" style=\"display: block; margin: 20px auto;\" \/><\/p>\n<p class=\"x_MsoNormal\" style=\"text-align: justify;\"><span style=\"font-size: 14pt; font-family: arial, helvetica, sans-serif;\">Durante una reuni\u00f3n de trabajo con el director del IMSS, Zo\u00e9 Robledo Aburto con el gobernador Quirino Ordaz Coppel, se dio a conocer que Sinaloa ya alcanz\u00f3 una cobertura del 78 por ciento en la vacunaci\u00f3n contra el COVID 19, porcentaje por encima de media nacional que es del 53 por ciento.<\/span><\/p>\n<p>&nbsp;<\/p>\n<p class=\"x_MsoNormal\" style=\"text-align: justify;\"><span style=\"font-size: 14pt; font-family: arial, helvetica, sans-serif;\">En esta reuni\u00f3n con el director del IMSS y con el gobernador electo, Rub\u00e9n Rocha Moya, y la que particip\u00f3 el director Normativo del ISSSTE, Ramiro L\u00f3pez, celebrada en Palacio de Gobierno, tambi\u00e9n se hizo un balance de la situaci\u00f3n en el estado para ver c\u00f3mo fortalecer los servicios m\u00e9dicos.<\/span><\/p>\n<p>&nbsp;<\/p>\n<p class=\"x_MsoNormal\" style=\"text-align: justify;\"><span style=\"font-size: 14pt; font-family: arial, helvetica, sans-serif;\">Sobre esta campa\u00f1a de vacunaci\u00f3n, el director del IMSS, Zo\u00e9 Robledo destac\u00f3 que Sinaloa es el cuarto estado con el mayor porcentaje, y un dato importante es que esta misma&nbsp;<span lang=\"ES-TRAD\">semana se concluye en los 18 municipios, con por lo menos una dosis para su poblaci\u00f3n.<\/span><\/span><\/p>\n<p class=\"x_MsoNormal\" style=\"text-align: justify;\"><span lang=\"ES-TRAD\" style=\"font-size: 14pt; font-family: arial, helvetica, sans-serif;\"><\/span><\/p>\n<p class=\"x_MsoNormal\" style=\"text-align: justify;\"><span lang=\"ES-TRAD\" style=\"font-size: 14pt; font-family: arial, helvetica, sans-serif;\">\u201cSinaloa est\u00e1 en el cuarto lugar nacional en t\u00e9rminos de cobertura de su poblaci\u00f3n con el 78 por ciento de las personas vacunadas. El promedio nacional es del 53 por ciento. Entonces, es un buen dato y sobre todo es un buen indicador de que empezamos ya a observar un buen descenso, pero tenemos que estar siempre alertas\u201d, dijo el funcionario federal.<\/span><\/p>\n<p class=\"x_MsoNormal\" style=\"text-align: justify;\"><span lang=\"ES-TRAD\" style=\"font-size: 14pt; font-family: arial, helvetica, sans-serif;\"><\/span><\/p>\n<p class=\"x_MsoNormal\" style=\"text-align: justify;\"><span style=\"font-size: 14pt; font-family: arial, helvetica, sans-serif;\">A su vez, el gobernador Quirino Ordaz Coppel reconoci\u00f3 que en ese buen porcentaje de cobertura en la vacunaci\u00f3n&nbsp;<span lang=\"ES-TRAD\">ha jugado un rol muy importante el \u00e1rea de \u201cCorrecaminos\u201d que depende del IMSS, que desde el principio ha apoyado esta campa\u00f1a de vacunaci\u00f3n contra el COVID 19.<\/span><\/span><\/p>\n<p class=\"x_MsoNormal\" style=\"text-align: justify;\"><span lang=\"ES-TRAD\" style=\"font-size: 14pt; font-family: arial, helvetica, sans-serif;\"><\/span><\/p>\n<p class=\"x_MsoNormal\" style=\"text-align: justify;\"><span lang=\"ES-TRAD\" style=\"font-size: 14pt; font-family: arial, helvetica, sans-serif;\">Luego de la reuni\u00f3n se inici\u00f3 con un recorrido por varios hospitales, como el nuevo Hospital Pedi\u00e1trico de Sinaloa y el nuevo Hospital General de Culiac\u00e1n, pues de acuerdo al esquema que pretende implantar el presidente Andr\u00e9s Manuel L\u00f3pez Obrador, es que se integren al Programa IMSS Bienestar, para dar cobertura a personas que no cuentan con seguridad social.<\/span><\/p>\n<p class=\"x_MsoNormal\" style=\"text-align: justify;\"><span lang=\"ES-TRAD\" style=\"font-size: 14pt; font-family: arial, helvetica, sans-serif;\"><\/span><\/p>\n<p class=\"x_MsoNormal\" style=\"text-align: justify;\"><span lang=\"ES-TRAD\" style=\"font-size: 14pt; font-family: arial, helvetica, sans-serif;\">\u201cPor eso vienen todas las instituciones de salud y tambi\u00e9n porque hay una intenci\u00f3n de revisar cu\u00e1les hospitales pueden llegar a incorporarse al Seguro Social en su rama de atenci\u00f3n a personas sin seguridad social. El IMSS Bienestar que desde hace 42 a\u00f1os naci\u00f3 como Coplamar y que existe adem\u00e1s en Sinaloa de manera importante. Hoy tambi\u00e9n venimos a ver cu\u00e1l es el avance para el equipamiento de este hospital\u201d, inform\u00f3 Zo\u00e9 Robledo a su salida del Hospital Pedi\u00e1trico de Sinaloa, uno de los nosocomios que se pretende integrar a ese programa federal.<\/span><\/p>\n<p class=\"x_MsoNormal\" style=\"text-align: justify;\"><span lang=\"ES-TRAD\" style=\"font-size: 14pt; font-family: arial, helvetica, sans-serif;\"><\/span><\/p>\n<p class=\"x_MsoNormal\" style=\"text-align: justify;\"><span lang=\"ES-TRAD\" style=\"font-size: 14pt; font-family: arial, helvetica, sans-serif;\">El director general del Instituto Mexicano del Seguro Social (IMSS), Maestro Zo\u00e9 Robledo, se\u00f1al\u00f3 que la alta tasa de positividad de contagios por COVID-19 en Sinaloa de las \u00faltimas semanas requiri\u00f3 la suma de esfuerzos de las instituciones de salud federal y estatal para trabajar como un solo equipo, a fin de gestionar los procesos de reconversi\u00f3n hospitalaria para que las personas con esta enfermedad cuenten con atenci\u00f3n m\u00e9dica.<\/span><\/p>\n<p class=\"x_MsoNormal\" style=\"text-align: justify;\"><span lang=\"ES-TRAD\" style=\"font-size: 14pt; font-family: arial, helvetica, sans-serif;\"><\/span><\/p>\n<p class=\"x_MsoNormal\" style=\"text-align: justify;\"><span lang=\"ES-TRAD\" style=\"font-size: 14pt; font-family: arial, helvetica, sans-serif;\">Asegur\u00f3 que el IMSS a la fecha cuenta con m\u00e1s del 40% de capacidad de hospitalizaci\u00f3n en Sinaloa, a fin de cuidar de las personas con s\u00edntomas graves de coronavirus, y se contin\u00faa con la recuperaci\u00f3n de servicios m\u00e9dicos ordinarios para la atenci\u00f3n de otros padecimientos no COVID.<\/span><\/p>\n<p class=\"x_MsoNormal\" style=\"text-align: justify;\"><span lang=\"ES-TRAD\" style=\"font-size: 14pt; font-family: arial, helvetica, sans-serif;\"><\/span><\/p>\n<p class=\"x_MsoNormal\" style=\"text-align: justify;\"><span lang=\"ES-TRAD\" style=\"font-size: 14pt; font-family: arial, helvetica, sans-serif;\">En gira de trabajo por Sinaloa, Zo\u00e9 Robledo indic\u00f3 que la integraci\u00f3n del Sistema Nacional de Salud ha permitido atender de manera eficaz, oportuna y coordinada a la poblaci\u00f3n que ha requerido de una cama hospitalaria, bajo la pol\u00edtica de cero rechazos, estrategia que va de la mano con el Plan Nacional de Vacunaci\u00f3n y con el seguimiento a los protocolos de sanidad.<\/span><\/p>\n<p class=\"x_MsoNormal\" style=\"text-align: justify;\"><span lang=\"ES-TRAD\" style=\"font-size: 14pt; font-family: arial, helvetica, sans-serif;\"><\/span><\/p>\n<p class=\"x_MsoNormal\" style=\"text-align: justify;\"><span lang=\"ES-TRAD\" style=\"font-size: 14pt; font-family: arial, helvetica, sans-serif;\">Como parte de las actividades donde participaron autoridades del gobierno local y de salud federal, se realizaron recorridos por la nueva Unidad de Cuidados Intensivos Neonatales (UCIN) del Hospital General Regional (HGR) No. 1 de Culiac\u00e1n, la Unidad de Quimioterapia de este nosocomio, el Hospital de Pediatr\u00eda del INSABI, Centro de Salud Urbano \u00abTorre\u00bb y el Hospital General de Culiac\u00e1n.<\/span><\/p>\n<p class=\"x_MsoNormal\" style=\"text-align: justify;\"><span lang=\"ES-TRAD\" style=\"font-size: 14pt; font-family: arial, helvetica, sans-serif;\"><\/span><\/p>\n<p class=\"x_MsoNormal\" style=\"text-align: justify;\"><span lang=\"ES-TRAD\" style=\"font-size: 14pt; font-family: arial, helvetica, sans-serif;\">Tambi\u00e9n acompa\u00f1aron al gobernador Quirino Ordaz Coppel y al director del IMSS, Zo\u00e9 Robledo, el secretario de Salud de Sinaloa, Efr\u00e9n Encinas Torres; y el presidente municipal de Culiac\u00e1n, Jes\u00fas Estrada Ferreiro.<\/span><\/p>\n<p style=\"text-align: justify;\">&nbsp;<\/p>\n<p style=\"text-align: justify;\">&nbsp;<\/p>\n<p class=\"x_MsoNormal\" style=\"text-align: justify;\"><span style=\"font-size: 14pt; font-family: arial, helvetica, sans-serif;\">REDACCI\u00d3N\/VISI\u00d3N CIUDADANA.&nbsp;<\/span><\/p>\n<\/div>\n","protected":false},"excerpt":{"rendered":"<p>&nbsp; Durante una reuni\u00f3n de trabajo con el director del IMSS, Zo\u00e9 Robledo Aburto con el gobernador Quirino Ordaz Coppel, se dio a conocer que Sinaloa ya alcanz\u00f3 una cobertura del 78 por ciento en la vacunaci\u00f3n contra el COVID 19, porcentaje por encima de media nacional que es del 53 por ciento. &nbsp; En [&hellip;]<\/p>\n","protected":false},"author":1,"featured_media":1349,"comment_status":"closed","ping_status":"closed","sticky":false,"template":"","format":"standard","meta":{"footnotes":""},"categories":[24],"tags":[],"ppma_author":[31],"class_list":["post-17343","post","type-post","status-publish","format-standard","has-post-thumbnail","hentry","category-relevantes"],"aioseo_notices":[],"authors":[{"term_id":31,"user_id":1,"is_guest":0,"slug":"ivan3vino","display_name":"Iv\u00e1n Trevi\u00f1o","avatar_url":{"url":"https:\/\/visionciudadana.com.mx\/oficial\/wp-content\/uploads\/2025\/09\/columna-ivan-Trevino.png","url2x":"https:\/\/visionciudadana.com.mx\/oficial\/wp-content\/uploads\/2025\/09\/columna-ivan-Trevino.png"},"0":null,"1":"","2":"","3":"","4":"","5":"","6":"","7":"","8":""}],"_links":{"self":[{"href":"https:\/\/visionciudadana.com.mx\/oficial\/wp-json\/wp\/v2\/posts\/17343","targetHints":{"allow":["GET"]}}],"collection":[{"href":"https:\/\/visionciudadana.com.mx\/oficial\/wp-json\/wp\/v2\/posts"}],"about":[{"href":"https:\/\/visionciudadana.com.mx\/oficial\/wp-json\/wp\/v2\/types\/post"}],"author":[{"embeddable":true,"href":"https:\/\/visionciudadana.com.mx\/oficial\/wp-json\/wp\/v2\/users\/1"}],"replies":[{"embeddable":true,"href":"https:\/\/visionciudadana.com.mx\/oficial\/wp-json\/wp\/v2\/comments?post=17343"}],"version-history":[{"count":1,"href":"https:\/\/visionciudadana.com.mx\/oficial\/wp-json\/wp\/v2\/posts\/17343\/revisions"}],"predecessor-version":[{"id":30755,"href":"https:\/\/visionciudadana.com.mx\/oficial\/wp-json\/wp\/v2\/posts\/17343\/revisions\/30755"}],"wp:featuredmedia":[{"embeddable":true,"href":"https:\/\/visionciudadana.com.mx\/oficial\/wp-json\/wp\/v2\/posts\/1349"}],"wp:attachment":[{"href":"https:\/\/visionciudadana.com.mx\/oficial\/wp-json\/wp\/v2\/media?parent=17343"}],"wp:term":[{"taxonomy":"category","embeddable":true,"href":"https:\/\/visionciudadana.com.mx\/oficial\/wp-json\/wp\/v2\/categories?post=17343"},{"taxonomy":"post_tag","embeddable":true,"href":"https:\/\/visionciudadana.com.mx\/oficial\/wp-json\/wp\/v2\/tags?post=17343"},{"taxonomy":"author","embeddable":true,"href":"https:\/\/visionciudadana.com.mx\/oficial\/wp-json\/wp\/v2\/ppma_author?post=17343"}],"curies":[{"name":"wp","href":"https:\/\/api.w.org\/{rel}","templated":true}]}}