{"id":17342,"date":"2021-08-05T00:58:37","date_gmt":"2021-08-05T00:58:37","guid":{"rendered":"https:\/\/visionciudadana.com.mx\/chio\/2021\/08\/05\/a-la-fecha-solo-9-casos-de-influenza-se-presentan-en-sinaloa\/"},"modified":"2025-06-25T00:11:46","modified_gmt":"2025-06-25T00:11:46","slug":"a-la-fecha-solo-9-casos-de-influenza-se-presentan-en-sinaloa","status":"publish","type":"post","link":"https:\/\/visionciudadana.com.mx\/oficial\/2021\/08\/05\/a-la-fecha-solo-9-casos-de-influenza-se-presentan-en-sinaloa\/","title":{"rendered":"A la fecha solo 9 casos de influenza se presentan en Sinaloa"},"content":{"rendered":"<p>&nbsp;<\/p>\n<p style=\"text-align: justify;\"><img fetchpriority=\"high\" decoding=\"async\" src=\"images\/2021\/julio21\/agosto21\/doc_mun\u0303oz.jpg\" alt=\"doc mun\u0303oz\" width=\"720\" height=\"480\" style=\"display: block; margin: 20px auto;\" \/><\/p>\n<p style=\"text-align: justify;\"><span style=\"font-size: 14pt; font-family: arial, helvetica, sans-serif;\">En algunos grandes pa\u00edses se ha alcanzado una disminuci\u00f3n tal en los contagios de COVID-19 que han vuelto a sus actividades normales, la Secretar\u00eda de Salud en Sinaloa, en su constante labor por el bienestar de la poblaci\u00f3n en la actual pandemia, destaca la disminuci\u00f3n de casos de Influenza en la entidad, gracias a la vacunaci\u00f3n durante la anterior temporada y la implementaci\u00f3n de las medidas de prevenci\u00f3n.<\/span><\/p>\n<p style=\"text-align: justify;\">&nbsp;<\/p>\n<p class=\"x_MsoNormal\" style=\"text-align: justify;\"><span style=\"font-size: 14pt; font-family: arial, helvetica, sans-serif;\">El Dr. Cristhian Aldo Mu\u00f1oz Madrid, director de Prevenci\u00f3n y Promoci\u00f3n de la Salud, explic\u00f3 que, al igual que con la Influenza, se pueden obtener resultados al grado del control de la enfermedad mediante la vacunaci\u00f3n, hablando de la actual pandemia de COVID.<\/span><\/p>\n<p style=\"text-align: justify;\">&nbsp;<\/p>\n<p class=\"x_MsoNormal\" style=\"text-align: justify;\"><span style=\"font-size: 14pt; font-family: arial, helvetica, sans-serif;\">\u201cCreo que hemos aprendido la lecci\u00f3n, esto es un trabajo en equipo, la realidad es que la vacuna ha ayudado a disminuir en muchos pa\u00edses a tasas muy bajas de contagios y es lo que queremos en M\u00e9xico, es lo que queremos en Sinaloa, llegar a ese punto donde podamos estar m\u00e1s tranquilos; en este tema tenemos a la Influenza por ejemplo, el a\u00f1o pasado a este d\u00eda ten\u00edamos 1513 casos de Influenza positivos, hoy tenemos 9 casos de Influenza, qu\u00e9 pas\u00f3, el uso del cubrebocas, la sana distancia nos disminuy\u00f3 los casos de Influenza, es un virus que dej\u00f3 de mutarse en ciertas situaciones y es un virus menos contagioso pero se vacunaron, entonces esas poblaci\u00f3n caus\u00f3 igual inmunidad a los que se enfermaron y los que no ya est\u00e1n vacunados, ese es un caso de \u00e9xito, la Influenza, eso queremos con el COVID&nbsp; y espero que las personas nos puedan ayudar con esa parte, acudan a vacunarse y mujeres embarazadas a cualquier m\u00f3dulo pueden ir, es important\u00edsimo que una mujer embarazada se vacune\u201d, se\u00f1al\u00f3.<\/span><\/p>\n<p style=\"text-align: justify;\">&nbsp;<\/p>\n<p class=\"x_MsoNormal\" style=\"text-align: justify;\"><span style=\"font-size: 14pt; font-family: arial, helvetica, sans-serif;\">Explic\u00f3 que la corresponsabilidad con la poblaci\u00f3n es un par\u00e1metro que viene a coadyuvar para que se alcancen los objetivos de disminuir los n\u00fameros de casos positivos en los contagios no solo de Influenza sino tambi\u00e9n de COVID-19.<\/span><\/p>\n<p style=\"text-align: justify;\">&nbsp;<\/p>\n<p style=\"text-align: justify;\">&nbsp;<\/p>\n<p style=\"text-align: justify;\"><span style=\"font-size: 14pt; font-family: arial, helvetica, sans-serif;\">REDACCI\u00d3N\/VISI\u00d3N CIUDADANA.<\/span><\/p>\n","protected":false},"excerpt":{"rendered":"<p>&nbsp; En algunos grandes pa\u00edses se ha alcanzado una disminuci\u00f3n tal en los contagios de COVID-19 que han vuelto a sus actividades normales, la Secretar\u00eda de Salud en Sinaloa, en su constante labor por el bienestar de la poblaci\u00f3n en la actual pandemia, destaca la disminuci\u00f3n de casos de Influenza en la entidad, gracias a [&hellip;]<\/p>\n","protected":false},"author":1,"featured_media":1347,"comment_status":"closed","ping_status":"closed","sticky":false,"template":"","format":"standard","meta":{"footnotes":""},"categories":[24],"tags":[],"ppma_author":[31],"class_list":["post-17342","post","type-post","status-publish","format-standard","has-post-thumbnail","hentry","category-relevantes"],"aioseo_notices":[],"authors":[{"term_id":31,"user_id":1,"is_guest":0,"slug":"ivan3vino","display_name":"Iv\u00e1n Trevi\u00f1o","avatar_url":{"url":"https:\/\/visionciudadana.com.mx\/oficial\/wp-content\/uploads\/2025\/09\/columna-ivan-Trevino.png","url2x":"https:\/\/visionciudadana.com.mx\/oficial\/wp-content\/uploads\/2025\/09\/columna-ivan-Trevino.png"},"0":null,"1":"","2":"","3":"","4":"","5":"","6":"","7":"","8":""}],"_links":{"self":[{"href":"https:\/\/visionciudadana.com.mx\/oficial\/wp-json\/wp\/v2\/posts\/17342","targetHints":{"allow":["GET"]}}],"collection":[{"href":"https:\/\/visionciudadana.com.mx\/oficial\/wp-json\/wp\/v2\/posts"}],"about":[{"href":"https:\/\/visionciudadana.com.mx\/oficial\/wp-json\/wp\/v2\/types\/post"}],"author":[{"embeddable":true,"href":"https:\/\/visionciudadana.com.mx\/oficial\/wp-json\/wp\/v2\/users\/1"}],"replies":[{"embeddable":true,"href":"https:\/\/visionciudadana.com.mx\/oficial\/wp-json\/wp\/v2\/comments?post=17342"}],"version-history":[{"count":1,"href":"https:\/\/visionciudadana.com.mx\/oficial\/wp-json\/wp\/v2\/posts\/17342\/revisions"}],"predecessor-version":[{"id":30756,"href":"https:\/\/visionciudadana.com.mx\/oficial\/wp-json\/wp\/v2\/posts\/17342\/revisions\/30756"}],"wp:featuredmedia":[{"embeddable":true,"href":"https:\/\/visionciudadana.com.mx\/oficial\/wp-json\/wp\/v2\/posts\/1347"}],"wp:attachment":[{"href":"https:\/\/visionciudadana.com.mx\/oficial\/wp-json\/wp\/v2\/media?parent=17342"}],"wp:term":[{"taxonomy":"category","embeddable":true,"href":"https:\/\/visionciudadana.com.mx\/oficial\/wp-json\/wp\/v2\/categories?post=17342"},{"taxonomy":"post_tag","embeddable":true,"href":"https:\/\/visionciudadana.com.mx\/oficial\/wp-json\/wp\/v2\/tags?post=17342"},{"taxonomy":"author","embeddable":true,"href":"https:\/\/visionciudadana.com.mx\/oficial\/wp-json\/wp\/v2\/ppma_author?post=17342"}],"curies":[{"name":"wp","href":"https:\/\/api.w.org\/{rel}","templated":true}]}}