{"id":17329,"date":"2021-08-02T23:10:07","date_gmt":"2021-08-02T23:10:07","guid":{"rendered":"https:\/\/visionciudadana.com.mx\/chio\/2021\/08\/02\/se-realizan-labores-de-mantenimiento-en-las-instalaciones-de-la-sspytm\/"},"modified":"2025-06-25T00:11:46","modified_gmt":"2025-06-25T00:11:46","slug":"se-realizan-labores-de-mantenimiento-en-las-instalaciones-de-la-sspytm","status":"publish","type":"post","link":"https:\/\/visionciudadana.com.mx\/oficial\/2021\/08\/02\/se-realizan-labores-de-mantenimiento-en-las-instalaciones-de-la-sspytm\/","title":{"rendered":"Se realizan labores de mantenimiento en las instalaciones de la SSPyTM"},"content":{"rendered":"<p>&nbsp;<\/p>\n<p style=\"text-align: justify;\"><img fetchpriority=\"high\" decoding=\"async\" src=\"images\/2021\/julio21\/agosto21\/labores.jpg\" alt=\"labores\" width=\"720\" height=\"480\" style=\"display: block; margin: 20px auto;\" \/><\/p>\n<p class=\"x_MsoNormal\" style=\"text-align: justify;\"><span style=\"font-size: 14pt; font-family: arial, helvetica, sans-serif;\">El Gobierno de Culiac\u00e1n encabezado por el alcalde, Lic. Jes\u00fas Estrada Ferreiro a trav\u00e9s de la Direcci\u00f3n de Movilidad, llev\u00f3 a cabo trabajos de mantenimiento, los cuales consistieron en pintura y limpieza de los cajones de estacionamiento ubicados en las instalaciones de la polic\u00eda municipal.<\/span><\/p>\n<p style=\"text-align: justify;\">&nbsp;<\/p>\n<p class=\"x_MsoNormal\" style=\"text-align: justify;\"><span style=\"font-size: 14pt; font-family: arial, helvetica, sans-serif;\">Esto con la finalidad de dar continuidad a las labores de mantenimiento de la infraestructura de espacios p\u00fablicos, pero sobre todo para facilitar el arribo de las decenas de personas que diariamente acuden hasta estas instalaciones a realizar alg\u00fan tr\u00e1mite.<\/span><\/p>\n<p style=\"text-align: justify;\">&nbsp;<\/p>\n<p class=\"x_MsoNormal\" style=\"text-align: justify;\"><span style=\"font-size: 14pt; font-family: arial, helvetica, sans-serif;\">Asimismo, con tales acciones se pretende mejorar las condiciones para quienes laboran en la Secretar\u00eda de Seguridad P\u00fablica y Tr\u00e1nsito Municipal.<\/span><\/p>\n<p style=\"text-align: justify;\">&nbsp;<\/p>\n<p class=\"x_MsoNormal\" style=\"text-align: justify;\"><span style=\"font-size: 14pt; font-family: arial, helvetica, sans-serif;\">Cabe mencionar que se continuar\u00e1 con una segunda etapa concluyendo con el faltante de los cajones, se\u00f1al\u00f3, Armando Vald\u00e9s titular de dicha Direcci\u00f3n.<\/span><\/p>\n<p style=\"text-align: justify;\">&nbsp;<\/p>\n<p class=\"x_MsoNormal\" style=\"text-align: justify;\"><span style=\"font-size: 14pt; font-family: arial, helvetica, sans-serif;\">Asimismo, hizo un llamado a la ciudadan\u00eda a atender los se\u00f1alamientos pintados en los estacionamientos, pues con ello se garantiza que la movilidad tanto de automovilistas como de peatones sea la adecuada para agilizar la vida diaria, as\u00ed como para mantener la seguridad en la v\u00eda p\u00fablica.<\/span><\/p>\n<p style=\"text-align: justify;\">&nbsp;<\/p>\n<p style=\"text-align: justify;\">&nbsp;<\/p>\n<p style=\"text-align: justify;\"><span style=\"font-size: 14pt; font-family: arial, helvetica, sans-serif;\">REDACCI\u00d3N\/VISI\u00d3N CIUDADANA.<\/span><\/p>\n","protected":false},"excerpt":{"rendered":"<p>&nbsp; El Gobierno de Culiac\u00e1n encabezado por el alcalde, Lic. Jes\u00fas Estrada Ferreiro a trav\u00e9s de la Direcci\u00f3n de Movilidad, llev\u00f3 a cabo trabajos de mantenimiento, los cuales consistieron en pintura y limpieza de los cajones de estacionamiento ubicados en las instalaciones de la polic\u00eda municipal. &nbsp; Esto con la finalidad de dar continuidad a [&hellip;]<\/p>\n","protected":false},"author":1,"featured_media":1326,"comment_status":"closed","ping_status":"closed","sticky":false,"template":"","format":"standard","meta":{"footnotes":""},"categories":[13],"tags":[],"ppma_author":[31],"class_list":["post-17329","post","type-post","status-publish","format-standard","has-post-thumbnail","hentry","category-locales"],"aioseo_notices":[],"authors":[{"term_id":31,"user_id":1,"is_guest":0,"slug":"ivan3vino","display_name":"Iv\u00e1n Trevi\u00f1o","avatar_url":{"url":"https:\/\/visionciudadana.com.mx\/oficial\/wp-content\/uploads\/2025\/09\/columna-ivan-Trevino.png","url2x":"https:\/\/visionciudadana.com.mx\/oficial\/wp-content\/uploads\/2025\/09\/columna-ivan-Trevino.png"},"0":null,"1":"","2":"","3":"","4":"","5":"","6":"","7":"","8":""}],"_links":{"self":[{"href":"https:\/\/visionciudadana.com.mx\/oficial\/wp-json\/wp\/v2\/posts\/17329","targetHints":{"allow":["GET"]}}],"collection":[{"href":"https:\/\/visionciudadana.com.mx\/oficial\/wp-json\/wp\/v2\/posts"}],"about":[{"href":"https:\/\/visionciudadana.com.mx\/oficial\/wp-json\/wp\/v2\/types\/post"}],"author":[{"embeddable":true,"href":"https:\/\/visionciudadana.com.mx\/oficial\/wp-json\/wp\/v2\/users\/1"}],"replies":[{"embeddable":true,"href":"https:\/\/visionciudadana.com.mx\/oficial\/wp-json\/wp\/v2\/comments?post=17329"}],"version-history":[{"count":1,"href":"https:\/\/visionciudadana.com.mx\/oficial\/wp-json\/wp\/v2\/posts\/17329\/revisions"}],"predecessor-version":[{"id":30763,"href":"https:\/\/visionciudadana.com.mx\/oficial\/wp-json\/wp\/v2\/posts\/17329\/revisions\/30763"}],"wp:featuredmedia":[{"embeddable":true,"href":"https:\/\/visionciudadana.com.mx\/oficial\/wp-json\/wp\/v2\/media\/1326"}],"wp:attachment":[{"href":"https:\/\/visionciudadana.com.mx\/oficial\/wp-json\/wp\/v2\/media?parent=17329"}],"wp:term":[{"taxonomy":"category","embeddable":true,"href":"https:\/\/visionciudadana.com.mx\/oficial\/wp-json\/wp\/v2\/categories?post=17329"},{"taxonomy":"post_tag","embeddable":true,"href":"https:\/\/visionciudadana.com.mx\/oficial\/wp-json\/wp\/v2\/tags?post=17329"},{"taxonomy":"author","embeddable":true,"href":"https:\/\/visionciudadana.com.mx\/oficial\/wp-json\/wp\/v2\/ppma_author?post=17329"}],"curies":[{"name":"wp","href":"https:\/\/api.w.org\/{rel}","templated":true}]}}