{"id":17328,"date":"2021-08-02T23:04:40","date_gmt":"2021-08-02T23:04:40","guid":{"rendered":"https:\/\/visionciudadana.com.mx\/chio\/2021\/08\/02\/acuerdan-gobierno-de-culiacan-y-secretaria-de-economia-trabajar-en-programas-de-credito-y-financiamiento\/"},"modified":"2025-06-25T00:11:47","modified_gmt":"2025-06-25T00:11:47","slug":"acuerdan-gobierno-de-culiacan-y-secretaria-de-economia-trabajar-en-programas-de-credito-y-financiamiento","status":"publish","type":"post","link":"https:\/\/visionciudadana.com.mx\/oficial\/2021\/08\/02\/acuerdan-gobierno-de-culiacan-y-secretaria-de-economia-trabajar-en-programas-de-credito-y-financiamiento\/","title":{"rendered":"Acuerdan Gobierno de Culiac\u00e1n y Secretar\u00eda de Econom\u00eda trabajar en programas de cr\u00e9dito y financiamiento"},"content":{"rendered":"<p>&nbsp;<\/p>\n<p><img fetchpriority=\"high\" decoding=\"async\" src=\"images\/2021\/julio21\/agosto21\/acuerdan.jpg\" alt=\"acuerdan\" width=\"720\" height=\"480\" style=\"display: block; margin: 20px auto;\" \/><\/p>\n<p class=\"x_MsoNormal\" style=\"text-align: justify;\"><span lang=\"ES\" style=\"font-size: 14pt; font-family: arial, helvetica, sans-serif;\"><b>E<\/b>l presidente municipal, Lic. Jes\u00fas Estrada Ferreiro, sostuvo una reuni\u00f3n virtual con la Secretaria de Econom\u00eda, Tatiana Clouthier Carillo, con el prop\u00f3sito de trabajar juntos en la aplicaci\u00f3n de un programa de cr\u00e9ditos flexibles a comerciantes y micro empresarios de Culiac\u00e1n.<\/span><\/p>\n<p style=\"text-align: justify;\">&nbsp;<\/p>\n<p class=\"x_MsoNormal\" style=\"text-align: justify;\"><span lang=\"ES\" style=\"font-size: 14pt; font-family: arial, helvetica, sans-serif;\">El presidente municipal detall\u00f3 que este proyecto denominado \u201cCuliac\u00e1n Contigo\u201d busca dotar de una fuente de financiamiento a un sector que hasta la fecha se ha visto desatendido, permiti\u00e9ndoles acceder a opciones de cr\u00e9dito solidarias que incidan en su crecimiento sostenido.<\/span><\/p>\n<p style=\"text-align: justify;\">&nbsp;<\/p>\n<p class=\"x_MsoNormal\" style=\"text-align: justify;\"><span lang=\"ES\" style=\"font-size: 14pt; font-family: arial, helvetica, sans-serif;\">Dicho proyecto consiste en la creaci\u00f3n de una bolsa de recursos en la que participen el Gobierno de Culiac\u00e1n y la Secretar\u00eda de Econom\u00eda, desarrollando as\u00ed una ventanilla operada por el municipio para dar opciones de cr\u00e9dito accesible con tasas de inter\u00e9s anual del 11 por ciento, adem\u00e1s de un esquema de pagos que reconozca y otorgue incentivos a la puntualidad para evitar que caigan en cartera vencida.<\/span><\/p>\n<p style=\"text-align: justify;\">&nbsp;<\/p>\n<p class=\"x_MsoNormal\" style=\"text-align: justify;\"><span lang=\"ES\" style=\"font-size: 14pt; font-family: arial, helvetica, sans-serif;\">\u201cSabemos cu\u00e1l es la situaci\u00f3n de los comerciantes y queremos apoyarlos, por ello nosotros estamos dispuestos a aportar lo que nos corresponda, sumando a bolsas de financiamiento que logremos gestionar a trav\u00e9s de la Unidad de Desarrollo Productivo para fortalecer este fondo y ampliar su cobertura\u201d, mencion\u00f3.<\/span><\/p>\n<p style=\"text-align: justify;\">&nbsp;<\/p>\n<p class=\"x_MsoNormal\" style=\"text-align: justify;\"><span lang=\"ES\" style=\"font-size: 14pt; font-family: arial, helvetica, sans-serif;\">Estrada Ferreiro dijo que la operaci\u00f3n del programa tendr\u00eda reglas y requisitos espec\u00edficos para su debido funcionamiento, entre ellos la entrega de cr\u00e9ditos a comerciantes y empresarios debidamente establecidos, de tal forma que se incentive la formalidad.<\/span><\/p>\n<p style=\"text-align: justify;\">&nbsp;<\/p>\n<p class=\"x_MsoNormal\" style=\"text-align: justify;\"><span lang=\"ES\" style=\"font-size: 14pt; font-family: arial, helvetica, sans-serif;\">Por su parte, Tatiana Clouthier celebr\u00f3 la iniciativa del municipio por impulsar este tipo de programas que buscan potencializar el sector econ\u00f3mico de la capital, donde adem\u00e1s de ofrecer esquemas accesibles de cr\u00e9dito y financiamiento, se brinda la oportunidad de trabajar en la formalizaci\u00f3n de m\u00e1s comercios que actualmente no est\u00e1n debidamente registrados.<\/span><\/p>\n<p style=\"text-align: justify;\">&nbsp;<\/p>\n<p class=\"x_MsoNormal\" style=\"text-align: justify;\"><span lang=\"ES\" style=\"font-size: 14pt; font-family: arial, helvetica, sans-serif;\">Para tal efecto, la Secretaria de Econom\u00eda puso a disposici\u00f3n a su equipo de trabajo para coordinar esfuerzos con el Gobierno de Culiac\u00e1n a fin de cristalizar este proyecto a la brevedad posible en beneficio de los comerciantes y empresarios del municipio.<\/span><\/p>\n<p style=\"text-align: justify;\">&nbsp;<\/p>\n<p class=\"x_MsoNormal\" style=\"text-align: justify;\"><span lang=\"ES\" style=\"font-size: 14pt; font-family: arial, helvetica, sans-serif;\">Finalmente, Berenice Mascare\u00f1o, Secretaria de Desarrollo Econ\u00f3mico Municipal, agradeci\u00f3 el respaldo a esta iniciativa, pues ante los tiempos de adversidad que actualmente se viven con motivo de la contingencia sanitaria, ser\u00eda un importante apoyo para que muchos negocios puedan crecer y salir adelante.&nbsp;<\/span><\/p>\n<p style=\"text-align: justify;\">&nbsp;<\/p>\n<p style=\"text-align: justify;\">&nbsp;<\/p>\n<p style=\"text-align: justify;\"><span style=\"font-size: 14pt; font-family: arial, helvetica, sans-serif;\">REDACCI\u00d3N\/VISI\u00d3N CIUDADANA.<\/span><\/p>\n","protected":false},"excerpt":{"rendered":"<p>&nbsp; El presidente municipal, Lic. Jes\u00fas Estrada Ferreiro, sostuvo una reuni\u00f3n virtual con la Secretaria de Econom\u00eda, Tatiana Clouthier Carillo, con el prop\u00f3sito de trabajar juntos en la aplicaci\u00f3n de un programa de cr\u00e9ditos flexibles a comerciantes y micro empresarios de Culiac\u00e1n. &nbsp; El presidente municipal detall\u00f3 que este proyecto denominado \u201cCuliac\u00e1n Contigo\u201d busca dotar [&hellip;]<\/p>\n","protected":false},"author":1,"featured_media":1324,"comment_status":"closed","ping_status":"closed","sticky":false,"template":"","format":"standard","meta":{"footnotes":""},"categories":[13],"tags":[],"ppma_author":[31],"class_list":["post-17328","post","type-post","status-publish","format-standard","has-post-thumbnail","hentry","category-locales"],"aioseo_notices":[],"authors":[{"term_id":31,"user_id":1,"is_guest":0,"slug":"ivan3vino","display_name":"Iv\u00e1n Trevi\u00f1o","avatar_url":{"url":"https:\/\/visionciudadana.com.mx\/oficial\/wp-content\/uploads\/2025\/09\/columna-ivan-Trevino.png","url2x":"https:\/\/visionciudadana.com.mx\/oficial\/wp-content\/uploads\/2025\/09\/columna-ivan-Trevino.png"},"0":null,"1":"","2":"","3":"","4":"","5":"","6":"","7":"","8":""}],"_links":{"self":[{"href":"https:\/\/visionciudadana.com.mx\/oficial\/wp-json\/wp\/v2\/posts\/17328","targetHints":{"allow":["GET"]}}],"collection":[{"href":"https:\/\/visionciudadana.com.mx\/oficial\/wp-json\/wp\/v2\/posts"}],"about":[{"href":"https:\/\/visionciudadana.com.mx\/oficial\/wp-json\/wp\/v2\/types\/post"}],"author":[{"embeddable":true,"href":"https:\/\/visionciudadana.com.mx\/oficial\/wp-json\/wp\/v2\/users\/1"}],"replies":[{"embeddable":true,"href":"https:\/\/visionciudadana.com.mx\/oficial\/wp-json\/wp\/v2\/comments?post=17328"}],"version-history":[{"count":1,"href":"https:\/\/visionciudadana.com.mx\/oficial\/wp-json\/wp\/v2\/posts\/17328\/revisions"}],"predecessor-version":[{"id":30764,"href":"https:\/\/visionciudadana.com.mx\/oficial\/wp-json\/wp\/v2\/posts\/17328\/revisions\/30764"}],"wp:featuredmedia":[{"embeddable":true,"href":"https:\/\/visionciudadana.com.mx\/oficial\/wp-json\/wp\/v2\/media\/1324"}],"wp:attachment":[{"href":"https:\/\/visionciudadana.com.mx\/oficial\/wp-json\/wp\/v2\/media?parent=17328"}],"wp:term":[{"taxonomy":"category","embeddable":true,"href":"https:\/\/visionciudadana.com.mx\/oficial\/wp-json\/wp\/v2\/categories?post=17328"},{"taxonomy":"post_tag","embeddable":true,"href":"https:\/\/visionciudadana.com.mx\/oficial\/wp-json\/wp\/v2\/tags?post=17328"},{"taxonomy":"author","embeddable":true,"href":"https:\/\/visionciudadana.com.mx\/oficial\/wp-json\/wp\/v2\/ppma_author?post=17328"}],"curies":[{"name":"wp","href":"https:\/\/api.w.org\/{rel}","templated":true}]}}