{"id":17327,"date":"2021-08-02T22:59:04","date_gmt":"2021-08-02T22:59:04","guid":{"rendered":"https:\/\/visionciudadana.com.mx\/chio\/2021\/08\/02\/reanuda-actividades-la-campana-de-esterilizacion-en-colonia-infonavit-humaya\/"},"modified":"2025-06-25T00:11:47","modified_gmt":"2025-06-25T00:11:47","slug":"reanuda-actividades-la-campana-de-esterilizacion-en-colonia-infonavit-humaya","status":"publish","type":"post","link":"https:\/\/visionciudadana.com.mx\/oficial\/2021\/08\/02\/reanuda-actividades-la-campana-de-esterilizacion-en-colonia-infonavit-humaya\/","title":{"rendered":"Reanuda actividades la Campa\u00f1a de Esterilizaci\u00f3n en colonia Infonavit Humaya*"},"content":{"rendered":"<p style=\"text-align: justify;\"><img fetchpriority=\"high\" decoding=\"async\" src=\"images\/2021\/julio21\/agosto21\/reanuda.jpg\" alt=\"reanuda\" width=\"720\" height=\"480\" style=\"display: block; margin: 20px auto;\" \/><\/p>\n<p style=\"text-align: justify;\">&nbsp;<\/p>\n<p class=\"x_MsoNormal\" style=\"text-align: justify;\"><span style=\"font-size: 14pt; font-family: arial, helvetica, sans-serif;\">Este lunes reanud\u00f3 actividades la campa\u00f1a de esterilizaci\u00f3n de perros y gatos en la colonia Infonavit Humaya sobre la calle Lic. Villa Lombardo Toledano en el \u00e1rea Com\u00fan de departamentos, iniciativa impulsada por el Gobierno de Culiac\u00e1n a trav\u00e9s de la Direcci\u00f3n de Salud Municipal con la finalidad de prevenir enfermedades y sobrepoblaci\u00f3n en calles.<\/span><\/p>\n<p style=\"text-align: justify;\">&nbsp;<\/p>\n<p class=\"x_MsoNormal\" style=\"text-align: justify;\"><span style=\"font-size: 14pt; font-family: arial, helvetica, sans-serif;\">La estrategia del cuidado y protecci\u00f3n animal que ha adoptado la actual administraci\u00f3n encabezada por el alcalde Lic. Jes\u00fas Estrada Ferreiro, busca generar la conciencia colectiva de la poblaci\u00f3n para que acudan con sus mascotas a las ubicaciones de la Unidad M\u00f3vil que constantemente se traslada a los diferentes sectores de la ciudad.<\/span><\/p>\n<p style=\"text-align: justify;\">&nbsp;<\/p>\n<p class=\"x_MsoNormal\" style=\"text-align: justify;\"><span style=\"font-size: 14pt; font-family: arial, helvetica, sans-serif;\">En la jornada realizada este d\u00eda, se atendi\u00f3 a 10 animales de la zona y de diversas colonias, esto con la finalidad de continuar ofertando este n\u00famero de servicios a toda la ciudadan\u00eda hasta el pr\u00f3ximo 12 de agosto.<\/span><\/p>\n<p style=\"text-align: justify;\">&nbsp;<\/p>\n<p class=\"x_MsoNormal\" style=\"text-align: justify;\"><span style=\"font-size: 14pt; font-family: arial, helvetica, sans-serif;\">Con la puesta en marcha de la jornada de esterilizaci\u00f3n la Comuna reafirma su compromiso de buscar bienestar para todos los animalitos del municipio y que estos logren una vida sana libre de violencia y maltrato.<\/span><\/p>\n<p style=\"text-align: justify;\">&nbsp;<\/p>\n<p class=\"x_MsoNormal\" style=\"text-align: justify;\"><span style=\"font-size: 14pt; font-family: arial, helvetica, sans-serif;\">El horario de atenci\u00f3n ser\u00e1 de lunes a viernes de 8:00 de la ma\u00f1ana 1:00 de la tarde, con las siguientes recomendaciones; acudir con los animalitos con 12 horas de ayuno, cobija, aseados, en jaula transportadora, caja o correa para evitar que se salgan a la calle.<\/span><\/p>\n<p style=\"text-align: justify;\">&nbsp;<\/p>\n<p style=\"text-align: justify;\">&nbsp;<\/p>\n<p style=\"text-align: justify;\"><span style=\"font-size: 14pt; font-family: arial, helvetica, sans-serif;\">REDACCI\u00d3N\/VISI\u00d3N CIUDADANA.<\/span><\/p>\n<div>&nbsp;<\/div>\n","protected":false},"excerpt":{"rendered":"<p>&nbsp; Este lunes reanud\u00f3 actividades la campa\u00f1a de esterilizaci\u00f3n de perros y gatos en la colonia Infonavit Humaya sobre la calle Lic. Villa Lombardo Toledano en el \u00e1rea Com\u00fan de departamentos, iniciativa impulsada por el Gobierno de Culiac\u00e1n a trav\u00e9s de la Direcci\u00f3n de Salud Municipal con la finalidad de prevenir enfermedades y sobrepoblaci\u00f3n en [&hellip;]<\/p>\n","protected":false},"author":1,"featured_media":1322,"comment_status":"closed","ping_status":"closed","sticky":false,"template":"","format":"standard","meta":{"footnotes":""},"categories":[13],"tags":[],"ppma_author":[31],"class_list":["post-17327","post","type-post","status-publish","format-standard","has-post-thumbnail","hentry","category-locales"],"aioseo_notices":[],"authors":[{"term_id":31,"user_id":1,"is_guest":0,"slug":"ivan3vino","display_name":"Iv\u00e1n Trevi\u00f1o","avatar_url":{"url":"https:\/\/visionciudadana.com.mx\/oficial\/wp-content\/uploads\/2025\/09\/columna-ivan-Trevino.png","url2x":"https:\/\/visionciudadana.com.mx\/oficial\/wp-content\/uploads\/2025\/09\/columna-ivan-Trevino.png"},"0":null,"1":"","2":"","3":"","4":"","5":"","6":"","7":"","8":""}],"_links":{"self":[{"href":"https:\/\/visionciudadana.com.mx\/oficial\/wp-json\/wp\/v2\/posts\/17327","targetHints":{"allow":["GET"]}}],"collection":[{"href":"https:\/\/visionciudadana.com.mx\/oficial\/wp-json\/wp\/v2\/posts"}],"about":[{"href":"https:\/\/visionciudadana.com.mx\/oficial\/wp-json\/wp\/v2\/types\/post"}],"author":[{"embeddable":true,"href":"https:\/\/visionciudadana.com.mx\/oficial\/wp-json\/wp\/v2\/users\/1"}],"replies":[{"embeddable":true,"href":"https:\/\/visionciudadana.com.mx\/oficial\/wp-json\/wp\/v2\/comments?post=17327"}],"version-history":[{"count":1,"href":"https:\/\/visionciudadana.com.mx\/oficial\/wp-json\/wp\/v2\/posts\/17327\/revisions"}],"predecessor-version":[{"id":30765,"href":"https:\/\/visionciudadana.com.mx\/oficial\/wp-json\/wp\/v2\/posts\/17327\/revisions\/30765"}],"wp:featuredmedia":[{"embeddable":true,"href":"https:\/\/visionciudadana.com.mx\/oficial\/wp-json\/wp\/v2\/media\/1322"}],"wp:attachment":[{"href":"https:\/\/visionciudadana.com.mx\/oficial\/wp-json\/wp\/v2\/media?parent=17327"}],"wp:term":[{"taxonomy":"category","embeddable":true,"href":"https:\/\/visionciudadana.com.mx\/oficial\/wp-json\/wp\/v2\/categories?post=17327"},{"taxonomy":"post_tag","embeddable":true,"href":"https:\/\/visionciudadana.com.mx\/oficial\/wp-json\/wp\/v2\/tags?post=17327"},{"taxonomy":"author","embeddable":true,"href":"https:\/\/visionciudadana.com.mx\/oficial\/wp-json\/wp\/v2\/ppma_author?post=17327"}],"curies":[{"name":"wp","href":"https:\/\/api.w.org\/{rel}","templated":true}]}}