{"id":17326,"date":"2021-08-02T22:53:26","date_gmt":"2021-08-02T22:53:26","guid":{"rendered":"https:\/\/visionciudadana.com.mx\/chio\/2021\/08\/02\/restauran-mediante-proceso-de-reencarpetado-el-cruce-del-bulevar-pedro-infante-y-miguel-tamayo\/"},"modified":"2025-06-25T00:11:47","modified_gmt":"2025-06-25T00:11:47","slug":"restauran-mediante-proceso-de-reencarpetado-el-cruce-del-bulevar-pedro-infante-y-miguel-tamayo","status":"publish","type":"post","link":"https:\/\/visionciudadana.com.mx\/oficial\/2021\/08\/02\/restauran-mediante-proceso-de-reencarpetado-el-cruce-del-bulevar-pedro-infante-y-miguel-tamayo\/","title":{"rendered":"Restauran mediante proceso de reencarpetado el cruce del bulevar Pedro Infante y Miguel Tamayo"},"content":{"rendered":"<p>&nbsp;<\/p>\n<p style=\"text-align: justify;\"><img fetchpriority=\"high\" decoding=\"async\" src=\"images\/2021\/julio21\/agosto21\/restauran.jpg\" alt=\"restauran\" width=\"720\" height=\"480\" style=\"display: block; margin: 20px auto;\" \/><\/p>\n<p class=\"x_MsoNormal\" style=\"text-align: justify;\"><span style=\"font-size: 14pt; font-family: arial, helvetica, sans-serif;\">La atenci\u00f3n y mantenimiento oportuno de las vialidades de la ciudad, persiste como uno de los ejes prioritarios del alcalde, Lic. Jes\u00fas Estrada Ferreiro, muestra de ello son las acciones de restauraci\u00f3n en la carpeta asf\u00e1ltica del crucero Pedro Infante y Miguel Tamayo Espinoza de Los Monteros, llevadas con \u00e9xito el d\u00eda de hoy.<\/span><\/p>\n<p style=\"text-align: justify;\">&nbsp;<\/p>\n<p class=\"x_MsoNormal\" style=\"text-align: justify;\"><span style=\"font-size: 14pt; font-family: arial, helvetica, sans-serif;\">Implementando las medidas de seguridad vial, para el desarrollo de estos trabajos se cont\u00f3 con el apoyo de los elementos de la Unidad de Vialidad de la Secretar\u00eda de Seguridad P\u00fablica y Tr\u00e1nsito Municipal, quienes resguardaron la zona de trabajo de los empleados del Ayuntamiento.<\/span><\/p>\n<p style=\"text-align: justify;\">&nbsp;<\/p>\n<p class=\"x_MsoNormal\" style=\"text-align: justify;\"><span style=\"font-size: 14pt; font-family: arial, helvetica, sans-serif;\">Durante estas actividades la Secretar\u00eda de Obras y Servicios P\u00fablicos a trav\u00e9s de la Unidad de Bacheo, despleg\u00f3 en la zona maquinaria pesada integrada por camiones de volteo, pavimentadoras y extendedoras de asfalto.<\/span><\/p>\n<p style=\"text-align: justify;\">&nbsp;<\/p>\n<p class=\"x_MsoNormal\" style=\"text-align: justify;\"><span style=\"font-size: 14pt; font-family: arial, helvetica, sans-serif;\">El equipo de trabajo logr\u00f3 el reencapertado de 4 mil 042 metros cuadrados en la superficie total del crucero antes mencionado, logrando de esta forma la rehabilitaci\u00f3n de la carpeta de rodamiento de este punto que diariamente registra una fuerte carga vehicular.<\/span><\/p>\n<p style=\"text-align: justify;\">&nbsp;<\/p>\n<p class=\"x_MsoNormal\" style=\"text-align: justify;\"><span style=\"font-size: 14pt; font-family: arial, helvetica, sans-serif;\">El Gobierno de Culiac\u00e1n mantiene activo desde el inicio de la temporada de lluvias la detecci\u00f3n y posterior reparaci\u00f3n de baches y afectaciones sobre las avenidas y bulevares principales de la ciudad con el objetivo de que estas se encuentren en \u00f3ptimas condiciones.<\/span><\/p>\n<p style=\"text-align: justify;\">&nbsp;<\/p>\n<p style=\"text-align: justify;\">&nbsp;<\/p>\n<p style=\"text-align: justify;\"><span style=\"font-size: 14pt; font-family: arial, helvetica, sans-serif;\">REDACCI\u00d3N\/VISI\u00d3N CIUDADANA.<\/span><\/p>\n<div>&nbsp;<\/div>\n","protected":false},"excerpt":{"rendered":"<p>&nbsp; La atenci\u00f3n y mantenimiento oportuno de las vialidades de la ciudad, persiste como uno de los ejes prioritarios del alcalde, Lic. Jes\u00fas Estrada Ferreiro, muestra de ello son las acciones de restauraci\u00f3n en la carpeta asf\u00e1ltica del crucero Pedro Infante y Miguel Tamayo Espinoza de Los Monteros, llevadas con \u00e9xito el d\u00eda de hoy. [&hellip;]<\/p>\n","protected":false},"author":1,"featured_media":1320,"comment_status":"closed","ping_status":"closed","sticky":false,"template":"","format":"standard","meta":{"footnotes":""},"categories":[13],"tags":[],"ppma_author":[31],"class_list":["post-17326","post","type-post","status-publish","format-standard","has-post-thumbnail","hentry","category-locales"],"aioseo_notices":[],"authors":[{"term_id":31,"user_id":1,"is_guest":0,"slug":"ivan3vino","display_name":"Iv\u00e1n Trevi\u00f1o","avatar_url":{"url":"https:\/\/visionciudadana.com.mx\/oficial\/wp-content\/uploads\/2025\/09\/columna-ivan-Trevino.png","url2x":"https:\/\/visionciudadana.com.mx\/oficial\/wp-content\/uploads\/2025\/09\/columna-ivan-Trevino.png"},"0":null,"1":"","2":"","3":"","4":"","5":"","6":"","7":"","8":""}],"_links":{"self":[{"href":"https:\/\/visionciudadana.com.mx\/oficial\/wp-json\/wp\/v2\/posts\/17326","targetHints":{"allow":["GET"]}}],"collection":[{"href":"https:\/\/visionciudadana.com.mx\/oficial\/wp-json\/wp\/v2\/posts"}],"about":[{"href":"https:\/\/visionciudadana.com.mx\/oficial\/wp-json\/wp\/v2\/types\/post"}],"author":[{"embeddable":true,"href":"https:\/\/visionciudadana.com.mx\/oficial\/wp-json\/wp\/v2\/users\/1"}],"replies":[{"embeddable":true,"href":"https:\/\/visionciudadana.com.mx\/oficial\/wp-json\/wp\/v2\/comments?post=17326"}],"version-history":[{"count":1,"href":"https:\/\/visionciudadana.com.mx\/oficial\/wp-json\/wp\/v2\/posts\/17326\/revisions"}],"predecessor-version":[{"id":30766,"href":"https:\/\/visionciudadana.com.mx\/oficial\/wp-json\/wp\/v2\/posts\/17326\/revisions\/30766"}],"wp:featuredmedia":[{"embeddable":true,"href":"https:\/\/visionciudadana.com.mx\/oficial\/wp-json\/wp\/v2\/posts\/1320"}],"wp:attachment":[{"href":"https:\/\/visionciudadana.com.mx\/oficial\/wp-json\/wp\/v2\/media?parent=17326"}],"wp:term":[{"taxonomy":"category","embeddable":true,"href":"https:\/\/visionciudadana.com.mx\/oficial\/wp-json\/wp\/v2\/categories?post=17326"},{"taxonomy":"post_tag","embeddable":true,"href":"https:\/\/visionciudadana.com.mx\/oficial\/wp-json\/wp\/v2\/tags?post=17326"},{"taxonomy":"author","embeddable":true,"href":"https:\/\/visionciudadana.com.mx\/oficial\/wp-json\/wp\/v2\/ppma_author?post=17326"}],"curies":[{"name":"wp","href":"https:\/\/api.w.org\/{rel}","templated":true}]}}