{"id":17325,"date":"2021-08-02T22:38:45","date_gmt":"2021-08-02T22:38:45","guid":{"rendered":"https:\/\/visionciudadana.com.mx\/chio\/2021\/08\/02\/ss-atiende-trastornos-de-ansiedad-y-estres-frente-a-la-pandemia-a-traves-de-call-center\/"},"modified":"2025-06-25T00:11:47","modified_gmt":"2025-06-25T00:11:47","slug":"ss-atiende-trastornos-de-ansiedad-y-estres-frente-a-la-pandemia-a-traves-de-call-center","status":"publish","type":"post","link":"https:\/\/visionciudadana.com.mx\/oficial\/2021\/08\/02\/ss-atiende-trastornos-de-ansiedad-y-estres-frente-a-la-pandemia-a-traves-de-call-center\/","title":{"rendered":"SS atiende trastornos de ansiedad y estr\u00e9s frente a la pandemia a trav\u00e9s de Call Center"},"content":{"rendered":"<p><img fetchpriority=\"high\" decoding=\"async\" src=\"images\/2021\/julio21\/agosto21\/doc.jpg\" alt=\"doc\" width=\"720\" height=\"480\" style=\"display: block; margin: 20px auto;\" \/><\/p>\n<p>&nbsp;<\/p>\n<p class=\"x_MsoNormal\" style=\"text-align: justify;\"><span style=\"font-size: 14pt; font-family: arial, helvetica, sans-serif;\">Ante el incremento de casos que se han registrado en nuestro estado por COVID \u2013 19, es normal que se vivan momentos de temor, estr\u00e9s o ansiedad, sin embargo, no hay que olvidar que podemos contar con apoyo emocional a trav\u00e9s del CALL CENTER donde especialistas pueden otorgar orientaci\u00f3n a las personas para estabilizar sus emociones, indic\u00f3 el Dr. Cristhian Aldo Mu\u00f1oz Madrid.<\/span><\/p>\n<p style=\"text-align: justify;\">&nbsp;<\/p>\n<p class=\"x_MsoNormal\" style=\"text-align: justify;\"><span style=\"font-size: 14pt; font-family: arial, helvetica, sans-serif;\">Record\u00f3 que desde el inicio de la pandemia se ha tenido la atenci\u00f3n directa a trav\u00e9s del call center para poder ayudar y gestionar para que las personas que tienen alg\u00fan problema alg\u00fan trastorno de ansiedad o alguna situaci\u00f3n puedan ser atendidos directamente.<\/span><\/p>\n<p style=\"text-align: justify;\">&nbsp;<\/p>\n<p class=\"x_MsoNormal\" style=\"text-align: justify;\"><span style=\"font-size: 14pt; font-family: arial, helvetica, sans-serif;\">\u201cOtro servicio que tenemos en la Secretar\u00eda de Salud es la atenci\u00f3n que tenemos en los CISAMES centros de salud mental los cuales nos ayudan nos ayudan a darles tratamiento a las personas de manera peri\u00f3dica y sobre todo nos ayudan a poder mantener el equilibrio entre la salud mental y la vida actual y es importante reconocer que la salud mental es una prioridad para el Gobierno del Estado de Sinaloa\u201d, mencion\u00f3.<\/span><\/p>\n<p style=\"text-align: justify;\">&nbsp;<\/p>\n<p class=\"x_MsoNormal\" style=\"text-align: justify;\"><span style=\"font-size: 14pt; font-family: arial, helvetica, sans-serif;\">Inform\u00f3 que, el n\u00famero del Call Center de la Secretar\u00eda de Salud de Sinaloa, con atenci\u00f3n a salud mental es: 667 713 00 63, record\u00f3 adem\u00e1s del Call Center en Sinaloa, se cuenta con la L\u00ednea de la Vida a nivel nacional 800 911 2000, dedicado a la prevenci\u00f3n y atenci\u00f3n de la salud mental en estos momentos de pandemia por Covid-19.<\/span><\/p>\n<p style=\"text-align: justify;\">&nbsp;<\/p>\n<p class=\"x_MsoNormal\" style=\"text-align: justify;\"><span style=\"font-size: 14pt; font-family: arial, helvetica, sans-serif;\">Las personas que as\u00ed lo requieran pueden tambi\u00e9n comunicarse al Call Center para que personal de salud le oriente que hacer, a los siguientes n\u00fameros, en Culiac\u00e1n 667 713 0063, Mazatl\u00e1n 669 910 1839, Guasave 687 721 0659, Los Mochis 668 123 4557 y Guam\u00fachil 673 688 0630.<\/span><\/p>\n<p style=\"text-align: justify;\">&nbsp;<\/p>\n<p style=\"text-align: justify;\">&nbsp;<\/p>\n<p style=\"text-align: justify;\"><span style=\"font-size: 14pt; font-family: arial, helvetica, sans-serif;\">REDACCI\u00d3N\/VISI\u00d3N CIUDADANA.<\/span><\/p>\n","protected":false},"excerpt":{"rendered":"<p>&nbsp; Ante el incremento de casos que se han registrado en nuestro estado por COVID \u2013 19, es normal que se vivan momentos de temor, estr\u00e9s o ansiedad, sin embargo, no hay que olvidar que podemos contar con apoyo emocional a trav\u00e9s del CALL CENTER donde especialistas pueden otorgar orientaci\u00f3n a las personas para estabilizar [&hellip;]<\/p>\n","protected":false},"author":1,"featured_media":1318,"comment_status":"closed","ping_status":"closed","sticky":false,"template":"","format":"standard","meta":{"footnotes":""},"categories":[24],"tags":[],"ppma_author":[31],"class_list":["post-17325","post","type-post","status-publish","format-standard","has-post-thumbnail","hentry","category-relevantes"],"aioseo_notices":[],"authors":[{"term_id":31,"user_id":1,"is_guest":0,"slug":"ivan3vino","display_name":"Iv\u00e1n Trevi\u00f1o","avatar_url":{"url":"https:\/\/visionciudadana.com.mx\/oficial\/wp-content\/uploads\/2025\/09\/columna-ivan-Trevino.png","url2x":"https:\/\/visionciudadana.com.mx\/oficial\/wp-content\/uploads\/2025\/09\/columna-ivan-Trevino.png"},"0":null,"1":"","2":"","3":"","4":"","5":"","6":"","7":"","8":""}],"_links":{"self":[{"href":"https:\/\/visionciudadana.com.mx\/oficial\/wp-json\/wp\/v2\/posts\/17325","targetHints":{"allow":["GET"]}}],"collection":[{"href":"https:\/\/visionciudadana.com.mx\/oficial\/wp-json\/wp\/v2\/posts"}],"about":[{"href":"https:\/\/visionciudadana.com.mx\/oficial\/wp-json\/wp\/v2\/types\/post"}],"author":[{"embeddable":true,"href":"https:\/\/visionciudadana.com.mx\/oficial\/wp-json\/wp\/v2\/users\/1"}],"replies":[{"embeddable":true,"href":"https:\/\/visionciudadana.com.mx\/oficial\/wp-json\/wp\/v2\/comments?post=17325"}],"version-history":[{"count":1,"href":"https:\/\/visionciudadana.com.mx\/oficial\/wp-json\/wp\/v2\/posts\/17325\/revisions"}],"predecessor-version":[{"id":30767,"href":"https:\/\/visionciudadana.com.mx\/oficial\/wp-json\/wp\/v2\/posts\/17325\/revisions\/30767"}],"wp:featuredmedia":[{"embeddable":true,"href":"https:\/\/visionciudadana.com.mx\/oficial\/wp-json\/wp\/v2\/posts\/1318"}],"wp:attachment":[{"href":"https:\/\/visionciudadana.com.mx\/oficial\/wp-json\/wp\/v2\/media?parent=17325"}],"wp:term":[{"taxonomy":"category","embeddable":true,"href":"https:\/\/visionciudadana.com.mx\/oficial\/wp-json\/wp\/v2\/categories?post=17325"},{"taxonomy":"post_tag","embeddable":true,"href":"https:\/\/visionciudadana.com.mx\/oficial\/wp-json\/wp\/v2\/tags?post=17325"},{"taxonomy":"author","embeddable":true,"href":"https:\/\/visionciudadana.com.mx\/oficial\/wp-json\/wp\/v2\/ppma_author?post=17325"}],"curies":[{"name":"wp","href":"https:\/\/api.w.org\/{rel}","templated":true}]}}