{"id":17324,"date":"2021-08-02T22:29:55","date_gmt":"2021-08-02T22:29:55","guid":{"rendered":"https:\/\/visionciudadana.com.mx\/chio\/2021\/08\/02\/avanza-la-confeccion-y-elaboracion-de-paquetes-del-programa-de-uniformes-y-utiles-escolares-gratuitos-del-gobierno-de-sinaloa\/"},"modified":"2025-06-25T00:11:47","modified_gmt":"2025-06-25T00:11:47","slug":"avanza-la-confeccion-y-elaboracion-de-paquetes-del-programa-de-uniformes-y-utiles-escolares-gratuitos-del-gobierno-de-sinaloa","status":"publish","type":"post","link":"https:\/\/visionciudadana.com.mx\/oficial\/2021\/08\/02\/avanza-la-confeccion-y-elaboracion-de-paquetes-del-programa-de-uniformes-y-utiles-escolares-gratuitos-del-gobierno-de-sinaloa\/","title":{"rendered":"Avanza la confecci\u00f3n y elaboraci\u00f3n de paquetes del programa de Uniformes y \u00datiles Escolares\u00a0 Gratuitos del Gobierno de Sinaloa"},"content":{"rendered":"<p class=\"x_MsoNormal\">&nbsp;<\/p>\n<p class=\"x_MsoNormal\"><b><img fetchpriority=\"high\" decoding=\"async\" src=\"images\/2021\/julio21\/agosto21\/avanza.jpg\" alt=\"avanza\" width=\"720\" height=\"480\" style=\"display: block; margin: 20px auto;\" \/>&nbsp;<\/b><\/p>\n<p class=\"x_MsoNormal\" style=\"text-align: justify;\"><span style=\"font-size: 14pt; font-family: arial, helvetica, sans-serif;\">Un avance de un 70 % en la confecci\u00f3n de uniformes y elaboraci\u00f3n de paquetes del programa de Uniformes y&nbsp; \u00datiles Escolares gratuitos del Gobierno de Sinaloa es lo que se lleva hasta el momento, inform\u00f3 el Coordinador de este programa, Omar Cuevas Inzunza.<\/span><\/p>\n<p style=\"text-align: justify;\">&nbsp;<\/p>\n<p class=\"x_MsoNormal\" style=\"text-align: justify;\"><span style=\"font-size: 14pt; font-family: arial, helvetica, sans-serif;\">\u201cLlevamos un avance considerable a la fecha de los uniformes y \u00fatiles que se habr\u00e1n de entregar en las pr\u00f3ximas semanas\u201d, explic\u00f3.<\/span><\/p>\n<p style=\"text-align: justify;\">&nbsp;<\/p>\n<p class=\"x_MsoNormal\" style=\"text-align: justify;\"><span style=\"font-size: 14pt; font-family: arial, helvetica, sans-serif;\">Inform\u00f3 que se cerr\u00f3 el registro del padr\u00f3n de proveedores que se inscribieron para participar en este programa, 154 son de uniformes de los cuales 122 son talleres y 32 comercializadores, en el caso de&nbsp; proveedores de \u00fatiles escolares participan 172.<\/span><\/p>\n<p style=\"text-align: justify;\">&nbsp;<\/p>\n<p class=\"x_MsoNormal\" style=\"text-align: justify;\"><span style=\"font-size: 14pt; font-family: arial, helvetica, sans-serif;\">Cabe mencionar que a los fabricantes de proveedores de uniformes el&nbsp; Gobierno de Quirino Ordaz Coppel les otorg\u00f3 un anticipo extraordinario por el orden de los 90 millones de pesos.<\/span><\/p>\n<p style=\"text-align: justify;\">&nbsp;<\/p>\n<p class=\"x_MsoNormal\" style=\"text-align: justify;\"><span style=\"font-size: 14pt; font-family: arial, helvetica, sans-serif;\">Cuevas Inzunza comunic\u00f3 que ya se est\u00e1 llevando a cabo la entrega del beneficio de un par de calzado escolar para los ni\u00f1os y ni\u00f1as de educaci\u00f3n preescolar (k\u00ednder).<\/span><\/p>\n<p style=\"text-align: justify;\">&nbsp;<\/p>\n<p class=\"x_MsoNormal\" style=\"text-align: justify;\"><span style=\"font-size: 14pt; font-family: arial, helvetica, sans-serif;\">\u201cYa estamos en la entrega de dicho beneficio, empez\u00f3 el pasado 19 de julio, vamos con resultados modestos por lo que exhortamos a los padres de familias a que acudan a los diversos centros de canje que tenemos en el Estado\u201d, subray\u00f3, a\u00f1adiendo que en los establecimientos se cuenta con los protocolos de sanidad.<\/span><\/p>\n<p style=\"text-align: justify;\">&nbsp;<\/p>\n<p class=\"x_MsoNormal\" style=\"text-align: justify;\"><span style=\"font-size: 14pt; font-family: arial, helvetica, sans-serif;\">Adelant\u00f3 que se incrementar\u00e1n los centros de canje para que los padres de familia tengan un mayor acceso a este beneficio.<\/span><\/p>\n<p style=\"text-align: justify;\">&nbsp;<\/p>\n<p class=\"x_MsoNormal\" style=\"text-align: justify;\"><span style=\"font-size: 14pt; font-family: arial, helvetica, sans-serif;\">El programa de Uniformes, \u00datiles y Calzado Escolar Gratuitos es un programa que beneficia a los padres de familia y al sector textil y papelero de Sinaloa cuyo presupuesto es de 320 millones de pesos.<\/span><\/p>\n<p style=\"text-align: justify;\">&nbsp;<\/p>\n<p class=\"x_MsoNormal\" style=\"text-align: justify;\"><span style=\"font-size: 14pt; font-family: arial, helvetica, sans-serif;\">\u201cToda la derrama econ\u00f3mica se invierte y queda en Sinaloa porque son proveedores cien por ciento sinaloenses, mujeres y hombres los que elaboran, confeccionan y arman los paquetes de uniformes y \u00fatiles escolares\u201d, destac\u00f3.<\/span><\/p>\n<p style=\"text-align: justify;\">&nbsp;<\/p>\n<p class=\"x_MsoNormal\" style=\"text-align: justify;\"><span style=\"font-size: 14pt; font-family: arial, helvetica, sans-serif;\">La generaci\u00f3n de empleos que el programa provoca es importante, m\u00e1s de 12 mil empleos en la industria textil y alrededor de 5 mil empleos en el sector papelero, estos negocios propician la participaci\u00f3n de los integrantes de las familias en estos giros de la econom\u00eda.<\/span><\/p>\n<p style=\"text-align: justify;\">&nbsp;<\/p>\n<p class=\"x_MsoNormal\" style=\"text-align: justify;\"><span style=\"font-size: 14pt; font-family: arial, helvetica, sans-serif;\">Importante se\u00f1alar que un padre de familia que tiene un hijo en preescolar obtiene un apoyo gracias al programa de Uniformes, \u00datiles y Calzado Escolar por hijo o hija de alrededor 1,200 pesos y en el nivel b\u00e1sico y secundaria 1,000 pesos por alumno o alumna.<\/span><\/p>\n<p style=\"text-align: justify;\">&nbsp;<\/p>\n<p class=\"x_MsoNormal\" style=\"text-align: justify;\"><span style=\"font-size: 14pt; font-family: arial, helvetica, sans-serif;\">La matr\u00edcula escolar aproximada a beneficiar en el pr\u00f3ximo ciclo escolar ser\u00e1 de poco m\u00e1s 500 mil alumnos de nivel b\u00e1sico (preescolar, primaria, secundaria) y el beneficio a otorgar es 2 uniformes escolares, 1 paquete de \u00fatiles, (Primaria y Secundaria) y 1 par de calzado deportivo (preescolar), la p\u00e1gina para conocer m\u00e1s del programa es&nbsp;<span class=\"x_gmail-MsoHyperlink\"><a href=\"http:\/\/www.uniformesyutilesescolares.sinaloa.gob.mx\/\" target=\"_blank\" rel=\"noopener noreferrer\" data-auth=\"NotApplicable\" data-linkindex=\"0\">www.uniformesyutilesescolares.sinaloa.gob.mx<\/a><\/span><\/span><\/p>\n<p style=\"text-align: justify;\">&nbsp;<\/p>\n<p class=\"x_MsoNormal\" style=\"text-align: justify;\"><span style=\"font-size: 14pt; font-family: arial, helvetica, sans-serif;\">El coordinador del programa de Uniformes, \u00datiles y Calzado Escolar, dijo que la instrucci\u00f3n del Secretario de Econom\u00eda, Javier Liz\u00e1rraga Mercado, ha sido atender a estos dos grupos importantes generadores de empleo en el Estado, como lo son el sector textil y papelero.<\/span><\/p>\n<p style=\"text-align: justify;\">&nbsp;<\/p>\n<p class=\"x_MsoNormal\" style=\"text-align: justify;\"><span style=\"font-size: 14pt; font-family: arial, helvetica, sans-serif;\">Ser\u00e1 en los pr\u00f3ximos d\u00edas cuando se d\u00e9 a conocer el mecanismo de entrega de los beneficios del programa que se llevar\u00e1 a cabo por orden alfab\u00e9tico que correspondan al primer apellido del alumno o alumna, adem\u00e1s del anuncio de la fecha del inicio y culminaci\u00f3n del canje de uniformes y \u00fatiles.<\/span><\/p>\n<p style=\"text-align: justify;\">&nbsp;<\/p>\n<p class=\"x_MsoNormal\" style=\"text-align: justify;\"><span style=\"font-size: 14pt; font-family: arial, helvetica, sans-serif;\">Es importante informar que se han llevado reuniones para reiterar los protocolos de higiene que deber\u00e1n seguir los padres de familia al acudir a los centros de canje, el uso de cubrebocas, la aplicaci\u00f3n de gel antibacterial y la toma de temperatura para minimizar riesgos ante la pandemia.<\/span><\/p>\n<p style=\"text-align: justify;\">&nbsp;<\/p>\n<p class=\"x_MsoNormal\" style=\"text-align: justify;\"><span style=\"font-size: 14pt; font-family: arial, helvetica, sans-serif;\">\u201cDesde el a\u00f1o pasado a los proveedores del programa se les certific\u00f3 con el distintivo PASE (Protocolo de Atenci\u00f3n y Sanidad en Empresas) que otorga la Secretar\u00eda de Econom\u00eda del Gobierno de Sinaloa, y este a\u00f1o no es la excepci\u00f3n, ya se tuvo una primer capacitaci\u00f3n y continuaremos con m\u00e1s sesiones en los pr\u00f3ximos d\u00edas\u201d, finaliz\u00f3.<\/span><\/p>\n<div style=\"text-align: justify;\">&nbsp;<\/div>\n<div style=\"text-align: justify;\">&nbsp;<\/div>\n<div style=\"text-align: justify;\">&nbsp;<\/div>\n<div style=\"text-align: justify;\"><span style=\"font-size: 14pt; font-family: arial, helvetica, sans-serif;\">REDACCI\u00d3N\/VISI\u00d3N CIUDADANA.&nbsp;<\/span><\/div>\n","protected":false},"excerpt":{"rendered":"<p>&nbsp; &nbsp; Un avance de un 70 % en la confecci\u00f3n de uniformes y elaboraci\u00f3n de paquetes del programa de Uniformes y&nbsp; \u00datiles Escolares gratuitos del Gobierno de Sinaloa es lo que se lleva hasta el momento, inform\u00f3 el Coordinador de este programa, Omar Cuevas Inzunza. &nbsp; \u201cLlevamos un avance considerable a la fecha de [&hellip;]<\/p>\n","protected":false},"author":1,"featured_media":1316,"comment_status":"closed","ping_status":"closed","sticky":false,"template":"","format":"standard","meta":{"footnotes":""},"categories":[24],"tags":[],"ppma_author":[31],"class_list":["post-17324","post","type-post","status-publish","format-standard","has-post-thumbnail","hentry","category-relevantes"],"aioseo_notices":[],"authors":[{"term_id":31,"user_id":1,"is_guest":0,"slug":"ivan3vino","display_name":"Iv\u00e1n Trevi\u00f1o","avatar_url":{"url":"https:\/\/visionciudadana.com.mx\/oficial\/wp-content\/uploads\/2025\/09\/columna-ivan-Trevino.png","url2x":"https:\/\/visionciudadana.com.mx\/oficial\/wp-content\/uploads\/2025\/09\/columna-ivan-Trevino.png"},"0":null,"1":"","2":"","3":"","4":"","5":"","6":"","7":"","8":""}],"_links":{"self":[{"href":"https:\/\/visionciudadana.com.mx\/oficial\/wp-json\/wp\/v2\/posts\/17324","targetHints":{"allow":["GET"]}}],"collection":[{"href":"https:\/\/visionciudadana.com.mx\/oficial\/wp-json\/wp\/v2\/posts"}],"about":[{"href":"https:\/\/visionciudadana.com.mx\/oficial\/wp-json\/wp\/v2\/types\/post"}],"author":[{"embeddable":true,"href":"https:\/\/visionciudadana.com.mx\/oficial\/wp-json\/wp\/v2\/users\/1"}],"replies":[{"embeddable":true,"href":"https:\/\/visionciudadana.com.mx\/oficial\/wp-json\/wp\/v2\/comments?post=17324"}],"version-history":[{"count":1,"href":"https:\/\/visionciudadana.com.mx\/oficial\/wp-json\/wp\/v2\/posts\/17324\/revisions"}],"predecessor-version":[{"id":30768,"href":"https:\/\/visionciudadana.com.mx\/oficial\/wp-json\/wp\/v2\/posts\/17324\/revisions\/30768"}],"wp:featuredmedia":[{"embeddable":true,"href":"https:\/\/visionciudadana.com.mx\/oficial\/wp-json\/wp\/v2\/posts\/1316"}],"wp:attachment":[{"href":"https:\/\/visionciudadana.com.mx\/oficial\/wp-json\/wp\/v2\/media?parent=17324"}],"wp:term":[{"taxonomy":"category","embeddable":true,"href":"https:\/\/visionciudadana.com.mx\/oficial\/wp-json\/wp\/v2\/categories?post=17324"},{"taxonomy":"post_tag","embeddable":true,"href":"https:\/\/visionciudadana.com.mx\/oficial\/wp-json\/wp\/v2\/tags?post=17324"},{"taxonomy":"author","embeddable":true,"href":"https:\/\/visionciudadana.com.mx\/oficial\/wp-json\/wp\/v2\/ppma_author?post=17324"}],"curies":[{"name":"wp","href":"https:\/\/api.w.org\/{rel}","templated":true}]}}