{"id":17323,"date":"2021-08-02T22:24:04","date_gmt":"2021-08-02T22:24:04","guid":{"rendered":"https:\/\/visionciudadana.com.mx\/chio\/2021\/08\/02\/tianguis-huizaches-permanece-cerrado-hasta-nuevo-aviso\/"},"modified":"2025-06-25T00:11:47","modified_gmt":"2025-06-25T00:11:47","slug":"tianguis-huizaches-permanece-cerrado-hasta-nuevo-aviso","status":"publish","type":"post","link":"https:\/\/visionciudadana.com.mx\/oficial\/2021\/08\/02\/tianguis-huizaches-permanece-cerrado-hasta-nuevo-aviso\/","title":{"rendered":"Tianguis Huizaches permanece cerrado hasta nuevo aviso"},"content":{"rendered":"<p><img fetchpriority=\"high\" decoding=\"async\" src=\"images\/2021\/julio21\/agosto21\/cerrado.jpg\" alt=\"cerrado\" width=\"720\" height=\"480\" style=\"display: block; margin: 20px auto;\" \/><\/p>\n<p>&nbsp;<\/p>\n<p class=\"x_MsoNormal\" style=\"text-align: justify;\"><span style=\"font-size: 14pt; font-family: arial, helvetica, sans-serif;\">Ante las condiciones de la contingencia sanitaria y las cifras de contagios de COVID-19 que se mantienen altas, el Tianguis Huizaches permanecer\u00e1 cerrado hasta nuevo aviso, determinaci\u00f3n tomada por el Gobierno de Culiac\u00e1n con el objetivo de priorizar el cuidado de la salud.<\/span><\/p>\n<p style=\"text-align: justify;\">&nbsp;<\/p>\n<p class=\"x_MsoNormal\" style=\"text-align: justify;\"><span style=\"font-size: 14pt; font-family: arial, helvetica, sans-serif;\">El titular del Departamento de Mercados, Jes\u00fas Adri\u00e1n Cerda Orozco, inform\u00f3 que debido a que este es el Tianguis m\u00e1s grande de la ciudad, concentra a un gran n\u00famero de personas y es por ello que se lleg\u00f3 a dicha decisi\u00f3n para evitar las aglomeraciones y por ende el riesgo de contagios.<\/span><\/p>\n<p style=\"text-align: justify;\">&nbsp;<\/p>\n<p class=\"x_MsoNormal\" style=\"text-align: justify;\"><span style=\"font-size: 14pt; font-family: arial, helvetica, sans-serif;\">Precis\u00f3 que en el caso del resto de los tianguis estos seguir\u00e1n funcionando como hasta ahora con todos los protocolos sanitarios que son revisados constantemente por el Departamento a su cargo en conjunto con la Coordinaci\u00f3n de Inspecci\u00f3n y Vigilancia y la Coordinaci\u00f3n Municipal de Protecci\u00f3n Civil.<\/span><\/p>\n<p style=\"text-align: justify;\">&nbsp;<\/p>\n<p class=\"x_MsoNormal\" style=\"text-align: justify;\"><span style=\"font-size: 14pt; font-family: arial, helvetica, sans-serif;\">\u201cLos comerciantes est\u00e1n respondiendo muy bien, ellos cuentan con su gel en su \u00e1rea de trabajo, tienen cubrebocas, le est\u00e1n repartiendo a la poblaci\u00f3n, a la gente, no hay mucha afluencia, mucha gente se est\u00e1 resguardando en su casa, pero ellos est\u00e1n colaborando muy bien\u201d, expres\u00f3 al pedir tambi\u00e9n a la ciudadan\u00eda que acude a ellos, que porten adecuadamente cubrebocas y sigan cuid\u00e1ndose.<\/span><\/p>\n<p style=\"text-align: justify;\">&nbsp;<\/p>\n<p class=\"x_MsoNormal\" style=\"text-align: justify;\"><span style=\"font-size: 14pt; font-family: arial, helvetica, sans-serif;\">El funcionario municipal indic\u00f3 que en las inspecciones realizadas en los tianguis Felipe \u00c1ngeles, Adolfo L\u00f3pez Mateos, Nakayama, Aguaruto, Lombardo Toledano y 5 de Febrero, no se ha detectado irregularidad alguna, por lo que no ha habido necesidad de sancionar a comerciantes ni a ciudadanos que asisten a estos lugares.<\/span><\/p>\n<p style=\"text-align: justify;\">&nbsp;<\/p>\n<p class=\"x_MsoNormal\" style=\"text-align: justify;\"><span style=\"font-size: 14pt; font-family: arial, helvetica, sans-serif;\">Asimismo, reafirm\u00f3 que la instrucci\u00f3n del alcalde Lic. Jes\u00fas Estrada Ferreiro es no bajar la guardia durante esta pandemia, sin embargo tambi\u00e9n se busca apoyar la econom\u00eda de quienes se dedican a la actividad comercial, es por ello que dichos tianguis permanecen abiertos y una vez que las condiciones epidemiol\u00f3gicas lo permitan, ser\u00e1 reabierto el Tianguis Huizaches.<\/span><\/p>\n<p style=\"text-align: justify;\">&nbsp;<\/p>\n<p style=\"text-align: justify;\">&nbsp;<\/p>\n<p style=\"text-align: justify;\"><span style=\"font-size: 14pt; font-family: arial, helvetica, sans-serif;\">REDACCI\u00d3N\/VISI\u00d3N CIUDADANA.<\/span><\/p>\n","protected":false},"excerpt":{"rendered":"<p>&nbsp; Ante las condiciones de la contingencia sanitaria y las cifras de contagios de COVID-19 que se mantienen altas, el Tianguis Huizaches permanecer\u00e1 cerrado hasta nuevo aviso, determinaci\u00f3n tomada por el Gobierno de Culiac\u00e1n con el objetivo de priorizar el cuidado de la salud. &nbsp; El titular del Departamento de Mercados, Jes\u00fas Adri\u00e1n Cerda Orozco, [&hellip;]<\/p>\n","protected":false},"author":1,"featured_media":1314,"comment_status":"closed","ping_status":"closed","sticky":false,"template":"","format":"standard","meta":{"footnotes":""},"categories":[24],"tags":[],"ppma_author":[31],"class_list":["post-17323","post","type-post","status-publish","format-standard","has-post-thumbnail","hentry","category-relevantes"],"aioseo_notices":[],"authors":[{"term_id":31,"user_id":1,"is_guest":0,"slug":"ivan3vino","display_name":"Iv\u00e1n Trevi\u00f1o","avatar_url":{"url":"https:\/\/visionciudadana.com.mx\/oficial\/wp-content\/uploads\/2025\/09\/columna-ivan-Trevino.png","url2x":"https:\/\/visionciudadana.com.mx\/oficial\/wp-content\/uploads\/2025\/09\/columna-ivan-Trevino.png"},"0":null,"1":"","2":"","3":"","4":"","5":"","6":"","7":"","8":""}],"_links":{"self":[{"href":"https:\/\/visionciudadana.com.mx\/oficial\/wp-json\/wp\/v2\/posts\/17323","targetHints":{"allow":["GET"]}}],"collection":[{"href":"https:\/\/visionciudadana.com.mx\/oficial\/wp-json\/wp\/v2\/posts"}],"about":[{"href":"https:\/\/visionciudadana.com.mx\/oficial\/wp-json\/wp\/v2\/types\/post"}],"author":[{"embeddable":true,"href":"https:\/\/visionciudadana.com.mx\/oficial\/wp-json\/wp\/v2\/users\/1"}],"replies":[{"embeddable":true,"href":"https:\/\/visionciudadana.com.mx\/oficial\/wp-json\/wp\/v2\/comments?post=17323"}],"version-history":[{"count":1,"href":"https:\/\/visionciudadana.com.mx\/oficial\/wp-json\/wp\/v2\/posts\/17323\/revisions"}],"predecessor-version":[{"id":30769,"href":"https:\/\/visionciudadana.com.mx\/oficial\/wp-json\/wp\/v2\/posts\/17323\/revisions\/30769"}],"wp:featuredmedia":[{"embeddable":true,"href":"https:\/\/visionciudadana.com.mx\/oficial\/wp-json\/wp\/v2\/posts\/1314"}],"wp:attachment":[{"href":"https:\/\/visionciudadana.com.mx\/oficial\/wp-json\/wp\/v2\/media?parent=17323"}],"wp:term":[{"taxonomy":"category","embeddable":true,"href":"https:\/\/visionciudadana.com.mx\/oficial\/wp-json\/wp\/v2\/categories?post=17323"},{"taxonomy":"post_tag","embeddable":true,"href":"https:\/\/visionciudadana.com.mx\/oficial\/wp-json\/wp\/v2\/tags?post=17323"},{"taxonomy":"author","embeddable":true,"href":"https:\/\/visionciudadana.com.mx\/oficial\/wp-json\/wp\/v2\/ppma_author?post=17323"}],"curies":[{"name":"wp","href":"https:\/\/api.w.org\/{rel}","templated":true}]}}