{"id":17322,"date":"2021-08-02T22:20:23","date_gmt":"2021-08-02T22:20:23","guid":{"rendered":"https:\/\/visionciudadana.com.mx\/chio\/2021\/08\/02\/la-consulta-popular-abre-el-camino-para-consolidar-una-democracia-participativa\/"},"modified":"2025-06-25T00:11:47","modified_gmt":"2025-06-25T00:11:47","slug":"la-consulta-popular-abre-el-camino-para-consolidar-una-democracia-participativa","status":"publish","type":"post","link":"https:\/\/visionciudadana.com.mx\/oficial\/2021\/08\/02\/la-consulta-popular-abre-el-camino-para-consolidar-una-democracia-participativa\/","title":{"rendered":"La Consulta Popular abre el camino para consolidar una democracia participativa."},"content":{"rendered":"<div>&nbsp;<\/div>\n<div><img fetchpriority=\"high\" decoding=\"async\" src=\"images\/2021\/julio21\/agosto21\/consulta.jpg\" alt=\"consulta\" width=\"720\" height=\"480\" style=\"display: block; margin: 20px auto;\" \/><\/div>\n<div style=\"text-align: justify;\"><span style=\"font-size: 14pt; font-family: arial, helvetica, sans-serif;\">En un hecho hist\u00f3rico, ayer se inaugur\u00f3 en M\u00e9xico la consulta popular como parte de la democracia participativa, aunque hubo baja participaci\u00f3n, gan\u00f3 avasalladoramente el \u201cS\u00cf\u201d, aunque estamos a prueba y error, ya se encuentra plasmada en nuestra Constituci\u00f3n Pol\u00edtica, hay que aprovecharla, hoy se hizo de esta manera pero coincido con el presidente de Morena, Mario Delgado que esta consulta debe de ir a la par con las elecciones para que exista mayor participaci\u00f3n y se ahorre presupuesto, manifest\u00f3 el presidente del Partido Sinaloense, H\u00e9ctor Melesio Cu\u00e9n Ojeda.<\/span><\/div>\n<div style=\"text-align: justify;\">\n<p><span style=\"font-size: 14pt; font-family: arial, helvetica, sans-serif;\">La baja participaci\u00f3n se debe a que solo se instalaron un tercio de las casillas, en una elecci\u00f3n normal se instalan en el pa\u00eds m\u00e1s de 160 mil casillas y la gente acude a votar m\u00e1s porque ya sabe d\u00f3nde se encuentran, pero, para esta consulta popular se instalaron 57 mil mesas receptoras en lugares diferentes a donde se instalan las casillas electorales.<\/span><\/div>\n<div style=\"text-align: justify;\">\n<p><span style=\"font-size: 14pt; font-family: arial, helvetica, sans-serif;\">\u201cLa gente dif\u00edcilmente ubic\u00f3 esas mesas receptoras, muchas de las personas no pudieron consultar esa ubicaci\u00f3n ya que en sus casas no cuentan con internet y no supieron donde aparecer\u00eda su nombre, otro aspecto de la baja participaci\u00f3n fue de que solo podr\u00edas votar en una sola casilla, si se hubieran tenido todo el padr\u00f3n electoral de Sinaloa en cada mesa receptora hubiera habido m\u00e1s participaci\u00f3n\u201d, expres\u00f3 H\u00e9ctor Melesio Cu\u00e9n Ojeda.<\/span><\/div>\n<div style=\"text-align: justify;\">\n<p><span style=\"font-size: 14pt; font-family: arial, helvetica, sans-serif;\">Tenemos la esperanza de que, en un futuro, las consultas populares se realicen en las mismas mesas receptoras de una elecci\u00f3n Constitucional, este parteaguas abre la posibilidad de consultar a los ciudadanos de Sinaloa sobre el horario de verano, entre otras acciones que afectan su vida., recordemos que el Partido Sinaloense es pionero, en nuestro estado, sobre la democracia participativa ya que en varias ocasiones ha consultado a la gente si quiere o no el horario de verano y m\u00e1s de 227 firmas dijeron que \u201cNO\u201d.<\/span><\/div>\n<div style=\"text-align: justify;\">\n<p><span style=\"font-size: 14pt; font-family: arial, helvetica, sans-serif;\">\u201cEsto que sucedi\u00f3 ayer en M\u00e9xico de darnos la oportunidad de opinar sobre la vida pol\u00edtica es muy bueno, considero importante resaltar que la baja participaci\u00f3n es porque estamos viviendo momentos de contingencia sanitaria, recordemos que Sinaloa est\u00e1 en el color rojo epidemiol\u00f3gico; pero lo m\u00e1s importante es que ya se instal\u00f3 en M\u00e9xico la democracia participativa, eso es lo m\u00e1s importante\u201d, dijo H\u00e9ctor Melesio Cu\u00e9n Ojeda.<\/span><\/div>\n<div>&nbsp;<\/div>\n<div style=\"text-align: justify;\">&nbsp;<\/div>\n<div style=\"text-align: justify;\">&nbsp;<\/div>\n<div style=\"text-align: justify;\">&nbsp;<\/div>\n<div style=\"text-align: justify;\"><span style=\"font-size: 14pt; font-family: arial, helvetica, sans-serif;\">REDACCI\u00d3N\/VISI\u00d3N CIUDADANA.<\/span><\/div>\n","protected":false},"excerpt":{"rendered":"<p>&nbsp; En un hecho hist\u00f3rico, ayer se inaugur\u00f3 en M\u00e9xico la consulta popular como parte de la democracia participativa, aunque hubo baja participaci\u00f3n, gan\u00f3 avasalladoramente el \u201cS\u00cf\u201d, aunque estamos a prueba y error, ya se encuentra plasmada en nuestra Constituci\u00f3n Pol\u00edtica, hay que aprovecharla, hoy se hizo de esta manera pero coincido con el presidente [&hellip;]<\/p>\n","protected":false},"author":1,"featured_media":1312,"comment_status":"closed","ping_status":"closed","sticky":false,"template":"","format":"standard","meta":{"footnotes":""},"categories":[24],"tags":[],"ppma_author":[31],"class_list":["post-17322","post","type-post","status-publish","format-standard","has-post-thumbnail","hentry","category-relevantes"],"aioseo_notices":[],"authors":[{"term_id":31,"user_id":1,"is_guest":0,"slug":"ivan3vino","display_name":"Iv\u00e1n Trevi\u00f1o","avatar_url":{"url":"https:\/\/visionciudadana.com.mx\/oficial\/wp-content\/uploads\/2025\/09\/columna-ivan-Trevino.png","url2x":"https:\/\/visionciudadana.com.mx\/oficial\/wp-content\/uploads\/2025\/09\/columna-ivan-Trevino.png"},"0":null,"1":"","2":"","3":"","4":"","5":"","6":"","7":"","8":""}],"_links":{"self":[{"href":"https:\/\/visionciudadana.com.mx\/oficial\/wp-json\/wp\/v2\/posts\/17322","targetHints":{"allow":["GET"]}}],"collection":[{"href":"https:\/\/visionciudadana.com.mx\/oficial\/wp-json\/wp\/v2\/posts"}],"about":[{"href":"https:\/\/visionciudadana.com.mx\/oficial\/wp-json\/wp\/v2\/types\/post"}],"author":[{"embeddable":true,"href":"https:\/\/visionciudadana.com.mx\/oficial\/wp-json\/wp\/v2\/users\/1"}],"replies":[{"embeddable":true,"href":"https:\/\/visionciudadana.com.mx\/oficial\/wp-json\/wp\/v2\/comments?post=17322"}],"version-history":[{"count":1,"href":"https:\/\/visionciudadana.com.mx\/oficial\/wp-json\/wp\/v2\/posts\/17322\/revisions"}],"predecessor-version":[{"id":30770,"href":"https:\/\/visionciudadana.com.mx\/oficial\/wp-json\/wp\/v2\/posts\/17322\/revisions\/30770"}],"wp:featuredmedia":[{"embeddable":true,"href":"https:\/\/visionciudadana.com.mx\/oficial\/wp-json\/wp\/v2\/posts\/1312"}],"wp:attachment":[{"href":"https:\/\/visionciudadana.com.mx\/oficial\/wp-json\/wp\/v2\/media?parent=17322"}],"wp:term":[{"taxonomy":"category","embeddable":true,"href":"https:\/\/visionciudadana.com.mx\/oficial\/wp-json\/wp\/v2\/categories?post=17322"},{"taxonomy":"post_tag","embeddable":true,"href":"https:\/\/visionciudadana.com.mx\/oficial\/wp-json\/wp\/v2\/tags?post=17322"},{"taxonomy":"author","embeddable":true,"href":"https:\/\/visionciudadana.com.mx\/oficial\/wp-json\/wp\/v2\/ppma_author?post=17322"}],"curies":[{"name":"wp","href":"https:\/\/api.w.org\/{rel}","templated":true}]}}