{"id":17303,"date":"2021-07-28T22:23:38","date_gmt":"2021-07-28T22:23:38","guid":{"rendered":"https:\/\/visionciudadana.com.mx\/chio\/2021\/07\/28\/coordinacion-nacional-de-proteccion-civil-emite-alertamiento-en-cinco-estados-por-robo-de-cilindro-gas-cloro\/"},"modified":"2025-06-25T00:11:48","modified_gmt":"2025-06-25T00:11:48","slug":"coordinacion-nacional-de-proteccion-civil-emite-alertamiento-en-cinco-estados-por-robo-de-cilindro-gas-cloro","status":"publish","type":"post","link":"https:\/\/visionciudadana.com.mx\/oficial\/2021\/07\/28\/coordinacion-nacional-de-proteccion-civil-emite-alertamiento-en-cinco-estados-por-robo-de-cilindro-gas-cloro\/","title":{"rendered":"Coordinaci\u00f3n Nacional de Protecci\u00f3n Civil emite alertamiento en cinco estados por robo de cilindro gas cloro*"},"content":{"rendered":"<p class=\"x_MsoNormal\" style=\"text-align: justify;\">&nbsp;<\/p>\n<p><img fetchpriority=\"high\" decoding=\"async\" src=\"images\/2021\/julio21\/cilindro.jpg\" alt=\"cilindro\" width=\"720\" height=\"480\" style=\"display: block; margin: 20px auto;\" \/><\/p>\n<p class=\"x_MsoNormal\" style=\"text-align: justify;\"><span style=\"font-size: 14pt; font-family: arial, helvetica, sans-serif;\">Coordinaci\u00f3n Nacional de Protecci\u00f3n Civil de la Secretar\u00eda de Seguridad y Protecci\u00f3n Ciudadana, emiti\u00f3 un alertamiento a las Unidades de Protecci\u00f3n Civil de los estados de Chihuahua, Coahuila, Durango, Sinaloa y Sonora a fin de que se implementen las medidas preventivas hacia la poblaci\u00f3n, por el robo de un cilindro gas cloro propiedad de la Junta Municipal de Agua y Saneamiento del Municipio de Chihuahua, (JMAS), sustra\u00eddo el pasado martes 27 de julio.<\/span><\/p>\n<p>&nbsp;<\/p>\n<p class=\"x_MsoNormal\" style=\"text-align: justify;\"><span style=\"font-size: 14pt; font-family: arial, helvetica, sans-serif;\">Marco Antonio Mart\u00ednez de Alba, titular de la Coordinaci\u00f3n Municipal de Protecci\u00f3n Civil, explic\u00f3 que el objeto sin localizar, tiene como caracter\u00edsticas particulares, 1.70 metros altura por 30 cent\u00edmetros de di\u00e1metro, color plata, con una capacidad de 68 kilogramos, el cual era utilizado para el proceso de potabilizaci\u00f3n del agua.<\/span><\/p>\n<p style=\"text-align: justify;\">&nbsp;<\/p>\n<p class=\"x_MsoNormal\" style=\"text-align: justify;\"><span style=\"font-size: 14pt; font-family: arial, helvetica, sans-serif;\">Por medio del alertamiento emitido a nivel nacional, el funcionario municipal declar\u00f3 que se mantiene comunicaci\u00f3n con todos los niveles de gobierno para la pronta detecci\u00f3n y recuperaci\u00f3n del cilindro cloro.<\/span><\/p>\n<p style=\"text-align: justify;\">&nbsp;<\/p>\n<p class=\"x_MsoNormal\" style=\"text-align: justify;\"><span style=\"font-size: 14pt; font-family: arial, helvetica, sans-serif;\">Asimismo, exhort\u00f3 a la poblaci\u00f3n que en caso de encontrarse o conocer detalles de su paradero, se evite el contacto directo con el cilindro, debido al alto riesgo que implica su manipulaci\u00f3n y exposici\u00f3n.<\/span><\/p>\n<p style=\"text-align: justify;\">&nbsp;<\/p>\n<p class=\"x_MsoNormal\" style=\"text-align: justify;\"><span style=\"font-size: 14pt; font-family: arial, helvetica, sans-serif;\">En caso de tener informaci\u00f3n del paradero de este objeto, se recomienda a la poblaci\u00f3n reportarlo ante el n\u00famero de emergencia del 9-1-1 para que un equipo especializado proceda con su aseguramiento.<\/span><\/p>\n<p style=\"text-align: justify;\">&nbsp;<\/p>\n<p style=\"text-align: justify;\">&nbsp;<\/p>\n<p style=\"text-align: justify;\"><span style=\"font-size: 14pt; font-family: arial, helvetica, sans-serif;\">REDACCI\u00d3N\/VISI\u00d3N CIUDADANA.<\/span><\/p>\n","protected":false},"excerpt":{"rendered":"<p>&nbsp; Coordinaci\u00f3n Nacional de Protecci\u00f3n Civil de la Secretar\u00eda de Seguridad y Protecci\u00f3n Ciudadana, emiti\u00f3 un alertamiento a las Unidades de Protecci\u00f3n Civil de los estados de Chihuahua, Coahuila, Durango, Sinaloa y Sonora a fin de que se implementen las medidas preventivas hacia la poblaci\u00f3n, por el robo de un cilindro gas cloro propiedad de [&hellip;]<\/p>\n","protected":false},"author":1,"featured_media":1285,"comment_status":"closed","ping_status":"closed","sticky":false,"template":"","format":"standard","meta":{"footnotes":""},"categories":[13],"tags":[],"ppma_author":[31],"class_list":["post-17303","post","type-post","status-publish","format-standard","has-post-thumbnail","hentry","category-locales"],"aioseo_notices":[],"authors":[{"term_id":31,"user_id":1,"is_guest":0,"slug":"ivan3vino","display_name":"Iv\u00e1n Trevi\u00f1o","avatar_url":{"url":"https:\/\/visionciudadana.com.mx\/oficial\/wp-content\/uploads\/2025\/09\/columna-ivan-Trevino.png","url2x":"https:\/\/visionciudadana.com.mx\/oficial\/wp-content\/uploads\/2025\/09\/columna-ivan-Trevino.png"},"0":null,"1":"","2":"","3":"","4":"","5":"","6":"","7":"","8":""}],"_links":{"self":[{"href":"https:\/\/visionciudadana.com.mx\/oficial\/wp-json\/wp\/v2\/posts\/17303","targetHints":{"allow":["GET"]}}],"collection":[{"href":"https:\/\/visionciudadana.com.mx\/oficial\/wp-json\/wp\/v2\/posts"}],"about":[{"href":"https:\/\/visionciudadana.com.mx\/oficial\/wp-json\/wp\/v2\/types\/post"}],"author":[{"embeddable":true,"href":"https:\/\/visionciudadana.com.mx\/oficial\/wp-json\/wp\/v2\/users\/1"}],"replies":[{"embeddable":true,"href":"https:\/\/visionciudadana.com.mx\/oficial\/wp-json\/wp\/v2\/comments?post=17303"}],"version-history":[{"count":1,"href":"https:\/\/visionciudadana.com.mx\/oficial\/wp-json\/wp\/v2\/posts\/17303\/revisions"}],"predecessor-version":[{"id":30777,"href":"https:\/\/visionciudadana.com.mx\/oficial\/wp-json\/wp\/v2\/posts\/17303\/revisions\/30777"}],"wp:featuredmedia":[{"embeddable":true,"href":"https:\/\/visionciudadana.com.mx\/oficial\/wp-json\/wp\/v2\/posts\/1285"}],"wp:attachment":[{"href":"https:\/\/visionciudadana.com.mx\/oficial\/wp-json\/wp\/v2\/media?parent=17303"}],"wp:term":[{"taxonomy":"category","embeddable":true,"href":"https:\/\/visionciudadana.com.mx\/oficial\/wp-json\/wp\/v2\/categories?post=17303"},{"taxonomy":"post_tag","embeddable":true,"href":"https:\/\/visionciudadana.com.mx\/oficial\/wp-json\/wp\/v2\/tags?post=17303"},{"taxonomy":"author","embeddable":true,"href":"https:\/\/visionciudadana.com.mx\/oficial\/wp-json\/wp\/v2\/ppma_author?post=17303"}],"curies":[{"name":"wp","href":"https:\/\/api.w.org\/{rel}","templated":true}]}}