{"id":17299,"date":"2021-07-28T19:39:43","date_gmt":"2021-07-28T19:39:43","guid":{"rendered":"https:\/\/visionciudadana.com.mx\/chio\/2021\/07\/28\/protocolos-sanitarios-deben-continuar-a-pesar-del-periodo-vacacional\/"},"modified":"2025-06-25T00:11:49","modified_gmt":"2025-06-25T00:11:49","slug":"protocolos-sanitarios-deben-continuar-a-pesar-del-periodo-vacacional","status":"publish","type":"post","link":"https:\/\/visionciudadana.com.mx\/oficial\/2021\/07\/28\/protocolos-sanitarios-deben-continuar-a-pesar-del-periodo-vacacional\/","title":{"rendered":"Protocolos sanitarios deben continuar a pesar del periodo vacacional*"},"content":{"rendered":"<p>&nbsp;<\/p>\n<p style=\"text-align: justify;\"><img fetchpriority=\"high\" decoding=\"async\" src=\"images\/2021\/julio21\/protocolo.jpg\" alt=\"protocolo\" width=\"720\" height=\"480\" style=\"display: block; margin: 20px auto;\" \/><\/p>\n<p class=\"x_MsoNormal\" style=\"text-align: justify;\"><span style=\"font-size: 14pt; font-family: arial, helvetica, sans-serif;\">La movilidad en la ciudad se ha visto modificada por el ritmo que traen consigo las vacaciones de verano, y es que a pesar de que hay quienes contin\u00faan realizando labores desde casa, tal es el caso de maestros y estudiantes, el cambio de rutina se ha reflejado en la afluencia de personas en las calles y otros lugares p\u00fablicos.<\/span><\/p>\n<p style=\"text-align: justify;\">&nbsp;<\/p>\n<p class=\"x_MsoNormal\" style=\"text-align: justify;\"><span style=\"font-size: 14pt; font-family: arial, helvetica, sans-serif;\">Cabe recordar que los protocolos sanitarios emitidos en d\u00edas pasados por la comuna, deben continuar siendo aplicados tanto en establecimientos comerciales, como en sitios de uso com\u00fan, e incluso en el hogar.<\/span><\/p>\n<p style=\"text-align: justify;\">&nbsp;<\/p>\n<p class=\"x_MsoNormal\" style=\"text-align: justify;\"><span style=\"font-size: 14pt; font-family: arial, helvetica, sans-serif;\">Resaltando como siempre el uso de cubrebocas, el lavado constante de manos y la acci\u00f3n de guardar una sana distancia, las disposiciones oficiales en acuerdo con representantes de diversos sectores de la sociedad, as\u00ed como la aprobaci\u00f3n de autoridades sanitarias, establecen objetivos claros.<\/span><\/p>\n<p style=\"text-align: justify;\">&nbsp;<\/p>\n<p class=\"x_MsoNormal\" style=\"text-align: justify;\"><span style=\"font-size: 14pt; font-family: arial, helvetica, sans-serif;\">Dichas metas, responden \u00fanica y exclusivamente al hecho de proteger a la ciudadan\u00eda, pues la cadena de contagios por Covid-19 ha tomado bastante fuerza en este per\u00edodo establecido ya como la tercera ola del virus.<\/span><\/p>\n<p style=\"text-align: justify;\">&nbsp;<\/p>\n<p class=\"x_MsoNormal\" style=\"text-align: justify;\"><span style=\"font-size: 14pt; font-family: arial, helvetica, sans-serif;\">En este sentido, el llamado contin\u00faa siendo permanecer en casa, y si es as\u00ed, acatar y observar los protocolos dispuestos por las autoridades locales; y de percatarse de fallas u omisiones en los mismos, realizar la denuncia correspondiente al n\u00famero de emergencias 9-1-1.<\/span><\/p>\n<p style=\"text-align: justify;\">&nbsp;<\/p>\n<p style=\"text-align: justify;\">&nbsp;<\/p>\n<p style=\"text-align: justify;\"><span style=\"font-size: 14pt; font-family: arial, helvetica, sans-serif;\">REDACCI\u00d3N\/VISI\u00d3N CIUDADANA.<\/span><\/p>\n","protected":false},"excerpt":{"rendered":"<p>&nbsp; La movilidad en la ciudad se ha visto modificada por el ritmo que traen consigo las vacaciones de verano, y es que a pesar de que hay quienes contin\u00faan realizando labores desde casa, tal es el caso de maestros y estudiantes, el cambio de rutina se ha reflejado en la afluencia de personas en [&hellip;]<\/p>\n","protected":false},"author":1,"featured_media":1277,"comment_status":"closed","ping_status":"closed","sticky":false,"template":"","format":"standard","meta":{"footnotes":""},"categories":[13],"tags":[],"ppma_author":[31],"class_list":["post-17299","post","type-post","status-publish","format-standard","has-post-thumbnail","hentry","category-locales"],"aioseo_notices":[],"authors":[{"term_id":31,"user_id":1,"is_guest":0,"slug":"ivan3vino","display_name":"Iv\u00e1n Trevi\u00f1o","avatar_url":{"url":"https:\/\/visionciudadana.com.mx\/oficial\/wp-content\/uploads\/2025\/09\/columna-ivan-Trevino.png","url2x":"https:\/\/visionciudadana.com.mx\/oficial\/wp-content\/uploads\/2025\/09\/columna-ivan-Trevino.png"},"0":null,"1":"","2":"","3":"","4":"","5":"","6":"","7":"","8":""}],"_links":{"self":[{"href":"https:\/\/visionciudadana.com.mx\/oficial\/wp-json\/wp\/v2\/posts\/17299","targetHints":{"allow":["GET"]}}],"collection":[{"href":"https:\/\/visionciudadana.com.mx\/oficial\/wp-json\/wp\/v2\/posts"}],"about":[{"href":"https:\/\/visionciudadana.com.mx\/oficial\/wp-json\/wp\/v2\/types\/post"}],"author":[{"embeddable":true,"href":"https:\/\/visionciudadana.com.mx\/oficial\/wp-json\/wp\/v2\/users\/1"}],"replies":[{"embeddable":true,"href":"https:\/\/visionciudadana.com.mx\/oficial\/wp-json\/wp\/v2\/comments?post=17299"}],"version-history":[{"count":1,"href":"https:\/\/visionciudadana.com.mx\/oficial\/wp-json\/wp\/v2\/posts\/17299\/revisions"}],"predecessor-version":[{"id":30781,"href":"https:\/\/visionciudadana.com.mx\/oficial\/wp-json\/wp\/v2\/posts\/17299\/revisions\/30781"}],"wp:featuredmedia":[{"embeddable":true,"href":"https:\/\/visionciudadana.com.mx\/oficial\/wp-json\/wp\/v2\/posts\/1277"}],"wp:attachment":[{"href":"https:\/\/visionciudadana.com.mx\/oficial\/wp-json\/wp\/v2\/media?parent=17299"}],"wp:term":[{"taxonomy":"category","embeddable":true,"href":"https:\/\/visionciudadana.com.mx\/oficial\/wp-json\/wp\/v2\/categories?post=17299"},{"taxonomy":"post_tag","embeddable":true,"href":"https:\/\/visionciudadana.com.mx\/oficial\/wp-json\/wp\/v2\/tags?post=17299"},{"taxonomy":"author","embeddable":true,"href":"https:\/\/visionciudadana.com.mx\/oficial\/wp-json\/wp\/v2\/ppma_author?post=17299"}],"curies":[{"name":"wp","href":"https:\/\/api.w.org\/{rel}","templated":true}]}}