{"id":17298,"date":"2021-07-28T19:33:31","date_gmt":"2021-07-28T19:33:31","guid":{"rendered":"https:\/\/visionciudadana.com.mx\/chio\/2021\/07\/28\/el-plan-de-desarrollo-institucional-con-vision-de-futuro-2025-contempla-propuestas-innovadoras\/"},"modified":"2025-06-25T00:11:49","modified_gmt":"2025-06-25T00:11:49","slug":"el-plan-de-desarrollo-institucional-con-vision-de-futuro-2025-contempla-propuestas-innovadoras","status":"publish","type":"post","link":"https:\/\/visionciudadana.com.mx\/oficial\/2021\/07\/28\/el-plan-de-desarrollo-institucional-con-vision-de-futuro-2025-contempla-propuestas-innovadoras\/","title":{"rendered":"El Plan de Desarrollo Institucional \u201cCon Visi\u00f3n de Futuro 2025\u201d contempla propuestas innovadoras"},"content":{"rendered":"<p>&nbsp;<\/p>\n<p><img fetchpriority=\"high\" decoding=\"async\" src=\"images\/2021\/julio21\/plan_uas.jpg\" alt=\"plan uas\" width=\"720\" height=\"480\" style=\"display: block; margin: 20px auto;\" \/><\/p>\n<p class=\"x_MsoNormal\" style=\"text-align: justify;\"><span style=\"font-size: 14pt; font-family: arial, helvetica, sans-serif;\">El Plan de Desarrollo Institucional \u201cCon Visi\u00f3n de Futuro 2025\u201d que regir\u00e1 el quehacer acad\u00e9mico y administrativo de la Universidad Aut\u00f3noma de Sinaloa (UAS) durante los pr\u00f3ximos cuatro a\u00f1os, contempla propuestas importantes e innovadoras que surgieron como resultado de la Convocatoria de Consulta que se llev\u00f3 a cabo para la mejora de este plan.<\/span><\/p>\n<p style=\"text-align: justify;\">&nbsp;<\/p>\n<p class=\"x_MsoNormal\" style=\"text-align: justify;\"><span style=\"font-size: 14pt; font-family: arial, helvetica, sans-serif;\">El Rector de la UAS, doctor Jes\u00fas Madue\u00f1a Molina, indic\u00f3 que el 17 de julio se public\u00f3 la Convocatoria de los Foros de Consulta para la mejora del Plan de Desarrollo que present\u00f3 ante la Comisi\u00f3n Permanente de Postulaci\u00f3n durante el pasado proceso de elecci\u00f3n de Rector, en dicha convocatoria se invit\u00f3 a participar con propuestas a la comunidad universitaria y la sociedad en general.<\/span><\/p>\n<p style=\"text-align: justify;\">&nbsp;<\/p>\n<p class=\"x_MsoNormal\" style=\"text-align: justify;\"><span style=\"font-size: 14pt; font-family: arial, helvetica, sans-serif;\">\u201cEstamos ahorita en la captura de informaci\u00f3n con el objetivo de que regresando de vacaciones pudi\u00e9semos tener ya la propuesta del nuevo Plan de Desarrollo Con Visi\u00f3n de Futuro 2025 para que sea abordado en tiempo y forma en el pr\u00f3ximo inicio de Ciclo Escolar 2021-2022\u201d, enfatiz\u00f3 el dirigente universitario.<\/span><\/p>\n<p style=\"text-align: justify;\">&nbsp;<\/p>\n<p class=\"x_MsoNormal\" style=\"text-align: justify;\"><span style=\"font-size: 14pt; font-family: arial, helvetica, sans-serif;\">Los foros se llevaron a cabo de manera virtual del 29 de junio al 6 de julio mediante 63 mesas de trabajo.&nbsp;<\/span><\/p>\n<p style=\"text-align: justify;\">&nbsp;<\/p>\n<p class=\"x_MsoNormal\" style=\"text-align: justify;\"><span style=\"font-size: 14pt; font-family: arial, helvetica, sans-serif;\">\u201cEstuvimos trabajando del 29 de junio con los 6 ejes que enmarcan lo que es la propuesta que hicimos llegar a la Comisi\u00f3n Permanente de Postulaci\u00f3n (\u2026) fue muy rica la participaci\u00f3n de los universitarios en estos seis d\u00edas de trabajo, cada d\u00eda abarcamos un Eje por la alta demanda de propuestas para que todos tuvieran participaci\u00f3n\u201d, dijo el Rector.<\/span><\/p>\n<p style=\"text-align: justify;\">&nbsp;<\/p>\n<p class=\"x_MsoNormal\" style=\"text-align: justify;\"><span style=\"font-size: 14pt; font-family: arial, helvetica, sans-serif;\">Agreg\u00f3 que se realiza a\u00fan la etapa de la captura de la informaci\u00f3n, trabajo que desarrollan los coordinadores generales: el doctor Mart\u00edn Pastor Angulo y la doctora Mar\u00eda Concepci\u00f3n Mazo Sandoval trabajan junto con los coordinadores por eje.<\/span><\/p>\n<p style=\"text-align: justify;\">&nbsp;<\/p>\n<p class=\"x_MsoNormal\" style=\"text-align: justify;\"><span style=\"font-size: 14pt; font-family: arial, helvetica, sans-serif;\">\u201cQuiero agradecerles no solo a los coordinadores generales, a los coordinadores por eje, sino a toda la comunidad que pr\u00e1cticamente se volc\u00f3 en participar en estos seis d\u00edas de trabajo y que hoy tenemos resultados muy importantes, propuestas innovadoras que sin duda alguna van a enriquecer la propuesta que nosotros presentamos a la Comisi\u00f3n Permanente de Postulaci\u00f3n\u201d, concluy\u00f3 el doctor Madue\u00f1a Molina.<\/span><\/p>\n<p style=\"text-align: justify;\">&nbsp;<\/p>\n<p style=\"text-align: justify;\">&nbsp;<\/p>\n<p style=\"text-align: justify;\"><span style=\"font-size: 14pt; font-family: arial, helvetica, sans-serif;\">REDACCI\u00d3N\/VISI\u00d3N CIUDADANA.<\/span><\/p>\n","protected":false},"excerpt":{"rendered":"<p>&nbsp; El Plan de Desarrollo Institucional \u201cCon Visi\u00f3n de Futuro 2025\u201d que regir\u00e1 el quehacer acad\u00e9mico y administrativo de la Universidad Aut\u00f3noma de Sinaloa (UAS) durante los pr\u00f3ximos cuatro a\u00f1os, contempla propuestas importantes e innovadoras que surgieron como resultado de la Convocatoria de Consulta que se llev\u00f3 a cabo para la mejora de este plan. [&hellip;]<\/p>\n","protected":false},"author":1,"featured_media":1275,"comment_status":"closed","ping_status":"closed","sticky":false,"template":"","format":"standard","meta":{"footnotes":""},"categories":[24],"tags":[],"ppma_author":[31],"class_list":["post-17298","post","type-post","status-publish","format-standard","has-post-thumbnail","hentry","category-relevantes"],"aioseo_notices":[],"authors":[{"term_id":31,"user_id":1,"is_guest":0,"slug":"ivan3vino","display_name":"Iv\u00e1n Trevi\u00f1o","avatar_url":{"url":"https:\/\/visionciudadana.com.mx\/oficial\/wp-content\/uploads\/2025\/09\/columna-ivan-Trevino.png","url2x":"https:\/\/visionciudadana.com.mx\/oficial\/wp-content\/uploads\/2025\/09\/columna-ivan-Trevino.png"},"0":null,"1":"","2":"","3":"","4":"","5":"","6":"","7":"","8":""}],"_links":{"self":[{"href":"https:\/\/visionciudadana.com.mx\/oficial\/wp-json\/wp\/v2\/posts\/17298","targetHints":{"allow":["GET"]}}],"collection":[{"href":"https:\/\/visionciudadana.com.mx\/oficial\/wp-json\/wp\/v2\/posts"}],"about":[{"href":"https:\/\/visionciudadana.com.mx\/oficial\/wp-json\/wp\/v2\/types\/post"}],"author":[{"embeddable":true,"href":"https:\/\/visionciudadana.com.mx\/oficial\/wp-json\/wp\/v2\/users\/1"}],"replies":[{"embeddable":true,"href":"https:\/\/visionciudadana.com.mx\/oficial\/wp-json\/wp\/v2\/comments?post=17298"}],"version-history":[{"count":1,"href":"https:\/\/visionciudadana.com.mx\/oficial\/wp-json\/wp\/v2\/posts\/17298\/revisions"}],"predecessor-version":[{"id":30782,"href":"https:\/\/visionciudadana.com.mx\/oficial\/wp-json\/wp\/v2\/posts\/17298\/revisions\/30782"}],"wp:featuredmedia":[{"embeddable":true,"href":"https:\/\/visionciudadana.com.mx\/oficial\/wp-json\/wp\/v2\/posts\/1275"}],"wp:attachment":[{"href":"https:\/\/visionciudadana.com.mx\/oficial\/wp-json\/wp\/v2\/media?parent=17298"}],"wp:term":[{"taxonomy":"category","embeddable":true,"href":"https:\/\/visionciudadana.com.mx\/oficial\/wp-json\/wp\/v2\/categories?post=17298"},{"taxonomy":"post_tag","embeddable":true,"href":"https:\/\/visionciudadana.com.mx\/oficial\/wp-json\/wp\/v2\/tags?post=17298"},{"taxonomy":"author","embeddable":true,"href":"https:\/\/visionciudadana.com.mx\/oficial\/wp-json\/wp\/v2\/ppma_author?post=17298"}],"curies":[{"name":"wp","href":"https:\/\/api.w.org\/{rel}","templated":true}]}}