{"id":17297,"date":"2021-07-28T19:28:27","date_gmt":"2021-07-28T19:28:27","guid":{"rendered":"https:\/\/visionciudadana.com.mx\/chio\/2021\/07\/28\/operativo-de-seguridad-sanitaria-en-el-rosario-para-vigilar-se-cumplan-los-protocolos-contra-el-covid-19\/"},"modified":"2025-06-25T00:11:49","modified_gmt":"2025-06-25T00:11:49","slug":"operativo-de-seguridad-sanitaria-en-el-rosario-para-vigilar-se-cumplan-los-protocolos-contra-el-covid-19","status":"publish","type":"post","link":"https:\/\/visionciudadana.com.mx\/oficial\/2021\/07\/28\/operativo-de-seguridad-sanitaria-en-el-rosario-para-vigilar-se-cumplan-los-protocolos-contra-el-covid-19\/","title":{"rendered":"Operativo de seguridad sanitaria en El Rosario para vigilar se cumplan los protocolos contra el COVID-19"},"content":{"rendered":"<p class=\"x_MsoNormal\" style=\"text-align: justify;\"><span style=\"font-size: 14pt; font-family: arial, helvetica, sans-serif;\"><b>&nbsp;<\/b><\/span><\/p>\n<p style=\"text-align: justify;\"><img fetchpriority=\"high\" decoding=\"async\" src=\"images\/2021\/julio21\/operativo_seg.jpg\" alt=\"operativo seg\" width=\"720\" height=\"480\" style=\"display: block; margin: 20px auto;\" \/><\/p>\n<p class=\"x_MsoNormal\" style=\"text-align: justify;\"><span style=\"font-family: arial, helvetica, sans-serif; font-size: 14pt;\">En el operativo conjunto de seguridad sanitaria realizado en El Rosario participaron de manera coordinada elementos de Protecci\u00f3n Civil, Servicios M\u00e9dicos Municipales y la Comisi\u00f3n Estatal para la Protecci\u00f3n Contra Riesgos Sanitarios de Sinaloa (Coepriss).<\/span><\/p>\n<p style=\"text-align: justify;\">&nbsp;<\/p>\n<p class=\"x_MsoNormal\" style=\"text-align: justify;\"><span style=\"font-family: arial, helvetica, sans-serif; font-size: 14pt;\">El comisionado Jorge Alan Urbina Vidales inform\u00f3 que este operativo tuvo como prop\u00f3sito verificar en establecimientos el cumplimiento de los protocolos para la prevenci\u00f3n del COVID-19.<\/span><\/p>\n<p style=\"text-align: justify;\">&nbsp;<\/p>\n<p class=\"x_MsoNormal\" style=\"text-align: justify;\"><span style=\"font-family: arial, helvetica, sans-serif; font-size: 14pt;\">\u201cSupervisamos el cumplimiento de las medidas preventivas contra el COVID-19 en cada uno de los establecimientos visitados, entre los que puedo mencionar S\u00faper Amigo,&nbsp; Tienda Soriana, Coppel y ambas tiendas de Ley Express\u201d, coment\u00f3.<\/span><\/p>\n<p style=\"text-align: justify;\">&nbsp;<\/p>\n<p class=\"x_MsoNormal\" style=\"text-align: justify;\"><span style=\"font-family: arial, helvetica, sans-serif; font-size: 14pt;\">El operativo tuvo el respaldo de las \u00e1reas de tr\u00e1nsito y seguridad p\u00fablica pues la pol\u00edtica por la actual emergencia en salud p\u00fablica es tolerancia cero con quienes incurran en faltas relacionadas con los lineamientos t\u00e9cnicos dise\u00f1ados para detener la propagaci\u00f3n del SARS-CoV-2, virus causante del COVID-19.<\/span><\/p>\n<p style=\"text-align: justify;\">&nbsp;<\/p>\n<p class=\"x_MsoNormal\" style=\"text-align: justify;\"><span style=\"font-family: arial, helvetica, sans-serif; font-size: 14pt;\">Esta clase de operativos de seguridad sanitaria se estar\u00e1n realizando de manera permanente en todo Sinaloa.<\/span><\/p>\n<p style=\"text-align: justify;\">&nbsp;<\/p>\n<p style=\"text-align: justify;\">&nbsp;<\/p>\n<p style=\"text-align: justify;\"><span style=\"font-size: 14pt; font-family: arial, helvetica, sans-serif;\">REDACCI\u00d3N\/VISI\u00d3N CIUDADANA.<\/span><\/p>\n","protected":false},"excerpt":{"rendered":"<p>&nbsp; En el operativo conjunto de seguridad sanitaria realizado en El Rosario participaron de manera coordinada elementos de Protecci\u00f3n Civil, Servicios M\u00e9dicos Municipales y la Comisi\u00f3n Estatal para la Protecci\u00f3n Contra Riesgos Sanitarios de Sinaloa (Coepriss). &nbsp; El comisionado Jorge Alan Urbina Vidales inform\u00f3 que este operativo tuvo como prop\u00f3sito verificar en establecimientos el cumplimiento [&hellip;]<\/p>\n","protected":false},"author":1,"featured_media":1273,"comment_status":"closed","ping_status":"closed","sticky":false,"template":"","format":"standard","meta":{"footnotes":""},"categories":[13],"tags":[],"ppma_author":[31],"class_list":["post-17297","post","type-post","status-publish","format-standard","has-post-thumbnail","hentry","category-locales"],"aioseo_notices":[],"authors":[{"term_id":31,"user_id":1,"is_guest":0,"slug":"ivan3vino","display_name":"Iv\u00e1n Trevi\u00f1o","avatar_url":{"url":"https:\/\/visionciudadana.com.mx\/oficial\/wp-content\/uploads\/2025\/09\/columna-ivan-Trevino.png","url2x":"https:\/\/visionciudadana.com.mx\/oficial\/wp-content\/uploads\/2025\/09\/columna-ivan-Trevino.png"},"0":null,"1":"","2":"","3":"","4":"","5":"","6":"","7":"","8":""}],"_links":{"self":[{"href":"https:\/\/visionciudadana.com.mx\/oficial\/wp-json\/wp\/v2\/posts\/17297","targetHints":{"allow":["GET"]}}],"collection":[{"href":"https:\/\/visionciudadana.com.mx\/oficial\/wp-json\/wp\/v2\/posts"}],"about":[{"href":"https:\/\/visionciudadana.com.mx\/oficial\/wp-json\/wp\/v2\/types\/post"}],"author":[{"embeddable":true,"href":"https:\/\/visionciudadana.com.mx\/oficial\/wp-json\/wp\/v2\/users\/1"}],"replies":[{"embeddable":true,"href":"https:\/\/visionciudadana.com.mx\/oficial\/wp-json\/wp\/v2\/comments?post=17297"}],"version-history":[{"count":1,"href":"https:\/\/visionciudadana.com.mx\/oficial\/wp-json\/wp\/v2\/posts\/17297\/revisions"}],"predecessor-version":[{"id":30783,"href":"https:\/\/visionciudadana.com.mx\/oficial\/wp-json\/wp\/v2\/posts\/17297\/revisions\/30783"}],"wp:featuredmedia":[{"embeddable":true,"href":"https:\/\/visionciudadana.com.mx\/oficial\/wp-json\/wp\/v2\/posts\/1273"}],"wp:attachment":[{"href":"https:\/\/visionciudadana.com.mx\/oficial\/wp-json\/wp\/v2\/media?parent=17297"}],"wp:term":[{"taxonomy":"category","embeddable":true,"href":"https:\/\/visionciudadana.com.mx\/oficial\/wp-json\/wp\/v2\/categories?post=17297"},{"taxonomy":"post_tag","embeddable":true,"href":"https:\/\/visionciudadana.com.mx\/oficial\/wp-json\/wp\/v2\/tags?post=17297"},{"taxonomy":"author","embeddable":true,"href":"https:\/\/visionciudadana.com.mx\/oficial\/wp-json\/wp\/v2\/ppma_author?post=17297"}],"curies":[{"name":"wp","href":"https:\/\/api.w.org\/{rel}","templated":true}]}}