{"id":17296,"date":"2021-07-28T19:23:15","date_gmt":"2021-07-28T19:23:15","guid":{"rendered":"https:\/\/visionciudadana.com.mx\/chio\/2021\/07\/28\/exhortan-diputados-del-pri-que-con-caracter-de-urgente-abasto-de-vacunas-y-oxigeno-para-hacer-frente-a-la-pandemia-del-covid-19\/"},"modified":"2025-06-25T00:11:49","modified_gmt":"2025-06-25T00:11:49","slug":"exhortan-diputados-del-pri-que-con-caracter-de-urgente-abasto-de-vacunas-y-oxigeno-para-hacer-frente-a-la-pandemia-del-covid-19","status":"publish","type":"post","link":"https:\/\/visionciudadana.com.mx\/oficial\/2021\/07\/28\/exhortan-diputados-del-pri-que-con-caracter-de-urgente-abasto-de-vacunas-y-oxigeno-para-hacer-frente-a-la-pandemia-del-covid-19\/","title":{"rendered":"Exhortan diputados del PRI que con car\u00e1cter de urgente abasto de vacunas y ox\u00edgeno para hacer frente a la pandemia del COVID-19"},"content":{"rendered":"<div dir=\"ltr\">\n<p class=\"x_MsoNormal\" align=\"right\">&nbsp;<\/p>\n<p><img fetchpriority=\"high\" decoding=\"async\" src=\"images\/2021\/julio21\/dip._pri.jpg\" alt=\"dip. pri\" width=\"720\" height=\"480\" style=\"display: block; margin: 20px auto;\" \/><\/p>\n<p class=\"x_MsoNormal\" style=\"text-align: justify;\"><span style=\"font-size: 14pt; font-family: arial, helvetica, sans-serif;\">La presidenta de la comisi\u00f3n de Salud y Asistencia Social, Guadalupe Iribe Gasc\u00f3n, hizo un llamado al gobierno federal para que de inmediato se destine un grupo de especialistas a fin de vacunar en su totalidad a los sinaloenses ante el desborde en el n\u00famero de casos de Covid&nbsp; que coloca actualmente al estado como el \u00fanico en rojo a nivel nacional.&nbsp;<\/span><\/p>\n<p style=\"text-align: justify;\">&nbsp;<\/p>\n<p class=\"x_MsoNormal\" style=\"text-align: justify;\"><span style=\"font-size: 14pt; font-family: arial, helvetica, sans-serif;\">La legisladora, se\u00f1al\u00f3 que el incremento en el n\u00famero de casos amerita tambi\u00e9n aumentar el n\u00famero de especialistas, en las \u00e1reas de los servicios de neumolog\u00eda, de estudios tomogr\u00e1ficos y de ex\u00e1menes sangu\u00edneos.&nbsp;<\/span><\/p>\n<p style=\"text-align: justify;\">&nbsp;<\/p>\n<p class=\"x_MsoNormal\" style=\"text-align: justify;\"><span style=\"font-size: 14pt; font-family: arial, helvetica, sans-serif;\">En voz del grupo parlamentario del PRI, Guadalupe Iribe destac\u00f3 que \u201cSinaloa es el \u00fanico estado con sem\u00e1foro en rojo, hay que concentrar aqu\u00ed todo un gran esfuerzo institucional para que en corto plazo, podamos declarar que nuestro estado pasa a ser una entidad con el 100 por ciento de su poblaci\u00f3n vacunada\u201d, manifest\u00f3 en su intervenci\u00f3n durante la sesi\u00f3n virtual del d\u00eda de hoy.&nbsp;&nbsp;<\/span><\/p>\n<p style=\"text-align: justify;\">&nbsp;<\/p>\n<p class=\"x_MsoNormal\" style=\"text-align: justify;\"><span style=\"font-size: 14pt; font-family: arial, helvetica, sans-serif;\">Ante esta situaci\u00f3n, la diputada propuso tambi\u00e9n al Congreso contribuir con una aportaci\u00f3n econ\u00f3mica, al igual que el Ejecutivo con el objetivo de dar facilidades a la ciudadan\u00eda de escasos recursos econ\u00f3micos&nbsp; para la&nbsp; compra de tanques de ox\u00edgeno y dar concentradores en comodato a pacientes que est\u00e9n atendi\u00e9ndose en casa, y que necesiten este apoyo.<\/span><\/p>\n<p style=\"text-align: justify;\">&nbsp;<\/p>\n<p class=\"x_MsoNormal\" style=\"text-align: justify;\"><span style=\"font-size: 14pt; font-family: arial, helvetica, sans-serif;\">\u201cEs decir, que el Poder Ejecutivo y el Poder Legislativo hagan un esfuerzo econ\u00f3mico para apoyar con ox\u00edgeno a la gente que est\u00e1 en su casa con covid, y que tambi\u00e9n hagamos exhorto a las empresas distribuidoras de ox\u00edgeno para que ampl\u00eden su capacidad de abasto.&nbsp;<\/span><\/p>\n<p style=\"text-align: justify;\">&nbsp;<\/p>\n<p class=\"x_MsoNormal\" style=\"text-align: justify;\"><span style=\"font-size: 14pt; font-family: arial, helvetica, sans-serif;\">\u201cAdicionalmente, es importante solicitar a las autoridades federales de salud que ya, con car\u00e1cter de urgente, se vacune a toda la poblaci\u00f3n sinaloense sin importar edades ni municipios. El 100 por ciento de los sinaloenses tenemos que estar debidamente vacunados lo antes posible\u201d, dijo.&nbsp;<\/span><\/p>\n<p style=\"text-align: justify;\">&nbsp;<\/p>\n<p class=\"x_MsoNormal\" style=\"text-align: justify;\"><span style=\"font-size: 14pt; font-family: arial, helvetica, sans-serif;\">La presidenta de la comisi\u00f3n de Salud y Asistencia Social&nbsp; destac\u00f3 que ante el aumento en la demanda de oxigeno es necesario realizar de inmediato un llamado&nbsp; a las empresas que producen y venden ox\u00edgeno, para que ampl\u00eden su capacidad de producci\u00f3n y tambi\u00e9n que los gobiernos federal, estatal y municipales busquen alternativas econ\u00f3micas.<\/span><\/p>\n<p style=\"text-align: justify;\">&nbsp;<\/p>\n<p class=\"x_MsoNormal\" style=\"text-align: justify;\"><span style=\"font-size: 14pt; font-family: arial, helvetica, sans-serif;\">\u201cRespaldamos completamente la propuesta contenida en el Punto de Acuerdo, pero les pedimos complementarlo con nuestras propuestas, ya mencionadas\u201d manifest\u00f3 Guadalupe Iribe Gasc\u00f3n.<\/span><\/p>\n<p style=\"text-align: justify;\">&nbsp;<\/p>\n<p style=\"text-align: justify;\">&nbsp;<\/p>\n<p style=\"text-align: justify;\">&nbsp;<\/p>\n<p style=\"text-align: justify;\"><span style=\"font-size: 14pt; font-family: arial, helvetica, sans-serif;\">REDACCI\u00d3N\/VISI\u00d3N CIUDADANA.<\/span><\/p>\n<div style=\"text-align: justify;\"><span style=\"font-size: 14pt; font-family: arial, helvetica, sans-serif;\"><\/span><\/div>\n<\/div>\n","protected":false},"excerpt":{"rendered":"<p>&nbsp; La presidenta de la comisi\u00f3n de Salud y Asistencia Social, Guadalupe Iribe Gasc\u00f3n, hizo un llamado al gobierno federal para que de inmediato se destine un grupo de especialistas a fin de vacunar en su totalidad a los sinaloenses ante el desborde en el n\u00famero de casos de Covid&nbsp; que coloca actualmente al estado [&hellip;]<\/p>\n","protected":false},"author":1,"featured_media":1271,"comment_status":"closed","ping_status":"closed","sticky":false,"template":"","format":"standard","meta":{"footnotes":""},"categories":[24],"tags":[],"ppma_author":[31],"class_list":["post-17296","post","type-post","status-publish","format-standard","has-post-thumbnail","hentry","category-relevantes"],"aioseo_notices":[],"authors":[{"term_id":31,"user_id":1,"is_guest":0,"slug":"ivan3vino","display_name":"Iv\u00e1n Trevi\u00f1o","avatar_url":{"url":"https:\/\/visionciudadana.com.mx\/oficial\/wp-content\/uploads\/2025\/09\/columna-ivan-Trevino.png","url2x":"https:\/\/visionciudadana.com.mx\/oficial\/wp-content\/uploads\/2025\/09\/columna-ivan-Trevino.png"},"0":null,"1":"","2":"","3":"","4":"","5":"","6":"","7":"","8":""}],"_links":{"self":[{"href":"https:\/\/visionciudadana.com.mx\/oficial\/wp-json\/wp\/v2\/posts\/17296","targetHints":{"allow":["GET"]}}],"collection":[{"href":"https:\/\/visionciudadana.com.mx\/oficial\/wp-json\/wp\/v2\/posts"}],"about":[{"href":"https:\/\/visionciudadana.com.mx\/oficial\/wp-json\/wp\/v2\/types\/post"}],"author":[{"embeddable":true,"href":"https:\/\/visionciudadana.com.mx\/oficial\/wp-json\/wp\/v2\/users\/1"}],"replies":[{"embeddable":true,"href":"https:\/\/visionciudadana.com.mx\/oficial\/wp-json\/wp\/v2\/comments?post=17296"}],"version-history":[{"count":1,"href":"https:\/\/visionciudadana.com.mx\/oficial\/wp-json\/wp\/v2\/posts\/17296\/revisions"}],"predecessor-version":[{"id":30784,"href":"https:\/\/visionciudadana.com.mx\/oficial\/wp-json\/wp\/v2\/posts\/17296\/revisions\/30784"}],"wp:featuredmedia":[{"embeddable":true,"href":"https:\/\/visionciudadana.com.mx\/oficial\/wp-json\/wp\/v2\/posts\/1271"}],"wp:attachment":[{"href":"https:\/\/visionciudadana.com.mx\/oficial\/wp-json\/wp\/v2\/media?parent=17296"}],"wp:term":[{"taxonomy":"category","embeddable":true,"href":"https:\/\/visionciudadana.com.mx\/oficial\/wp-json\/wp\/v2\/categories?post=17296"},{"taxonomy":"post_tag","embeddable":true,"href":"https:\/\/visionciudadana.com.mx\/oficial\/wp-json\/wp\/v2\/tags?post=17296"},{"taxonomy":"author","embeddable":true,"href":"https:\/\/visionciudadana.com.mx\/oficial\/wp-json\/wp\/v2\/ppma_author?post=17296"}],"curies":[{"name":"wp","href":"https:\/\/api.w.org\/{rel}","templated":true}]}}