{"id":17293,"date":"2021-07-28T19:06:18","date_gmt":"2021-07-28T19:06:18","guid":{"rendered":"https:\/\/visionciudadana.com.mx\/chio\/2021\/07\/28\/deportistas-e-influencers-invitan-a-jovenes-a-vacunarse\/"},"modified":"2025-06-25T00:11:50","modified_gmt":"2025-06-25T00:11:50","slug":"deportistas-e-influencers-invitan-a-jovenes-a-vacunarse","status":"publish","type":"post","link":"https:\/\/visionciudadana.com.mx\/oficial\/2021\/07\/28\/deportistas-e-influencers-invitan-a-jovenes-a-vacunarse\/","title":{"rendered":"Deportistas e influencers invitan a j\u00f2venes a vacunarse"},"content":{"rendered":"<div><img fetchpriority=\"high\" decoding=\"async\" src=\"images\/2021\/julio21\/influencerss.jpg\" alt=\"influencerss\" width=\"720\" height=\"480\" style=\"display: block; margin: 20px auto;\" \/><\/div>\n<div>&nbsp;<\/div>\n<div style=\"text-align: justify;\"><span style=\"font-size: 14pt; font-family: arial, helvetica, sans-serif;\">Con palabras sencillas y convencidos de que la mejor forma de enfrentar al Covid 19 en Sinaloa es vacun\u00e1ndose, deportistas e influencers utilizaron las redes sociales para invitar a los j\u00f3venes mayores de 18 a\u00f1os a acudir a un m\u00f3dulo de vacunaci\u00f3n.<\/span><\/div>\n<div style=\"text-align: justify;\">&nbsp;<\/div>\n<div style=\"text-align: justify;\"><span style=\"font-size: 14pt; font-family: arial, helvetica, sans-serif;\">Horacio Llamas, ex basquetbolista NBA; V\u00edctor \u00c1vila, ex seleccionado nacional de basquetbol, Blanca F\u00e9lix, portera de Chivas Femenil, Nico Vikonis, Be\u00f1at San Jos\u00e9 y varios jugadores del Club de F\u00fatbol Mazatl\u00e1n FC as\u00ed como la influencers Diana Chiquete hicieron el llamado para no desperdiciar la oportunidad de cuidarse y cuidar a los dem\u00e1s.<\/span><\/div>\n<div style=\"text-align: justify;\">&nbsp;<\/div>\n<div style=\"text-align: justify;\"><span style=\"font-size: 14pt; font-family: arial, helvetica, sans-serif;\">Menci\u00f3n especial merece el Club Dorados de Sinaloa, cuyos integrantes adem\u00e1s de transmitir los mensajes de sus jugadores promoviendo la vacunaci\u00f3n, hicieron din\u00e1micas en sus redes sociales para que los ya vacunados, ganaran playeras del equipo y algunos otros regalos.<\/span><\/div>\n<div style=\"text-align: justify;\">&nbsp;<\/div>\n<div style=\"text-align: justify;\"><span style=\"font-size: 14pt; font-family: arial, helvetica, sans-serif;\"><\/span><\/div>\n<div style=\"text-align: justify;\"><span style=\"font-size: 14pt; font-family: arial, helvetica, sans-serif;\">La vacunaci\u00f3n para j\u00f3venes mayores de 18 a\u00f1os se lleva a cabo en Sinaloa durante esta semana, y son los municipios de Culiac\u00e1n, Mazatl\u00e1n, Ahome, Navolato y Escuinapa quienes est\u00e1n aplicando el biol\u00f3gico para proteger a los j\u00f3venes, ya que en esta 3ra ola de Covid, est\u00e1 siendo el sector m\u00e1s afectado.<\/span><\/div>\n<div style=\"text-align: justify;\">&nbsp;<\/div>\n<div style=\"text-align: justify;\"><span style=\"font-size: 14pt; font-family: arial, helvetica, sans-serif;\">Hasta el d\u00eda 27 de julio se han aplicado 1 mill\u00f3n 448 mil 392 dosis de vacuna Covid en Sinaloa, de las cuales 112 mil 565 son de j\u00f3venes de 18 a 29 a\u00f1os de edad.<\/span><\/div>\n<div style=\"text-align: justify;\"><span style=\"font-size: 14pt; font-family: arial, helvetica, sans-serif;\"><\/span><\/div>\n<div style=\"text-align: justify;\">&nbsp;<\/div>\n<div style=\"text-align: justify;\">&nbsp;<\/div>\n<div style=\"text-align: justify;\"><span style=\"font-size: 14pt; font-family: arial, helvetica, sans-serif;\">REDACCI\u00d2N\/VISI\u00d2N CIUDADANA.<\/span><\/div>\n","protected":false},"excerpt":{"rendered":"<p>&nbsp; Con palabras sencillas y convencidos de que la mejor forma de enfrentar al Covid 19 en Sinaloa es vacun\u00e1ndose, deportistas e influencers utilizaron las redes sociales para invitar a los j\u00f3venes mayores de 18 a\u00f1os a acudir a un m\u00f3dulo de vacunaci\u00f3n. &nbsp; Horacio Llamas, ex basquetbolista NBA; V\u00edctor \u00c1vila, ex seleccionado nacional de [&hellip;]<\/p>\n","protected":false},"author":1,"featured_media":1265,"comment_status":"closed","ping_status":"closed","sticky":false,"template":"","format":"standard","meta":{"footnotes":""},"categories":[13],"tags":[],"ppma_author":[31],"class_list":["post-17293","post","type-post","status-publish","format-standard","has-post-thumbnail","hentry","category-locales"],"aioseo_notices":[],"authors":[{"term_id":31,"user_id":1,"is_guest":0,"slug":"ivan3vino","display_name":"Iv\u00e1n Trevi\u00f1o","avatar_url":{"url":"https:\/\/visionciudadana.com.mx\/oficial\/wp-content\/uploads\/2025\/09\/columna-ivan-Trevino.png","url2x":"https:\/\/visionciudadana.com.mx\/oficial\/wp-content\/uploads\/2025\/09\/columna-ivan-Trevino.png"},"0":null,"1":"","2":"","3":"","4":"","5":"","6":"","7":"","8":""}],"_links":{"self":[{"href":"https:\/\/visionciudadana.com.mx\/oficial\/wp-json\/wp\/v2\/posts\/17293","targetHints":{"allow":["GET"]}}],"collection":[{"href":"https:\/\/visionciudadana.com.mx\/oficial\/wp-json\/wp\/v2\/posts"}],"about":[{"href":"https:\/\/visionciudadana.com.mx\/oficial\/wp-json\/wp\/v2\/types\/post"}],"author":[{"embeddable":true,"href":"https:\/\/visionciudadana.com.mx\/oficial\/wp-json\/wp\/v2\/users\/1"}],"replies":[{"embeddable":true,"href":"https:\/\/visionciudadana.com.mx\/oficial\/wp-json\/wp\/v2\/comments?post=17293"}],"version-history":[{"count":1,"href":"https:\/\/visionciudadana.com.mx\/oficial\/wp-json\/wp\/v2\/posts\/17293\/revisions"}],"predecessor-version":[{"id":30787,"href":"https:\/\/visionciudadana.com.mx\/oficial\/wp-json\/wp\/v2\/posts\/17293\/revisions\/30787"}],"wp:featuredmedia":[{"embeddable":true,"href":"https:\/\/visionciudadana.com.mx\/oficial\/wp-json\/wp\/v2\/posts\/1265"}],"wp:attachment":[{"href":"https:\/\/visionciudadana.com.mx\/oficial\/wp-json\/wp\/v2\/media?parent=17293"}],"wp:term":[{"taxonomy":"category","embeddable":true,"href":"https:\/\/visionciudadana.com.mx\/oficial\/wp-json\/wp\/v2\/categories?post=17293"},{"taxonomy":"post_tag","embeddable":true,"href":"https:\/\/visionciudadana.com.mx\/oficial\/wp-json\/wp\/v2\/tags?post=17293"},{"taxonomy":"author","embeddable":true,"href":"https:\/\/visionciudadana.com.mx\/oficial\/wp-json\/wp\/v2\/ppma_author?post=17293"}],"curies":[{"name":"wp","href":"https:\/\/api.w.org\/{rel}","templated":true}]}}