{"id":17292,"date":"2021-07-28T18:55:50","date_gmt":"2021-07-28T18:55:50","guid":{"rendered":"https:\/\/visionciudadana.com.mx\/chio\/2021\/07\/28\/vacuna-sinovac-es-totalmente-segura-y-con-buenos-resultados\/"},"modified":"2025-06-25T00:11:50","modified_gmt":"2025-06-25T00:11:50","slug":"vacuna-sinovac-es-totalmente-segura-y-con-buenos-resultados","status":"publish","type":"post","link":"https:\/\/visionciudadana.com.mx\/oficial\/2021\/07\/28\/vacuna-sinovac-es-totalmente-segura-y-con-buenos-resultados\/","title":{"rendered":"Vacuna SINOVAC es totalmente segura y con buenos resultados"},"content":{"rendered":"<p class=\"x_MsoNormal\" align=\"center\"><img fetchpriority=\"high\" decoding=\"async\" src=\"images\/2021\/julio21\/vacuna_sinovac.jpg\" alt=\"vacuna sinovac\" width=\"720\" height=\"480\" style=\"display: block; margin: 20px auto;\" \/><\/p>\n<p class=\"x_MsoNormal\" style=\"text-align: justify;\"><span style=\"font-size: 14pt; font-family: arial, helvetica, sans-serif;\">Desde el inicio del proceso de vacunaci\u00f3n en nuestro pa\u00eds y en nuestro estado ha sido controversial el tema de las marcas de las dosis que se han aplicado a la poblaci\u00f3n, particularmente entre los j\u00f3venes del rango de edad entre 18 a 29 a\u00f1os de edad, por el porcentaje de protecci\u00f3n del biol\u00f3gico SINOVAC.<\/span><\/p>\n<p style=\"text-align: justify;\">&nbsp;<\/p>\n<p class=\"x_MsoNormal\" style=\"text-align: justify;\"><span style=\"font-size: 14pt; font-family: arial, helvetica, sans-serif;\">Aclarando esta tem\u00e1tica, el Dr. Juan Carlos Navarro Guerrero, subdirector de Prevenci\u00f3n y Control de Enfermedades de la Secretar\u00eda de Salud, asegura que la vacuna cuenta con la validaci\u00f3n por parte de la Organizaci\u00f3n Mundial de la Salud donde se certifica su nivel de protecci\u00f3n para prevenir enfermedades sintom\u00e1ticas graves por consecuencia de COVID-19.<\/span><\/p>\n<p style=\"text-align: justify;\">&nbsp;<\/p>\n<p class=\"x_MsoNormal\" style=\"text-align: justify;\"><span style=\"font-size: 14pt; font-family: arial, helvetica, sans-serif;\">\u201cLa vacuna de SINOVAC es una vacuna segura, trae el 51.4 por ciento de protecci\u00f3n, esto significa que podemos tener una inmunidad segura contra el virus sin embargo la otra parte importante es no dejar de la mano las medidas preventivas que nosotros estamos conociendo, si bien es cierto que es una vacuna segura para los j\u00f3venes y que se empieza a aplicar a partir de los 18 a\u00f1os de edad y tenemos como tope 56 d\u00edas para aplicar un segundo refuerzo; el Departamento Internacional de Emergencias de Salud, de la Organizaci\u00f3n Mundial de la Salud, a partir del 1 de junio de 2021 emiti\u00f3 una validaci\u00f3n acerca de esta vacuna, si bien es cierto que hay personas que se han contagiado con la vacuna SINOVAC, estamos hablando de un 97-98 por ciento de esas personas que no han presentado complicaci\u00f3n, es decir, que necesiten un \u00e1rea de cuidados intensivos, una terapia intensiva o neumon\u00eda grave o moderada, es lo que se le est\u00e1 apostando a este biol\u00f3gico\u201d, explic\u00f3.<\/span><\/p>\n<p style=\"text-align: justify;\">&nbsp;<\/p>\n<p class=\"x_MsoNormal\" style=\"text-align: justify;\"><span style=\"font-size: 14pt; font-family: arial, helvetica, sans-serif;\">La mejor vacuna que existe en estos momentos en M\u00e9xico es la que tengamos en frente, a la mano, peor es no tener ninguna vacuna y peor a\u00fan no seguir con la sana distancia y dem\u00e1s medidas preventivas, asegur\u00f3 el especialista en epidemiolog\u00eda.<\/span><\/p>\n<p style=\"text-align: justify;\">&nbsp;<\/p>\n<p class=\"x_MsoNormal\" style=\"text-align: justify;\"><span style=\"font-size: 14pt; font-family: arial, helvetica, sans-serif;\">Destac\u00f3 la responsabilidad en cada uno de nosotros de la aplicaci\u00f3n de la vacuna contra el COVID-19, cumplir con las dosis correspondientes y esperar tres o cuatro semanas para tener la eficacia necesaria, as\u00ed como cumplir con las medidas sanitarias al m\u00e1ximo hasta que la incidencia en el n\u00famero de casos sea m\u00ednima, recordando que la vacuna es una medida m\u00e1s de prevenci\u00f3n.<\/span><\/p>\n<p style=\"text-align: justify;\">&nbsp;<\/p>\n<p style=\"text-align: justify;\"><span style=\"font-size: 14pt; font-family: arial, helvetica, sans-serif;\">Nos encontramos actualmente en un sem\u00e1foro epidemiol\u00f3gico rojo, que significa alerta m\u00e1xima, ante esta situaci\u00f3n se contin\u00faa haciendo el llamado a toda la poblaci\u00f3n para que permanezca en su hogar en caso de no tener actividades esenciales por realizar, siguiendo las recomendaciones de la Secretar\u00eda de Salud a trav\u00e9s del Dr. Efr\u00e9n Encinas Torres por sus medios oficiales y portales informativos, con las medidas preventivas al alcance de nuestras manos y que se realizan de una manera f\u00e1cil y sencilla.<\/span><\/p>\n<p style=\"text-align: justify;\">&nbsp;<\/p>\n<p style=\"text-align: justify;\">&nbsp;<\/p>\n<p style=\"text-align: justify;\"><span style=\"font-size: 14pt; font-family: arial, helvetica, sans-serif;\">REDACCI\u00d2N\/VISI\u00d2N CIUDADANA.<\/span><\/p>\n","protected":false},"excerpt":{"rendered":"<p>Desde el inicio del proceso de vacunaci\u00f3n en nuestro pa\u00eds y en nuestro estado ha sido controversial el tema de las marcas de las dosis que se han aplicado a la poblaci\u00f3n, particularmente entre los j\u00f3venes del rango de edad entre 18 a 29 a\u00f1os de edad, por el porcentaje de protecci\u00f3n del biol\u00f3gico SINOVAC. [&hellip;]<\/p>\n","protected":false},"author":1,"featured_media":1263,"comment_status":"closed","ping_status":"closed","sticky":false,"template":"","format":"standard","meta":{"footnotes":""},"categories":[24],"tags":[],"ppma_author":[31],"class_list":["post-17292","post","type-post","status-publish","format-standard","has-post-thumbnail","hentry","category-relevantes"],"aioseo_notices":[],"authors":[{"term_id":31,"user_id":1,"is_guest":0,"slug":"ivan3vino","display_name":"Iv\u00e1n Trevi\u00f1o","avatar_url":{"url":"https:\/\/visionciudadana.com.mx\/oficial\/wp-content\/uploads\/2025\/09\/columna-ivan-Trevino.png","url2x":"https:\/\/visionciudadana.com.mx\/oficial\/wp-content\/uploads\/2025\/09\/columna-ivan-Trevino.png"},"0":null,"1":"","2":"","3":"","4":"","5":"","6":"","7":"","8":""}],"_links":{"self":[{"href":"https:\/\/visionciudadana.com.mx\/oficial\/wp-json\/wp\/v2\/posts\/17292","targetHints":{"allow":["GET"]}}],"collection":[{"href":"https:\/\/visionciudadana.com.mx\/oficial\/wp-json\/wp\/v2\/posts"}],"about":[{"href":"https:\/\/visionciudadana.com.mx\/oficial\/wp-json\/wp\/v2\/types\/post"}],"author":[{"embeddable":true,"href":"https:\/\/visionciudadana.com.mx\/oficial\/wp-json\/wp\/v2\/users\/1"}],"replies":[{"embeddable":true,"href":"https:\/\/visionciudadana.com.mx\/oficial\/wp-json\/wp\/v2\/comments?post=17292"}],"version-history":[{"count":1,"href":"https:\/\/visionciudadana.com.mx\/oficial\/wp-json\/wp\/v2\/posts\/17292\/revisions"}],"predecessor-version":[{"id":30788,"href":"https:\/\/visionciudadana.com.mx\/oficial\/wp-json\/wp\/v2\/posts\/17292\/revisions\/30788"}],"wp:featuredmedia":[{"embeddable":true,"href":"https:\/\/visionciudadana.com.mx\/oficial\/wp-json\/wp\/v2\/posts\/1263"}],"wp:attachment":[{"href":"https:\/\/visionciudadana.com.mx\/oficial\/wp-json\/wp\/v2\/media?parent=17292"}],"wp:term":[{"taxonomy":"category","embeddable":true,"href":"https:\/\/visionciudadana.com.mx\/oficial\/wp-json\/wp\/v2\/categories?post=17292"},{"taxonomy":"post_tag","embeddable":true,"href":"https:\/\/visionciudadana.com.mx\/oficial\/wp-json\/wp\/v2\/tags?post=17292"},{"taxonomy":"author","embeddable":true,"href":"https:\/\/visionciudadana.com.mx\/oficial\/wp-json\/wp\/v2\/ppma_author?post=17292"}],"curies":[{"name":"wp","href":"https:\/\/api.w.org\/{rel}","templated":true}]}}