{"id":17286,"date":"2021-07-23T20:47:42","date_gmt":"2021-07-23T20:47:42","guid":{"rendered":"https:\/\/visionciudadana.com.mx\/chio\/2021\/07\/23\/relleno-sanitario-recibe-sanitizacion-periodica-a-fin-de-evitar-afectaciones-a-salud-de-trabajadores\/"},"modified":"2025-06-25T00:11:50","modified_gmt":"2025-06-25T00:11:50","slug":"relleno-sanitario-recibe-sanitizacion-periodica-a-fin-de-evitar-afectaciones-a-salud-de-trabajadores","status":"publish","type":"post","link":"https:\/\/visionciudadana.com.mx\/oficial\/2021\/07\/23\/relleno-sanitario-recibe-sanitizacion-periodica-a-fin-de-evitar-afectaciones-a-salud-de-trabajadores\/","title":{"rendered":"Relleno Sanitario recibe sanitizaci\u00f3n peri\u00f3dica a fin de evitar afectaciones a salud de trabajadores"},"content":{"rendered":"<p style=\"text-align: justify;\"><img fetchpriority=\"high\" decoding=\"async\" src=\"images\/2021\/julio21\/relleno.jpg\" alt=\"relleno\" width=\"780\" height=\"420\" style=\"display: block; margin: 20px auto;\" \/><\/p>\n<p style=\"text-align: justify;\">&nbsp;<\/p>\n<p class=\"x_MsoNormal\" style=\"text-align: justify;\"><span style=\"font-size: 14pt; font-family: arial, helvetica, sans-serif;\">Las instalaciones del Relleno Sanitario Municipal reciben sanitizaci\u00f3n peri\u00f3dicamente y hoy nuevamente se les dio atenci\u00f3n por parte del municipio a trav\u00e9s de la Coordinaci\u00f3n Municipal de Protecci\u00f3n Civil en conjunto con la Fundaci\u00f3n Dra. Elga por M\u00e9xico.<\/span><\/p>\n<p style=\"text-align: justify;\">&nbsp;<\/p>\n<p class=\"x_MsoNormal\" style=\"text-align: justify;\"><span style=\"font-size: 14pt; font-family: arial, helvetica, sans-serif;\">Con bombas aspersoras el personal de la comuna arrib\u00f3 al lugar para aplicar soluci\u00f3n sanitizante a base de cloro en todas sus \u00e1reas, as\u00ed como a camiones recolectores y equipo de trabajo para prevenir riesgos de contagios de COVID-19 entre sus empleados.<\/span><\/p>\n<p style=\"text-align: justify;\">&nbsp;<\/p>\n<p class=\"x_MsoNormal\" style=\"text-align: justify;\"><span style=\"font-size: 14pt; font-family: arial, helvetica, sans-serif;\">Esto en acato a la instrucci\u00f3n del alcalde Lic. Jes\u00fas Estrada Ferreiro quien ha pedido sumar esfuerzos y no bajar la guardia en el combate a la actual contingencia sanitaria que mantiene altos n\u00fameros de casos de coronavirus en Culiac\u00e1n y en todo Sinaloa.<\/span><\/p>\n<p style=\"text-align: justify;\">&nbsp;<\/p>\n<p class=\"x_MsoNormal\" style=\"text-align: justify;\"><span style=\"font-size: 14pt; font-family: arial, helvetica, sans-serif;\">Los litros de cloro utilizados en estas acciones fueron tambi\u00e9n otorgados por la Fundaci\u00f3n Dra. Elga por M\u00e9xico.<\/span><\/p>\n<p style=\"text-align: justify;\">&nbsp;<\/p>\n<p class=\"x_MsoNormal\" style=\"text-align: justify;\"><span style=\"font-size: 14pt; font-family: arial, helvetica, sans-serif;\">En esta jornada se aprovech\u00f3 para recordar al personal la importancia de continuar con todos los protocolos sanitarios, portar siempre cubrebocas desde su ingreso a su lugar de trabajo y durante toda su jornada laboral, guardar sana distancia y lavar o sanitizar sus manos frecuentemente.<\/span><\/p>\n<p style=\"text-align: justify;\">&nbsp;<\/p>\n<p style=\"text-align: justify;\">&nbsp;<\/p>\n<p style=\"text-align: justify;\"><span style=\"font-size: 14pt; font-family: arial, helvetica, sans-serif;\">REDACCI\u00d3N\/VISION CIUDADANA.<\/span><\/p>\n","protected":false},"excerpt":{"rendered":"<p>&nbsp; Las instalaciones del Relleno Sanitario Municipal reciben sanitizaci\u00f3n peri\u00f3dicamente y hoy nuevamente se les dio atenci\u00f3n por parte del municipio a trav\u00e9s de la Coordinaci\u00f3n Municipal de Protecci\u00f3n Civil en conjunto con la Fundaci\u00f3n Dra. Elga por M\u00e9xico. &nbsp; Con bombas aspersoras el personal de la comuna arrib\u00f3 al lugar para aplicar soluci\u00f3n sanitizante [&hellip;]<\/p>\n","protected":false},"author":1,"featured_media":1252,"comment_status":"closed","ping_status":"closed","sticky":false,"template":"","format":"standard","meta":{"footnotes":""},"categories":[13],"tags":[],"ppma_author":[31],"class_list":["post-17286","post","type-post","status-publish","format-standard","has-post-thumbnail","hentry","category-locales"],"aioseo_notices":[],"authors":[{"term_id":31,"user_id":1,"is_guest":0,"slug":"ivan3vino","display_name":"Iv\u00e1n Trevi\u00f1o","avatar_url":{"url":"https:\/\/visionciudadana.com.mx\/oficial\/wp-content\/uploads\/2025\/09\/columna-ivan-Trevino.png","url2x":"https:\/\/visionciudadana.com.mx\/oficial\/wp-content\/uploads\/2025\/09\/columna-ivan-Trevino.png"},"0":null,"1":"","2":"","3":"","4":"","5":"","6":"","7":"","8":""}],"_links":{"self":[{"href":"https:\/\/visionciudadana.com.mx\/oficial\/wp-json\/wp\/v2\/posts\/17286","targetHints":{"allow":["GET"]}}],"collection":[{"href":"https:\/\/visionciudadana.com.mx\/oficial\/wp-json\/wp\/v2\/posts"}],"about":[{"href":"https:\/\/visionciudadana.com.mx\/oficial\/wp-json\/wp\/v2\/types\/post"}],"author":[{"embeddable":true,"href":"https:\/\/visionciudadana.com.mx\/oficial\/wp-json\/wp\/v2\/users\/1"}],"replies":[{"embeddable":true,"href":"https:\/\/visionciudadana.com.mx\/oficial\/wp-json\/wp\/v2\/comments?post=17286"}],"version-history":[{"count":1,"href":"https:\/\/visionciudadana.com.mx\/oficial\/wp-json\/wp\/v2\/posts\/17286\/revisions"}],"predecessor-version":[{"id":30793,"href":"https:\/\/visionciudadana.com.mx\/oficial\/wp-json\/wp\/v2\/posts\/17286\/revisions\/30793"}],"wp:featuredmedia":[{"embeddable":true,"href":"https:\/\/visionciudadana.com.mx\/oficial\/wp-json\/wp\/v2\/media\/1252"}],"wp:attachment":[{"href":"https:\/\/visionciudadana.com.mx\/oficial\/wp-json\/wp\/v2\/media?parent=17286"}],"wp:term":[{"taxonomy":"category","embeddable":true,"href":"https:\/\/visionciudadana.com.mx\/oficial\/wp-json\/wp\/v2\/categories?post=17286"},{"taxonomy":"post_tag","embeddable":true,"href":"https:\/\/visionciudadana.com.mx\/oficial\/wp-json\/wp\/v2\/tags?post=17286"},{"taxonomy":"author","embeddable":true,"href":"https:\/\/visionciudadana.com.mx\/oficial\/wp-json\/wp\/v2\/ppma_author?post=17286"}],"curies":[{"name":"wp","href":"https:\/\/api.w.org\/{rel}","templated":true}]}}