{"id":17284,"date":"2021-07-23T20:19:16","date_gmt":"2021-07-23T20:19:16","guid":{"rendered":"https:\/\/visionciudadana.com.mx\/chio\/2021\/07\/23\/sector-valle-alto-se-suma-a-los-sanitizados-con-programa-emergente-impulsado-por-municipio\/"},"modified":"2025-06-25T00:11:51","modified_gmt":"2025-06-25T00:11:51","slug":"sector-valle-alto-se-suma-a-los-sanitizados-con-programa-emergente-impulsado-por-municipio","status":"publish","type":"post","link":"https:\/\/visionciudadana.com.mx\/oficial\/2021\/07\/23\/sector-valle-alto-se-suma-a-los-sanitizados-con-programa-emergente-impulsado-por-municipio\/","title":{"rendered":"Sector Valle Alto se suma a los sanitizados con Programa Emergente impulsado por municipio"},"content":{"rendered":"<p style=\"text-align: justify;\"><img fetchpriority=\"high\" decoding=\"async\" src=\"images\/2021\/julio21\/sector-valle.jpg\" alt=\"sector valle\" width=\"780\" height=\"420\" style=\"margin: 20px auto; display: block;\" \/><\/p>\n<p class=\"x_MsoNormal\" style=\"text-align: justify;\"><span style=\"font-size: 14pt; font-family: arial, helvetica, sans-serif;\">El sector Valle Alto se sum\u00f3 hoy a la lista de colonias sanitizadas por el municipio como parte del Programa Emergente de Sanitizaci\u00f3n impulsado para contribuir a contrarrestar los altos \u00edndices de contagios de COVID-19 en las zonas donde hay mayor prevalencia.<\/span><\/p>\n<p style=\"text-align: justify;\">&nbsp;<\/p>\n<p class=\"x_MsoNormal\" style=\"text-align: justify;\"><span style=\"font-size: 14pt; font-family: arial, helvetica, sans-serif;\">Equipados con todo lo necesario el personal de la Coordinaci\u00f3n Municipal de Protecci\u00f3n Civil parti\u00f3 del punto conocido como \u201cEl Queso\u201d donde carg\u00f3 las bombas aspersoras con la soluci\u00f3n clorada que es aportada por la Fundaci\u00f3n Dra. Elga por M\u00e9xico y Operaci\u00f3n Bendici\u00f3n.<\/span><\/p>\n<p style=\"text-align: justify;\">&nbsp;<\/p>\n<p class=\"x_MsoNormal\" style=\"text-align: justify;\"><span style=\"font-size: 14pt; font-family: arial, helvetica, sans-serif;\">Luego de ello se traslad\u00f3 a domicilios, comercios y espacios p\u00fablicos ubicados en el sector, donde aplic\u00f3 al exterior el l\u00edquido, acci\u00f3n que tiene como objetivo reducir la carga viral.<\/span><\/p>\n<p style=\"text-align: justify;\">&nbsp;<\/p>\n<p class=\"x_MsoNormal\" style=\"text-align: justify;\"><span style=\"font-size: 14pt; font-family: arial, helvetica, sans-serif;\">El titular de Protecci\u00f3n Civil Municipal, Marco Antonio Mart\u00ednez de Alba, detall\u00f3 que esto forma parte de una primera fase debido a la extensi\u00f3n del sector, por lo que se contempla continuar con estas labores ma\u00f1ana s\u00e1bado.<\/span><\/p>\n<p style=\"text-align: justify;\">&nbsp;<\/p>\n<p class=\"x_MsoNormal\" style=\"text-align: justify;\"><span style=\"font-size: 14pt; font-family: arial, helvetica, sans-serif;\">Se\u00f1al\u00f3 que con base a la informaci\u00f3n proporcionada por la Secretar\u00eda de Salud del Estado, es como se obtiene el listado de colonias con m\u00e1s casos de COVID, es por ello que hasta no ver un descenso en las cifras, se estar\u00e1 acudiendo peri\u00f3dicamente a ellas para realizar la sanitizaci\u00f3n.<\/span><\/p>\n<p style=\"text-align: justify;\">&nbsp;<\/p>\n<p class=\"x_MsoNormal\" style=\"text-align: justify;\"><span style=\"font-size: 14pt; font-family: arial, helvetica, sans-serif;\">De igual forma, resalt\u00f3 que a la par de la sanitizaci\u00f3n en colonias, se contin\u00faa tambi\u00e9n atendiendo los diversos espacios p\u00fablicos como son las unidades de servicio y limpia, paraderos de transporte p\u00fablico y lugares de alta concurrencia.<\/span><\/p>\n<p style=\"text-align: justify;\">&nbsp;<\/p>\n<p class=\"x_MsoNormal\" style=\"text-align: justify;\"><span style=\"font-size: 14pt; font-family: arial, helvetica, sans-serif;\">La instrucci\u00f3n del alcalde Lic. Jes\u00fas Estrada Ferreiro, es redoblar esfuerzos debido a que el Sem\u00e1foro Epidemiol\u00f3gico mantiene a Sinaloa en color rojo y es Culiac\u00e1n donde se concentra el mayor n\u00famero de casos de COVID-19; adem\u00e1s el presidente municipal mantiene el llamado a la poblaci\u00f3n a no relajarse y continuar con la debida prevenci\u00f3n.<\/span><\/p>\n<p style=\"text-align: justify;\">&nbsp;<\/p>\n<p style=\"text-align: justify;\">&nbsp;<\/p>\n<p style=\"text-align: justify;\"><span style=\"font-size: 14pt; font-family: arial, helvetica, sans-serif;\">REDACCI\u00d3N\/VISI\u00d3N CIUDADANA.<\/span><\/p>\n","protected":false},"excerpt":{"rendered":"<p>El sector Valle Alto se sum\u00f3 hoy a la lista de colonias sanitizadas por el municipio como parte del Programa Emergente de Sanitizaci\u00f3n impulsado para contribuir a contrarrestar los altos \u00edndices de contagios de COVID-19 en las zonas donde hay mayor prevalencia. &nbsp; Equipados con todo lo necesario el personal de la Coordinaci\u00f3n Municipal de [&hellip;]<\/p>\n","protected":false},"author":1,"featured_media":1248,"comment_status":"closed","ping_status":"closed","sticky":false,"template":"","format":"standard","meta":{"footnotes":""},"categories":[13],"tags":[],"ppma_author":[31],"class_list":["post-17284","post","type-post","status-publish","format-standard","has-post-thumbnail","hentry","category-locales"],"aioseo_notices":[],"authors":[{"term_id":31,"user_id":1,"is_guest":0,"slug":"ivan3vino","display_name":"Iv\u00e1n Trevi\u00f1o","avatar_url":{"url":"https:\/\/visionciudadana.com.mx\/oficial\/wp-content\/uploads\/2025\/09\/columna-ivan-Trevino.png","url2x":"https:\/\/visionciudadana.com.mx\/oficial\/wp-content\/uploads\/2025\/09\/columna-ivan-Trevino.png"},"0":null,"1":"","2":"","3":"","4":"","5":"","6":"","7":"","8":""}],"_links":{"self":[{"href":"https:\/\/visionciudadana.com.mx\/oficial\/wp-json\/wp\/v2\/posts\/17284","targetHints":{"allow":["GET"]}}],"collection":[{"href":"https:\/\/visionciudadana.com.mx\/oficial\/wp-json\/wp\/v2\/posts"}],"about":[{"href":"https:\/\/visionciudadana.com.mx\/oficial\/wp-json\/wp\/v2\/types\/post"}],"author":[{"embeddable":true,"href":"https:\/\/visionciudadana.com.mx\/oficial\/wp-json\/wp\/v2\/users\/1"}],"replies":[{"embeddable":true,"href":"https:\/\/visionciudadana.com.mx\/oficial\/wp-json\/wp\/v2\/comments?post=17284"}],"version-history":[{"count":1,"href":"https:\/\/visionciudadana.com.mx\/oficial\/wp-json\/wp\/v2\/posts\/17284\/revisions"}],"predecessor-version":[{"id":30795,"href":"https:\/\/visionciudadana.com.mx\/oficial\/wp-json\/wp\/v2\/posts\/17284\/revisions\/30795"}],"wp:featuredmedia":[{"embeddable":true,"href":"https:\/\/visionciudadana.com.mx\/oficial\/wp-json\/wp\/v2\/media\/1248"}],"wp:attachment":[{"href":"https:\/\/visionciudadana.com.mx\/oficial\/wp-json\/wp\/v2\/media?parent=17284"}],"wp:term":[{"taxonomy":"category","embeddable":true,"href":"https:\/\/visionciudadana.com.mx\/oficial\/wp-json\/wp\/v2\/categories?post=17284"},{"taxonomy":"post_tag","embeddable":true,"href":"https:\/\/visionciudadana.com.mx\/oficial\/wp-json\/wp\/v2\/tags?post=17284"},{"taxonomy":"author","embeddable":true,"href":"https:\/\/visionciudadana.com.mx\/oficial\/wp-json\/wp\/v2\/ppma_author?post=17284"}],"curies":[{"name":"wp","href":"https:\/\/api.w.org\/{rel}","templated":true}]}}