{"id":17282,"date":"2021-07-23T02:59:18","date_gmt":"2021-07-23T02:59:18","guid":{"rendered":"https:\/\/visionciudadana.com.mx\/chio\/2021\/07\/23\/la-uas-recibira-al-total-de-aspirantes-que-desean-ingresar-a-sus-aulas\/"},"modified":"2025-06-25T00:11:51","modified_gmt":"2025-06-25T00:11:51","slug":"la-uas-recibira-al-total-de-aspirantes-que-desean-ingresar-a-sus-aulas","status":"publish","type":"post","link":"https:\/\/visionciudadana.com.mx\/oficial\/2021\/07\/23\/la-uas-recibira-al-total-de-aspirantes-que-desean-ingresar-a-sus-aulas\/","title":{"rendered":"La UAS recibir\u00e1 al total de aspirantes que desean ingresar a sus aulas"},"content":{"rendered":"<p><img fetchpriority=\"high\" decoding=\"async\" src=\"images\/2021\/julio21\/uas-recibir\u00e1.jpg\" alt=\"uas recibir\u00e1\" width=\"780\" height=\"420\" style=\"display: block; margin: 20px auto;\" \/><\/p>\n<p class=\"x_MsoNormal\" style=\"text-align: justify;\"><span lang=\"ES\"><\/span><span style=\"font-size: 14pt; font-family: arial, helvetica, sans-serif;\">La Universidad Aut\u00f3noma de Sinaloa (UAS) por primera vez en su historia y haciendo un esfuerzo institucional, recibir\u00e1 al 100 por ciento de los aspirantes que desean ingresar a sus aulas, tanto en el nivel medio superior como en el superior, siempre que cuenten con ficha de inscripci\u00f3n.<\/span><\/p>\n<p style=\"text-align: justify;\">&nbsp;<\/p>\n<p class=\"x_MsoNormal\" style=\"text-align: justify;\"><span style=\"font-size: 14pt; font-family: arial, helvetica, sans-serif;\">Como medida adicional se abrir\u00e1 el denominado Grupo A en las carreras de Medicina General, Odontolog\u00eda, Enfermer\u00eda y Arquitectura, para que ingresen el resto de aspirantes que no obtuvieron un sitio en el primer informe de ingreso.<\/span><\/p>\n<p style=\"text-align: justify;\">&nbsp;<\/p>\n<p class=\"x_MsoNormal\" style=\"text-align: justify;\"><span style=\"font-size: 14pt; font-family: arial, helvetica, sans-serif;\">\u201cEstamos haciendo el esfuerzo y estamos signando el compromiso que tienen a nivel nacional el presidente Andr\u00e9s Manuel L\u00f3pez Obrador de recibir en las instituciones de educaci\u00f3n superior a los alumnos que quieran una oportunidad de estudio. En el nivel medio superior estamos atendiendo a 20 mil 852 alumnos, en el nivel superior a 22 mil 357, por lo tanto nuestra instituci\u00f3n para el arranque del nuevo ciclo escolar estar\u00e1 atendiendo a 43 mil 209 alumnos de nuevo ingreso\u201d, precis\u00f3 el Rector, doctor Jes\u00fas Madue\u00f1a Molina.<\/span><\/p>\n<p style=\"text-align: justify;\">&nbsp;<\/p>\n<p class=\"x_MsoNormal\" style=\"text-align: justify;\"><span style=\"font-size: 14pt; font-family: arial, helvetica, sans-serif;\">El dirigente universitario enfatiz\u00f3 que, con esta ampliaci\u00f3n, en pr\u00e1cticamente todas las carreras la Universidad cumple un compromiso con los j\u00f3venes del estado, con la pol\u00edtica federal y con la nueva Ley de Educaci\u00f3n Superior en el tema de cobertura universal en el nivel superior.<\/span><\/p>\n<p style=\"text-align: justify;\">&nbsp;<\/p>\n<p class=\"x_MsoNormal\" style=\"text-align: justify;\"><span style=\"font-size: 14pt; font-family: arial, helvetica, sans-serif;\">El 16 de julio anterior, al publicarse los resultados del Examen de Admisi\u00f3n, se registr\u00f3 una cobertura del 87.3 por ciento en el nivel superior y solo quedaron 2 mil 830 aspirantes sin ser atendidos, ahora estos j\u00f3venes ser\u00e1n aceptados a trav\u00e9s de un esfuerzo debido a la limitaci\u00f3n de recursos.<\/span><\/p>\n<p style=\"text-align: justify;\">&nbsp;<\/p>\n<p class=\"x_MsoNormal\" style=\"text-align: justify;\"><span style=\"font-size: 14pt; font-family: arial, helvetica, sans-serif;\">El Rector explic\u00f3 que tambi\u00e9n muchos j\u00f3venes no pudieron concluir su proceso de preinscripci\u00f3n, motivo por el cual la Comisi\u00f3n Institucional de Admisi\u00f3n tom\u00f3 la decisi\u00f3n de otorgar la oportunidad de ingresar tanto a preparatoria como a licenciatura, a todo joven que cuente con una ficha de preinscripci\u00f3n.<\/span><\/p>\n<p style=\"text-align: justify;\">&nbsp;<\/p>\n<p class=\"x_MsoNormal\" style=\"text-align: justify;\"><span style=\"font-size: 14pt; font-family: arial, helvetica, sans-serif;\">\u201cEstamos hablando de 3 mil 423 espacios en nivel medio superior y de 4 mil 323 en el nivel superior, para un total de 7 mil 746 espacios adicionales, estos aspirantes deber\u00e1n concluir el proceso antes del 20 de agosto\u201d, dijo.<\/span><\/p>\n<p style=\"text-align: justify;\">&nbsp;<\/p>\n<p style=\"text-align: justify;\">&nbsp;<\/p>\n<p class=\"x_MsoNormal\" style=\"text-align: justify;\"><span style=\"font-size: 14pt; font-family: arial, helvetica, sans-serif;\">Los aspirantes de ambos niveles deber\u00e1n dar continuidad al proceso a partir de donde quedaron pendiente, imprimir nuevamente su recibo de preinscripci\u00f3n con fecha vigente, realizar el pago en l\u00ednea o en sucursal bancaria y subir sus documentos a la plataforma electr\u00f3nica de la unidad acad\u00e9mica correspondiente, todo en formato PDF, para tal efecto la plataforma institucional estar\u00e1 abierta durante el periodo vacacional.<\/span><\/p>\n<p style=\"text-align: justify;\">&nbsp;<\/p>\n<p class=\"x_MsoNormal\" style=\"text-align: justify;\"><span style=\"font-size: 14pt; font-family: arial, helvetica, sans-serif;\">Los interesados en integrarse a los grupos adicionales en las carreras de Medicina General, Odontolog\u00eda, Enfermer\u00eda y Arquitectura su registro ser\u00e1n el 19 y 20 de agosto, pero antes deben concluir su proceso de preinscripci\u00f3n.<\/span><\/p>\n<p style=\"text-align: justify;\">&nbsp;<\/p>\n<p class=\"x_MsoNormal\" style=\"text-align: justify;\"><span style=\"font-size: 14pt; font-family: arial, helvetica, sans-serif;\">\u201cSolamente en estas cuatro \u00e1reas habr\u00e1 grupos adicionales porque en el resto de las unidades acad\u00e9micas todos los que solicitaron ser\u00e1n aceptados, en estas cuatro \u00e1reas para grupos adicionales los alumnos que no reciban su notificaci\u00f3n o que revisen la plataforma y no est\u00e9n aceptados pueden registrarse del 19 al 20 de agosto, pero para eso se requiere que tengan su ficha vigente\u201d, aclar\u00f3 Madue\u00f1a Molina.<\/span><\/p>\n<p style=\"text-align: justify;\">&nbsp;<\/p>\n<p class=\"x_MsoNormal\" style=\"text-align: justify;\"><span style=\"font-size: 14pt; font-family: arial, helvetica, sans-serif;\">Para el registro en el Grupo Adicional los aspirantes deber\u00e1n ingresar a la direcci\u00f3n electr\u00f3nica correspondiente: &nbsp;para Medicina General en la p\u00e1gina www.medicinavirtual.uas.edu.mx\/grupo_a\/preinscripcion, para Odontolog\u00eda www.odontologiavirtual.uas.edu.mx\/grupo_a\/preinscripcion<span style=\"text-decoration: underline;\">,&nbsp;<\/span>para Enfermer\u00eda www.enfermeriavirtual.uas.edu.mx\/grupo_a\/preinscripcion<span style=\"text-decoration: underline;\">&nbsp;y para&nbsp;<\/span>Arquitectura en el sitio <a href=\"https:\/\/www.arquitecturavirtual.uas.edu.mx\/grupo_a\/preinscripcion\">www.arquitecturavirtual.uas.edu.mx\/grupo_a\/preinscripcion<\/a>.<\/span><\/p>\n<p style=\"text-align: justify;\">&nbsp;<\/p>\n<p class=\"x_MsoNormal\" style=\"text-align: justify;\"><span style=\"font-size: 14pt; font-family: arial, helvetica, sans-serif;\">Los alumnos del Grupo A llevar\u00e1n los mismos contenidos y actividades de aprendizaje que los dem\u00e1s grupos, las clases se impartir\u00e1n en la plataforma Moodle y mediante videoconferencias en la aplicaci\u00f3n zoom. Las evaluaciones ser\u00e1n digitales, durante los fines de semana, y los aspirantes que aprueben la totalidad de las asignaturas y pr\u00e1cticas, as\u00ed como el 90 por ciento de asistencias, podr\u00e1n inscribirse al segundo semestre.<\/span><\/p>\n<p style=\"text-align: justify;\">&nbsp;<\/p>\n<p class=\"x_MsoNormal\" style=\"text-align: justify;\"><span style=\"font-size: 14pt; font-family: arial, helvetica, sans-serif;\">\u201cHacer \u00e9nfasis en el hecho de que el semestre en el Grupo Adicional es totalmente gratuito para los aspirantes que se registren, y la \u00fanica v\u00eda para hacerlo es a trav\u00e9s de la p\u00e1gina que se les ha brindado, por tales motivos, no deber\u00e1n anotarse en ning\u00fan tipo de listas, tomar cursos de preparaci\u00f3n ni pagar un solo peso; eviten dar dinero a quien les ofrezca espacios, pues nadie tiene control de ellos, salvo esta Comisi\u00f3n Institucional de Admisi\u00f3n\u201d, advirti\u00f3 el Rector.<\/span><\/p>\n<p style=\"text-align: justify;\">&nbsp;<\/p>\n<p style=\"text-align: justify;\"><span style=\"font-size: 14pt; font-family: arial, helvetica, sans-serif;\">REDACCI\u00d3N\/VISI\u00d3N CIUDADANA.<\/span><\/p>\n","protected":false},"excerpt":{"rendered":"<p>La Universidad Aut\u00f3noma de Sinaloa (UAS) por primera vez en su historia y haciendo un esfuerzo institucional, recibir\u00e1 al 100 por ciento de los aspirantes que desean ingresar a sus aulas, tanto en el nivel medio superior como en el superior, siempre que cuenten con ficha de inscripci\u00f3n. &nbsp; Como medida adicional se abrir\u00e1 el [&hellip;]<\/p>\n","protected":false},"author":1,"featured_media":1244,"comment_status":"closed","ping_status":"closed","sticky":false,"template":"","format":"standard","meta":{"footnotes":""},"categories":[24],"tags":[],"ppma_author":[31],"class_list":["post-17282","post","type-post","status-publish","format-standard","has-post-thumbnail","hentry","category-relevantes"],"aioseo_notices":[],"authors":[{"term_id":31,"user_id":1,"is_guest":0,"slug":"ivan3vino","display_name":"Iv\u00e1n Trevi\u00f1o","avatar_url":{"url":"https:\/\/visionciudadana.com.mx\/oficial\/wp-content\/uploads\/2025\/09\/columna-ivan-Trevino.png","url2x":"https:\/\/visionciudadana.com.mx\/oficial\/wp-content\/uploads\/2025\/09\/columna-ivan-Trevino.png"},"0":null,"1":"","2":"","3":"","4":"","5":"","6":"","7":"","8":""}],"_links":{"self":[{"href":"https:\/\/visionciudadana.com.mx\/oficial\/wp-json\/wp\/v2\/posts\/17282","targetHints":{"allow":["GET"]}}],"collection":[{"href":"https:\/\/visionciudadana.com.mx\/oficial\/wp-json\/wp\/v2\/posts"}],"about":[{"href":"https:\/\/visionciudadana.com.mx\/oficial\/wp-json\/wp\/v2\/types\/post"}],"author":[{"embeddable":true,"href":"https:\/\/visionciudadana.com.mx\/oficial\/wp-json\/wp\/v2\/users\/1"}],"replies":[{"embeddable":true,"href":"https:\/\/visionciudadana.com.mx\/oficial\/wp-json\/wp\/v2\/comments?post=17282"}],"version-history":[{"count":1,"href":"https:\/\/visionciudadana.com.mx\/oficial\/wp-json\/wp\/v2\/posts\/17282\/revisions"}],"predecessor-version":[{"id":30797,"href":"https:\/\/visionciudadana.com.mx\/oficial\/wp-json\/wp\/v2\/posts\/17282\/revisions\/30797"}],"wp:featuredmedia":[{"embeddable":true,"href":"https:\/\/visionciudadana.com.mx\/oficial\/wp-json\/wp\/v2\/media\/1244"}],"wp:attachment":[{"href":"https:\/\/visionciudadana.com.mx\/oficial\/wp-json\/wp\/v2\/media?parent=17282"}],"wp:term":[{"taxonomy":"category","embeddable":true,"href":"https:\/\/visionciudadana.com.mx\/oficial\/wp-json\/wp\/v2\/categories?post=17282"},{"taxonomy":"post_tag","embeddable":true,"href":"https:\/\/visionciudadana.com.mx\/oficial\/wp-json\/wp\/v2\/tags?post=17282"},{"taxonomy":"author","embeddable":true,"href":"https:\/\/visionciudadana.com.mx\/oficial\/wp-json\/wp\/v2\/ppma_author?post=17282"}],"curies":[{"name":"wp","href":"https:\/\/api.w.org\/{rel}","templated":true}]}}