{"id":17281,"date":"2021-07-23T02:34:30","date_gmt":"2021-07-23T02:34:30","guid":{"rendered":"https:\/\/visionciudadana.com.mx\/chio\/2021\/07\/23\/los-padres-de-familia-somos-responsables-de-nuestros-ninos-y-soy-de-la-idea-de-que-en-las-condiciones-actuales-de-la-pandemia-no-pueden-volver-a-clases-presenciales-cuen-ojeda\/"},"modified":"2025-06-25T00:11:51","modified_gmt":"2025-06-25T00:11:51","slug":"los-padres-de-familia-somos-responsables-de-nuestros-ninos-y-soy-de-la-idea-de-que-en-las-condiciones-actuales-de-la-pandemia-no-pueden-volver-a-clases-presenciales-cuen-ojeda","status":"publish","type":"post","link":"https:\/\/visionciudadana.com.mx\/oficial\/2021\/07\/23\/los-padres-de-familia-somos-responsables-de-nuestros-ninos-y-soy-de-la-idea-de-que-en-las-condiciones-actuales-de-la-pandemia-no-pueden-volver-a-clases-presenciales-cuen-ojeda\/","title":{"rendered":"\u201cLos padres de familia somos responsables de nuestros ni\u00f1os y soy de la idea de que en las condiciones actuales de la pandemia no pueden volver a clases presenciales\u201d: Cu\u00e9n Ojeda."},"content":{"rendered":"<p><img fetchpriority=\"high\" decoding=\"async\" src=\"images\/2021\/julio21\/sema-rojo.jpg\" alt=\"sema rojo\" width=\"780\" height=\"420\" style=\"margin: 20px auto; display: block;\" \/><\/p>\n<div style=\"text-align: justify;\"><span style=\"font-size: 14pt; font-family: arial, helvetica, sans-serif;\">H\u00e9ctor Melesio Cu\u00e9n Ojeda, presidente del Partido Sinaloense, expres\u00f3 que en las condiciones actuales de la pandemia del COVID 19 no es posible que j\u00f3venes, ni\u00f1as y ni\u00f1os vuelvan a clases presenciales, para ello nosotros como padres de familia y responsables directos de nuestros hijos tenemos que actuar adecuadamente, pues lo que est\u00e1 haciendo el gobierno est\u00e1 impactando de frente a la pandemia.<\/span><\/div>\n<div style=\"text-align: justify;\">\n<p><span style=\"font-size: 14pt; font-family: arial, helvetica, sans-serif;\">Estoy convencido de que los j\u00f3venes, ni\u00f1as y ni\u00f1os no deben de volver a clases presenciales mientras el sem\u00e1foro epidemiol\u00f3gico se mantenga en rojo, de actuar incorrectamente estaremos cometiendo un gran error.<\/span><\/div>\n<div style=\"text-align: justify;\">\n<p><span style=\"font-size: 14pt; font-family: arial, helvetica, sans-serif;\">Cu\u00e9n Ojeda coment\u00f3 \u201cque ha tenido la oportunidad de platicar con padres de familia y la recomendaci\u00f3n que les he vertido es que ahorita no se puede tomar la decisi\u00f3n de volver a clases, que en este momento hay una variante del virus muy agresiva que est\u00e1 atacando principalmente a j\u00f3venes, ni\u00f1as y ni\u00f1os, de tal manera que debemos esperar a que este contagio baje\u201d.<\/span><\/div>\n<div style=\"text-align: justify;\">\n<p><span style=\"font-size: 14pt; font-family: arial, helvetica, sans-serif;\">Reiter\u00f3 que no es posible actuar bajo el criterio de que la vacuna arreglar\u00e1 todo, la aplicaci\u00f3n del biol\u00f3gico tarda 14 d\u00edas para formar anticuerpos, sin embargo, tiene que haber un segundo refuerzo y esperar otros 30 d\u00edas para poder que haya protecci\u00f3n y as\u00ed se pueda neutralizar los posibles contagios.<\/span><\/div>\n<div style=\"text-align: justify;\">\n<p><span style=\"font-size: 14pt; font-family: arial, helvetica, sans-serif;\">Lo prioritario en este momento es garantizar que la gente tenga acceso a tanques de ox\u00edgeno, que haya dotaci\u00f3n de medicamentos adecuados para atacar al COVID 19, que exista apertura en los hospitales p\u00fablicos para atender a la gente debidamente y sobre todo proveer informaci\u00f3n objetiva a la poblaci\u00f3n dejando de lado todo aquello que confunde.<\/span><\/div>\n<div style=\"text-align: justify;\">\n<p><span style=\"font-size: 14pt; font-family: arial, helvetica, sans-serif;\">Las vacunas est\u00e1n llegando a Sinaloa mediante el env\u00edo que hace el gobierno federal, sin embargo, el suministro depende de la dotaci\u00f3n de otras naciones a nuestro pa\u00eds dado que M\u00e9xico no est\u00e1 produciendo la vacuna.<\/span><\/div>\n<div style=\"text-align: justify;\">\n<p><span style=\"font-size: 14pt; font-family: arial, helvetica, sans-serif;\">\u201cEs preocupante el como se est\u00e1 muriendo la gente, como est\u00e1 solicitando ayuda desde un principio por la raz\u00f3n de que no tienen recursos econ\u00f3micos, del miedo que tienen de ir a los hospitales p\u00fablicos por el temor a que los conecten y con ello pr\u00e1cticamente perder la vida, pues la verdad es que no tienen ni para los medicamentos y al final del drama ni para los servicios funerarios\u201d. As\u00ed lo expres\u00f3 Cu\u00e9n Ojeda.<\/span><\/div>\n<div style=\"text-align: justify;\">&nbsp;<\/div>\n<div style=\"text-align: justify;\">&nbsp;<\/div>\n<div style=\"text-align: justify;\"><span style=\"font-size: 14pt; font-family: arial, helvetica, sans-serif;\">REDACCI\u00d3N\/VISI\u00d3N CIUDADANA.<\/span><\/div>\n","protected":false},"excerpt":{"rendered":"<p>H\u00e9ctor Melesio Cu\u00e9n Ojeda, presidente del Partido Sinaloense, expres\u00f3 que en las condiciones actuales de la pandemia del COVID 19 no es posible que j\u00f3venes, ni\u00f1as y ni\u00f1os vuelvan a clases presenciales, para ello nosotros como padres de familia y responsables directos de nuestros hijos tenemos que actuar adecuadamente, pues lo que est\u00e1 haciendo el [&hellip;]<\/p>\n","protected":false},"author":1,"featured_media":1242,"comment_status":"closed","ping_status":"closed","sticky":false,"template":"","format":"standard","meta":{"footnotes":""},"categories":[24],"tags":[],"ppma_author":[31],"class_list":["post-17281","post","type-post","status-publish","format-standard","has-post-thumbnail","hentry","category-relevantes"],"aioseo_notices":[],"authors":[{"term_id":31,"user_id":1,"is_guest":0,"slug":"ivan3vino","display_name":"Iv\u00e1n Trevi\u00f1o","avatar_url":{"url":"https:\/\/visionciudadana.com.mx\/oficial\/wp-content\/uploads\/2025\/09\/columna-ivan-Trevino.png","url2x":"https:\/\/visionciudadana.com.mx\/oficial\/wp-content\/uploads\/2025\/09\/columna-ivan-Trevino.png"},"0":null,"1":"","2":"","3":"","4":"","5":"","6":"","7":"","8":""}],"_links":{"self":[{"href":"https:\/\/visionciudadana.com.mx\/oficial\/wp-json\/wp\/v2\/posts\/17281","targetHints":{"allow":["GET"]}}],"collection":[{"href":"https:\/\/visionciudadana.com.mx\/oficial\/wp-json\/wp\/v2\/posts"}],"about":[{"href":"https:\/\/visionciudadana.com.mx\/oficial\/wp-json\/wp\/v2\/types\/post"}],"author":[{"embeddable":true,"href":"https:\/\/visionciudadana.com.mx\/oficial\/wp-json\/wp\/v2\/users\/1"}],"replies":[{"embeddable":true,"href":"https:\/\/visionciudadana.com.mx\/oficial\/wp-json\/wp\/v2\/comments?post=17281"}],"version-history":[{"count":1,"href":"https:\/\/visionciudadana.com.mx\/oficial\/wp-json\/wp\/v2\/posts\/17281\/revisions"}],"predecessor-version":[{"id":30798,"href":"https:\/\/visionciudadana.com.mx\/oficial\/wp-json\/wp\/v2\/posts\/17281\/revisions\/30798"}],"wp:featuredmedia":[{"embeddable":true,"href":"https:\/\/visionciudadana.com.mx\/oficial\/wp-json\/wp\/v2\/media\/1242"}],"wp:attachment":[{"href":"https:\/\/visionciudadana.com.mx\/oficial\/wp-json\/wp\/v2\/media?parent=17281"}],"wp:term":[{"taxonomy":"category","embeddable":true,"href":"https:\/\/visionciudadana.com.mx\/oficial\/wp-json\/wp\/v2\/categories?post=17281"},{"taxonomy":"post_tag","embeddable":true,"href":"https:\/\/visionciudadana.com.mx\/oficial\/wp-json\/wp\/v2\/tags?post=17281"},{"taxonomy":"author","embeddable":true,"href":"https:\/\/visionciudadana.com.mx\/oficial\/wp-json\/wp\/v2\/ppma_author?post=17281"}],"curies":[{"name":"wp","href":"https:\/\/api.w.org\/{rel}","templated":true}]}}