{"id":17276,"date":"2021-07-22T18:22:02","date_gmt":"2021-07-22T18:22:02","guid":{"rendered":"https:\/\/visionciudadana.com.mx\/chio\/2021\/07\/22\/se-realiza-retiro-de-horno-que-invadia-via-publica-en-avenida-revolucion\/"},"modified":"2025-06-25T00:11:51","modified_gmt":"2025-06-25T00:11:51","slug":"se-realiza-retiro-de-horno-que-invadia-via-publica-en-avenida-revolucion","status":"publish","type":"post","link":"https:\/\/visionciudadana.com.mx\/oficial\/2021\/07\/22\/se-realiza-retiro-de-horno-que-invadia-via-publica-en-avenida-revolucion\/","title":{"rendered":"Se realiza retiro de horno que invad\u00eda v\u00eda p\u00fablica en avenida Revoluci\u00f3n"},"content":{"rendered":"<p style=\"text-align: justify;\"><img fetchpriority=\"high\" decoding=\"async\" src=\"images\/2021\/julio21\/retirann.PNG\" alt=\"retirann\" width=\"754\" height=\"490\" style=\"display: block; margin: 20px auto;\" \/><\/p>\n<p class=\"x_MsoNormal\" style=\"text-align: justify;\"><span style=\"font-size: 14pt; font-family: arial, helvetica, sans-serif;\">Por representar riesgo inminente para la seguridad de los ciudadanos y la salud p\u00fablica en general, el municipio procedi\u00f3 a la demolici\u00f3n de un horno que invad\u00eda la v\u00eda p\u00fablica, esto en respuesta a justificada denuncia ciudadana que alertaba sobre dicha situaci\u00f3n en la avenida Revoluci\u00f3n.<\/span><\/p>\n<p style=\"text-align: justify;\">&nbsp;<\/p>\n<p class=\"x_MsoNormal\" style=\"text-align: justify;\"><span style=\"font-size: 14pt; font-family: arial, helvetica, sans-serif;\">\u201cNos solicitaban retirar un horno para producci\u00f3n de pan ya que estaba completamente en la v\u00eda p\u00fablica, parte en la banqueta y parte en la calle, los vecinos se quejaban del peligro de que al pasar por ese lugar no pod\u00edan utilizar la banqueta, ten\u00edan que pasar por la calle completamente y el peligro era muy inminente de que sufrieran quemaduras\u201d, precis\u00f3 el titular de la Coordinaci\u00f3n de Inspecci\u00f3n y Vigilancia, Luis Alfonso Meza Espinoza.<\/span><\/p>\n<p style=\"text-align: justify;\">&nbsp;<\/p>\n<p class=\"x_MsoNormal\" style=\"text-align: justify;\"><span style=\"font-size: 14pt; font-family: arial, helvetica, sans-serif;\">Resalt\u00f3 que en atenci\u00f3n al reporte se acudi\u00f3 a verificar el lugar y se pusieron los sellos de clausura; luego se solicit\u00f3 el apoyo de Obras P\u00fablicas para proceder el d\u00eda de hoy con los trabajos de retiro.<\/span><\/p>\n<p style=\"text-align: justify;\">&nbsp;<\/p>\n<p class=\"x_MsoNormal\" style=\"text-align: justify;\"><span style=\"font-size: 14pt; font-family: arial, helvetica, sans-serif;\">Adem\u00e1s se levant\u00f3 un acta a los propietarios de la infraestructura, ya que el invadir la v\u00eda p\u00fablica es una pr\u00e1ctica indebida.<\/span><\/p>\n<p style=\"text-align: justify;\">&nbsp;<\/p>\n<p class=\"x_MsoNormal\" style=\"text-align: justify;\"><span style=\"font-size: 14pt; font-family: arial, helvetica, sans-serif;\">Ante ello, precis\u00f3 que la Coordinaci\u00f3n a su cargo contin\u00faa con operativos de revisi\u00f3n para detectar m\u00e1s situaciones de este tipo y proceder conforme a la ley buscando resguardar de este modo la seguridad de los ciudadanos.<\/span><\/p>\n<p style=\"text-align: justify;\">&nbsp;<\/p>\n<p style=\"text-align: justify;\">&nbsp;<\/p>\n<p style=\"text-align: justify;\"><span style=\"font-size: 14pt; font-family: arial, helvetica, sans-serif;\">REDACCION\/VISI\u00d3N CIUDADANA.<\/span><\/p>\n","protected":false},"excerpt":{"rendered":"<p>Por representar riesgo inminente para la seguridad de los ciudadanos y la salud p\u00fablica en general, el municipio procedi\u00f3 a la demolici\u00f3n de un horno que invad\u00eda la v\u00eda p\u00fablica, esto en respuesta a justificada denuncia ciudadana que alertaba sobre dicha situaci\u00f3n en la avenida Revoluci\u00f3n. &nbsp; \u201cNos solicitaban retirar un horno para producci\u00f3n de [&hellip;]<\/p>\n","protected":false},"author":1,"featured_media":1235,"comment_status":"closed","ping_status":"closed","sticky":false,"template":"","format":"standard","meta":{"footnotes":""},"categories":[13],"tags":[],"ppma_author":[31],"class_list":["post-17276","post","type-post","status-publish","format-standard","has-post-thumbnail","hentry","category-locales"],"aioseo_notices":[],"authors":[{"term_id":31,"user_id":1,"is_guest":0,"slug":"ivan3vino","display_name":"Iv\u00e1n Trevi\u00f1o","avatar_url":{"url":"https:\/\/visionciudadana.com.mx\/oficial\/wp-content\/uploads\/2025\/09\/columna-ivan-Trevino.png","url2x":"https:\/\/visionciudadana.com.mx\/oficial\/wp-content\/uploads\/2025\/09\/columna-ivan-Trevino.png"},"0":null,"1":"","2":"","3":"","4":"","5":"","6":"","7":"","8":""}],"_links":{"self":[{"href":"https:\/\/visionciudadana.com.mx\/oficial\/wp-json\/wp\/v2\/posts\/17276","targetHints":{"allow":["GET"]}}],"collection":[{"href":"https:\/\/visionciudadana.com.mx\/oficial\/wp-json\/wp\/v2\/posts"}],"about":[{"href":"https:\/\/visionciudadana.com.mx\/oficial\/wp-json\/wp\/v2\/types\/post"}],"author":[{"embeddable":true,"href":"https:\/\/visionciudadana.com.mx\/oficial\/wp-json\/wp\/v2\/users\/1"}],"replies":[{"embeddable":true,"href":"https:\/\/visionciudadana.com.mx\/oficial\/wp-json\/wp\/v2\/comments?post=17276"}],"version-history":[{"count":1,"href":"https:\/\/visionciudadana.com.mx\/oficial\/wp-json\/wp\/v2\/posts\/17276\/revisions"}],"predecessor-version":[{"id":30799,"href":"https:\/\/visionciudadana.com.mx\/oficial\/wp-json\/wp\/v2\/posts\/17276\/revisions\/30799"}],"wp:featuredmedia":[{"embeddable":true,"href":"https:\/\/visionciudadana.com.mx\/oficial\/wp-json\/wp\/v2\/posts\/1235"}],"wp:attachment":[{"href":"https:\/\/visionciudadana.com.mx\/oficial\/wp-json\/wp\/v2\/media?parent=17276"}],"wp:term":[{"taxonomy":"category","embeddable":true,"href":"https:\/\/visionciudadana.com.mx\/oficial\/wp-json\/wp\/v2\/categories?post=17276"},{"taxonomy":"post_tag","embeddable":true,"href":"https:\/\/visionciudadana.com.mx\/oficial\/wp-json\/wp\/v2\/tags?post=17276"},{"taxonomy":"author","embeddable":true,"href":"https:\/\/visionciudadana.com.mx\/oficial\/wp-json\/wp\/v2\/ppma_author?post=17276"}],"curies":[{"name":"wp","href":"https:\/\/api.w.org\/{rel}","templated":true}]}}