{"id":17275,"date":"2021-07-22T18:17:39","date_gmt":"2021-07-22T18:17:39","guid":{"rendered":"https:\/\/visionciudadana.com.mx\/chio\/2021\/07\/22\/protocolos-sanitarios-son-supervisados-en-tianguis-laureles-pinos\/"},"modified":"2025-06-25T00:11:51","modified_gmt":"2025-06-25T00:11:51","slug":"protocolos-sanitarios-son-supervisados-en-tianguis-laureles-pinos","status":"publish","type":"post","link":"https:\/\/visionciudadana.com.mx\/oficial\/2021\/07\/22\/protocolos-sanitarios-son-supervisados-en-tianguis-laureles-pinos\/","title":{"rendered":"Protocolos sanitarios son supervisados en Tianguis Laureles Pinos"},"content":{"rendered":"<p><img fetchpriority=\"high\" decoding=\"async\" src=\"images\/2021\/julio21\/protocolos.jpg\" alt=\"protocolos\" width=\"780\" height=\"420\" style=\"display: block; margin: 20px auto;\" \/><\/p>\n<p class=\"x_MsoNormal\" style=\"text-align: justify;\"><span style=\"font-size: 14pt; font-family: arial, helvetica, sans-serif;\">Luego del acuerdo alcanzado con tianguistas y el alcalde Lic. Jes\u00fas Estrada Ferreiro, los tianguis de la ciudad permanecen abiertos, en el caso del Laureles Pinos, recibi\u00f3 hoy operativo de supervisi\u00f3n para verificar la correcta aplicaci\u00f3n de los protocolos sanitarios para evitar contagios de COVID-19.<\/span><\/p>\n<p style=\"text-align: justify;\">&nbsp;<\/p>\n<p class=\"x_MsoNormal\" style=\"text-align: justify;\"><span style=\"font-size: 14pt; font-family: arial, helvetica, sans-serif;\">Personal de la Coordinaci\u00f3n de Inspecci\u00f3n y Vigilancia en conjunto con la Coordinaci\u00f3n Municipal de Protecci\u00f3n Civil, Departamento de Mercados y Polic\u00eda Municipal, acudi\u00f3 a temprana hora a verificar que cada uno de los locales cumplan con las medidas emitidas por la autoridad municipal, las cuales son en apego al Sector Salud.<\/span><\/p>\n<p style=\"text-align: justify;\">&nbsp;<\/p>\n<p class=\"x_MsoNormal\" style=\"text-align: justify;\"><span style=\"font-size: 14pt; font-family: arial, helvetica, sans-serif;\">Asimismo, corrobor\u00f3 que los ciudadanos asistentes cumplieran tambi\u00e9n con dichos protocolos.<\/span><\/p>\n<p style=\"text-align: justify;\">&nbsp;<\/p>\n<p class=\"x_MsoNormal\" style=\"text-align: justify;\"><span style=\"font-size: 14pt; font-family: arial, helvetica, sans-serif;\">\u00abHubo poca afluencia de personas, el comerciante en t\u00e9rminos generales est\u00e1 cumpliendo con el protocolo, ellos est\u00e1n usando cubrebocas, est\u00e1n utilizando el gel antibacterial, tienen cubrebocas para los clientes que los visitan y para los que no traigan el cubrebocas\u00bb, inform\u00f3 el titular de la Coordinaci\u00f3n de Inspecci\u00f3n y Vigilancia, Luis Alfonso Meza Espinoza.<\/span><\/p>\n<p style=\"text-align: justify;\">&nbsp;<\/p>\n<p class=\"x_MsoNormal\" style=\"text-align: justify;\"><span style=\"font-size: 14pt; font-family: arial, helvetica, sans-serif;\">Precis\u00f3 que los vendedores est\u00e1n cumpliendo puntualmente con la medida que fue recalcada por el presidente municipal Estrada Ferreiro sobre no atender a ninguna persona que no porte cubrebocas.<\/span><\/p>\n<p style=\"text-align: justify;\">&nbsp;<\/p>\n<p class=\"x_MsoNormal\" style=\"text-align: justify;\"><span style=\"font-size: 14pt; font-family: arial, helvetica, sans-serif;\">Y aunque indic\u00f3 que s\u00ed hay algunos ciudadanos que llegan al tianguis sin \u00e9l, inmediatamente se les proporciona uno para inhibir el riesgo de contagios, aunado al resto de protocolos como no permitir el ingreso de menores de 12 a\u00f1os, embarazadas ni personas con enfermedades cr\u00f3nico degenerativas, adem\u00e1s de guardar la sana distancia.<\/span><\/p>\n<p style=\"text-align: justify;\">&nbsp;<\/p>\n<p class=\"x_MsoNormal\" style=\"text-align: justify;\"><span style=\"font-size: 14pt; font-family: arial, helvetica, sans-serif;\">La revisi\u00f3n en el resto de los tianguis: Felipe \u00c1ngeles, Adolfo L\u00f3pez Mateos, Nakayama, Aguaruto, Lombardo Toledano y 5 de Febrero tambi\u00e9n se realizar\u00e1.<\/span><\/p>\n<p style=\"text-align: justify;\">&nbsp;<\/p>\n<p class=\"x_MsoNormal\" style=\"text-align: justify;\"><span style=\"font-size: 14pt; font-family: arial, helvetica, sans-serif;\">Cabe recordar que el Tianguis Huizaches se mantiene cerrado por dos semanas y se valorar\u00e1 su reapertura de acuerdo al comportamiento en los tianguis mencionados y a las condiciones de salud derivadas de la contingencia sanitaria.<\/span><\/p>\n<p style=\"text-align: justify;\">&nbsp;<\/p>\n<p style=\"text-align: justify;\">&nbsp;<\/p>\n<p style=\"text-align: justify;\"><span style=\"font-size: 14pt; font-family: arial, helvetica, sans-serif;\">REDACCI\u00d3N\/VISI\u00d3N CIUDADANA.<\/span><\/p>\n","protected":false},"excerpt":{"rendered":"<p>Luego del acuerdo alcanzado con tianguistas y el alcalde Lic. Jes\u00fas Estrada Ferreiro, los tianguis de la ciudad permanecen abiertos, en el caso del Laureles Pinos, recibi\u00f3 hoy operativo de supervisi\u00f3n para verificar la correcta aplicaci\u00f3n de los protocolos sanitarios para evitar contagios de COVID-19. &nbsp; Personal de la Coordinaci\u00f3n de Inspecci\u00f3n y Vigilancia en [&hellip;]<\/p>\n","protected":false},"author":1,"featured_media":1233,"comment_status":"closed","ping_status":"closed","sticky":false,"template":"","format":"standard","meta":{"footnotes":""},"categories":[13],"tags":[],"ppma_author":[31],"class_list":["post-17275","post","type-post","status-publish","format-standard","has-post-thumbnail","hentry","category-locales"],"aioseo_notices":[],"authors":[{"term_id":31,"user_id":1,"is_guest":0,"slug":"ivan3vino","display_name":"Iv\u00e1n Trevi\u00f1o","avatar_url":{"url":"https:\/\/visionciudadana.com.mx\/oficial\/wp-content\/uploads\/2025\/09\/columna-ivan-Trevino.png","url2x":"https:\/\/visionciudadana.com.mx\/oficial\/wp-content\/uploads\/2025\/09\/columna-ivan-Trevino.png"},"0":null,"1":"","2":"","3":"","4":"","5":"","6":"","7":"","8":""}],"_links":{"self":[{"href":"https:\/\/visionciudadana.com.mx\/oficial\/wp-json\/wp\/v2\/posts\/17275","targetHints":{"allow":["GET"]}}],"collection":[{"href":"https:\/\/visionciudadana.com.mx\/oficial\/wp-json\/wp\/v2\/posts"}],"about":[{"href":"https:\/\/visionciudadana.com.mx\/oficial\/wp-json\/wp\/v2\/types\/post"}],"author":[{"embeddable":true,"href":"https:\/\/visionciudadana.com.mx\/oficial\/wp-json\/wp\/v2\/users\/1"}],"replies":[{"embeddable":true,"href":"https:\/\/visionciudadana.com.mx\/oficial\/wp-json\/wp\/v2\/comments?post=17275"}],"version-history":[{"count":1,"href":"https:\/\/visionciudadana.com.mx\/oficial\/wp-json\/wp\/v2\/posts\/17275\/revisions"}],"predecessor-version":[{"id":30800,"href":"https:\/\/visionciudadana.com.mx\/oficial\/wp-json\/wp\/v2\/posts\/17275\/revisions\/30800"}],"wp:featuredmedia":[{"embeddable":true,"href":"https:\/\/visionciudadana.com.mx\/oficial\/wp-json\/wp\/v2\/posts\/1233"}],"wp:attachment":[{"href":"https:\/\/visionciudadana.com.mx\/oficial\/wp-json\/wp\/v2\/media?parent=17275"}],"wp:term":[{"taxonomy":"category","embeddable":true,"href":"https:\/\/visionciudadana.com.mx\/oficial\/wp-json\/wp\/v2\/categories?post=17275"},{"taxonomy":"post_tag","embeddable":true,"href":"https:\/\/visionciudadana.com.mx\/oficial\/wp-json\/wp\/v2\/tags?post=17275"},{"taxonomy":"author","embeddable":true,"href":"https:\/\/visionciudadana.com.mx\/oficial\/wp-json\/wp\/v2\/ppma_author?post=17275"}],"curies":[{"name":"wp","href":"https:\/\/api.w.org\/{rel}","templated":true}]}}