{"id":17274,"date":"2021-07-22T17:51:20","date_gmt":"2021-07-22T17:51:20","guid":{"rendered":"https:\/\/visionciudadana.com.mx\/chio\/2021\/07\/22\/bienestar-universitario-establece-directrices-estrategicas-para-trabajar-de-forma-integral-y-humanista-con-la-comunidad-de-la-uas\/"},"modified":"2025-06-25T00:11:51","modified_gmt":"2025-06-25T00:11:51","slug":"bienestar-universitario-establece-directrices-estrategicas-para-trabajar-de-forma-integral-y-humanista-con-la-comunidad-de-la-uas","status":"publish","type":"post","link":"https:\/\/visionciudadana.com.mx\/oficial\/2021\/07\/22\/bienestar-universitario-establece-directrices-estrategicas-para-trabajar-de-forma-integral-y-humanista-con-la-comunidad-de-la-uas\/","title":{"rendered":"Bienestar Universitario establece directrices estrat\u00e9gicas para trabajar de forma integral y humanista con la comunidad de la UAS"},"content":{"rendered":"<p><img fetchpriority=\"high\" decoding=\"async\" src=\"images\/2021\/julio21\/bienestar.jpg\" alt=\"bienestar\" width=\"780\" height=\"420\" style=\"display: block; margin: 20px auto;\" \/><\/p>\n<p class=\"x_MsoNormal\"><span lang=\"ES\" style=\"font-size: 14pt; font-family: arial, helvetica, sans-serif;\">Con una perspectiva acad\u00e9mica y&nbsp;<i>Con Visi\u00f3n de Futuro 2025,&nbsp;<\/i>la Universidad Aut\u00f3noma de Sinaloa (UAS) renov\u00f3 la imagen y programaci\u00f3n de Bienestar Universitario, un espacio que favorece el desarrollo humano de la comunidad universitaria a trav\u00e9s de la formaci\u00f3n integral y de los valores.<\/span><\/p>\n<p class=\"x_MsoNormal\" style=\"text-align: justify;\"><span lang=\"ES\" style=\"font-size: 14pt; font-family: arial, helvetica, sans-serif;\"><\/span><\/p>\n<p class=\"x_MsoNormal\" style=\"text-align: justify;\"><span lang=\"ES\" style=\"font-size: 14pt; font-family: arial, helvetica, sans-serif;\">A trav\u00e9s del liderazgo de la licenciada Sof\u00eda Angulo Olivas, se establece como objetivo primordial la \u201csalud y el bienestar integral\u201d de todas las personas que integran a la Universidad.<\/span><\/p>\n<p class=\"x_MsoNormal\" style=\"text-align: justify;\"><span lang=\"ES\" style=\"font-size: 14pt; font-family: arial, helvetica, sans-serif;\"><\/span><\/p>\n<p class=\"x_MsoNormal\" style=\"text-align: justify;\"><span lang=\"ES\" style=\"font-size: 14pt; font-family: arial, helvetica, sans-serif;\">\u201cVamos a englobar las \u00e1reas del personal acad\u00e9mico, administrativo y a los estudiantes, que son muy importantes en nuestra universidad, para realizar el proyecto que tenemos contemplado llevar a cabo\u201d, comparti\u00f3 en entrevista la directora.<\/span><\/p>\n<p class=\"x_MsoNormal\" style=\"text-align: justify;\"><span lang=\"ES\" style=\"font-size: 14pt; font-family: arial, helvetica, sans-serif;\"><\/span><\/p>\n<p class=\"x_MsoNormal\" style=\"text-align: justify;\"><span lang=\"ES\" style=\"font-size: 14pt; font-family: arial, helvetica, sans-serif;\">Bajo esa directriz, Bienestar Universitario enriquecer\u00e1 las acciones del Plan de Desarrollo Institucional<i>&nbsp;\u201cCon Visi\u00f3n de Futuro 2025\u201d<\/i>&nbsp;que encabeza el Rector, Dr. Jes\u00fas Madue\u00f1a Molina, con \u00e9nfasis en el Eje 5 (Vinculaci\u00f3n Institucional y Compromiso Social). Dichas estrategias estar\u00e1n enfocadas en promover una cultura de la prevenci\u00f3n en la comunidad universitaria, en el manejo integral de los residuos que se generan en los espacios universitarios para reducir la huella ecol\u00f3gica de la Universidad. Tambi\u00e9n se contempla la generaci\u00f3n de l\u00edneas estrat\u00e9gicas de investigaci\u00f3n-acci\u00f3n en torno a la sustentabilidad y el medio ambiente, y la institucionalizaci\u00f3n de los valores y el bienestar de las personas mediante programas de promoci\u00f3n y formaci\u00f3n dirigidos a la comunidad universitaria.<\/span><\/p>\n<p class=\"x_MsoNormal\" style=\"text-align: justify;\"><span lang=\"ES\" style=\"font-size: 14pt; font-family: arial, helvetica, sans-serif;\"><\/span><\/p>\n<p class=\"x_MsoNormal\" style=\"text-align: justify;\"><span lang=\"ES\" style=\"font-size: 14pt; font-family: arial, helvetica, sans-serif;\">\u201cPor eso mismo se tom\u00f3 en cuenta la participaci\u00f3n en los foros; de ah\u00ed vamos a rescatar algunas sugerencias e ideas nuevas para mejorar nuestros programas y de ah\u00ed, tambi\u00e9n, surgi\u00f3 la idea del nuevo logotipo que tiene un \u00e1guila que sostiene al personal administrativo, al personal acad\u00e9mico y al alumnado. Tenemos que darle la importancia, siempre enfocados en el plan que el Rector ir\u00e1 trabajando, a tratar de ir a la par con sus ideas y proyectos, pero nosotros vamos a tener nuestros propios programas coordinados con ellos\u201d, destac\u00f3.<\/span><\/p>\n<p class=\"x_MsoNormal\" style=\"text-align: justify;\"><span lang=\"ES\" style=\"font-size: 14pt; font-family: arial, helvetica, sans-serif;\"><\/span><\/p>\n<p class=\"x_MsoNormal\" style=\"text-align: justify;\"><span lang=\"ES\" style=\"font-size: 14pt; font-family: arial, helvetica, sans-serif;\">En ese sentido comenz\u00f3 el redise\u00f1o de la imagen institucional de este espacio universitario, con un \u00e1guila dorada que sostiene un coraz\u00f3n azul y a tres representantes de la comunidad acad\u00e9mica, administrativa y estudiantil. De la misma forma y para complementar la misi\u00f3n sustantiva de la dependencia se dise\u00f1\u00f3 otra imagen, inspirada en la pir\u00e1mide de Maslow, con cinco niveles de valores humanos como sustento de la paz.<\/span><\/p>\n<p class=\"x_MsoNormal\" style=\"text-align: justify;\"><span lang=\"ES\" style=\"font-size: 14pt; font-family: arial, helvetica, sans-serif;\"><\/span><\/p>\n<p class=\"x_MsoNormal\" style=\"text-align: justify;\"><span lang=\"ES\" style=\"font-size: 14pt; font-family: arial, helvetica, sans-serif;\">Finalmente, la licenciada Sof\u00eda Angulo Olivas exhort\u00f3 a los sinaloenses a extremar precauciones y a continuar con las medidas preventivas contra la COVID-19, ante la tercera ola de contagios que actualmente se registra en M\u00e9xico.<\/span><\/p>\n<p class=\"x_MsoNormal\" style=\"text-align: justify;\"><span lang=\"ES\" style=\"font-size: 14pt; font-family: arial, helvetica, sans-serif;\"><\/span><\/p>\n<p class=\"x_MsoNormal\" style=\"text-align: justify;\"><span lang=\"ES\" style=\"font-size: 14pt; font-family: arial, helvetica, sans-serif;\">\u201cLo m\u00e1s importante es seguir los cuidados y pensar que esto no termina; yo creo que tenemos que cuidarnos m\u00e1s ahora que antes\u201d, concluy\u00f3.<\/span><\/p>\n<p style=\"text-align: justify;\">&nbsp;<\/p>\n<p style=\"text-align: justify;\">&nbsp;<\/p>\n<p style=\"text-align: justify;\"><span style=\"font-size: 14pt; font-family: arial, helvetica, sans-serif;\">REDACCI\u00d3N\/VISI\u00d3N CIUDADANA.<\/span><\/p>\n<div>&nbsp;<\/div>\n","protected":false},"excerpt":{"rendered":"<p>Con una perspectiva acad\u00e9mica y&nbsp;Con Visi\u00f3n de Futuro 2025,&nbsp;la Universidad Aut\u00f3noma de Sinaloa (UAS) renov\u00f3 la imagen y programaci\u00f3n de Bienestar Universitario, un espacio que favorece el desarrollo humano de la comunidad universitaria a trav\u00e9s de la formaci\u00f3n integral y de los valores. A trav\u00e9s del liderazgo de la licenciada Sof\u00eda Angulo Olivas, se establece [&hellip;]<\/p>\n","protected":false},"author":1,"featured_media":1231,"comment_status":"closed","ping_status":"closed","sticky":false,"template":"","format":"standard","meta":{"footnotes":""},"categories":[24],"tags":[],"ppma_author":[31],"class_list":["post-17274","post","type-post","status-publish","format-standard","has-post-thumbnail","hentry","category-relevantes"],"aioseo_notices":[],"authors":[{"term_id":31,"user_id":1,"is_guest":0,"slug":"ivan3vino","display_name":"Iv\u00e1n Trevi\u00f1o","avatar_url":{"url":"https:\/\/visionciudadana.com.mx\/oficial\/wp-content\/uploads\/2025\/09\/columna-ivan-Trevino.png","url2x":"https:\/\/visionciudadana.com.mx\/oficial\/wp-content\/uploads\/2025\/09\/columna-ivan-Trevino.png"},"0":null,"1":"","2":"","3":"","4":"","5":"","6":"","7":"","8":""}],"_links":{"self":[{"href":"https:\/\/visionciudadana.com.mx\/oficial\/wp-json\/wp\/v2\/posts\/17274","targetHints":{"allow":["GET"]}}],"collection":[{"href":"https:\/\/visionciudadana.com.mx\/oficial\/wp-json\/wp\/v2\/posts"}],"about":[{"href":"https:\/\/visionciudadana.com.mx\/oficial\/wp-json\/wp\/v2\/types\/post"}],"author":[{"embeddable":true,"href":"https:\/\/visionciudadana.com.mx\/oficial\/wp-json\/wp\/v2\/users\/1"}],"replies":[{"embeddable":true,"href":"https:\/\/visionciudadana.com.mx\/oficial\/wp-json\/wp\/v2\/comments?post=17274"}],"version-history":[{"count":1,"href":"https:\/\/visionciudadana.com.mx\/oficial\/wp-json\/wp\/v2\/posts\/17274\/revisions"}],"predecessor-version":[{"id":30801,"href":"https:\/\/visionciudadana.com.mx\/oficial\/wp-json\/wp\/v2\/posts\/17274\/revisions\/30801"}],"wp:featuredmedia":[{"embeddable":true,"href":"https:\/\/visionciudadana.com.mx\/oficial\/wp-json\/wp\/v2\/posts\/1231"}],"wp:attachment":[{"href":"https:\/\/visionciudadana.com.mx\/oficial\/wp-json\/wp\/v2\/media?parent=17274"}],"wp:term":[{"taxonomy":"category","embeddable":true,"href":"https:\/\/visionciudadana.com.mx\/oficial\/wp-json\/wp\/v2\/categories?post=17274"},{"taxonomy":"post_tag","embeddable":true,"href":"https:\/\/visionciudadana.com.mx\/oficial\/wp-json\/wp\/v2\/tags?post=17274"},{"taxonomy":"author","embeddable":true,"href":"https:\/\/visionciudadana.com.mx\/oficial\/wp-json\/wp\/v2\/ppma_author?post=17274"}],"curies":[{"name":"wp","href":"https:\/\/api.w.org\/{rel}","templated":true}]}}