{"id":17273,"date":"2021-07-22T17:32:01","date_gmt":"2021-07-22T17:32:01","guid":{"rendered":"https:\/\/visionciudadana.com.mx\/chio\/2021\/07\/22\/mayores-de-18-anos-en-adelante-deben-registrarse-en-la-plataforma\/"},"modified":"2025-06-25T00:11:52","modified_gmt":"2025-06-25T00:11:52","slug":"mayores-de-18-anos-en-adelante-deben-registrarse-en-la-plataforma","status":"publish","type":"post","link":"https:\/\/visionciudadana.com.mx\/oficial\/2021\/07\/22\/mayores-de-18-anos-en-adelante-deben-registrarse-en-la-plataforma\/","title":{"rendered":"Mayores de 18 a\u00f1os en adelante deben registrarse en la plataforma"},"content":{"rendered":"<p><img fetchpriority=\"high\" decoding=\"async\" src=\"images\/2021\/julio21\/mayores-de-18.jpg\" alt=\"mayores de 18\" width=\"780\" height=\"420\" style=\"display: block; margin: 20px auto;\" \/><\/p>\n<p class=\"x_MsoNormal\"><b>&nbsp;<\/b><span style=\"font-size: 14pt; font-family: arial, helvetica, sans-serif;\">El Gobierno de Sinaloa hace un sensible llamado a la poblaci\u00f3n joven de 18 en adelante que a\u00fan no se ha registrado en la plataforma oficial&nbsp;<a href=\"http:\/\/mivacuna.salud.gob.mx\/\" target=\"_blank\" rel=\"noopener noreferrer\" data-auth=\"NotApplicable\" data-linkindex=\"1\">mivacuna.salud.gob.mx<\/a>&nbsp;para que se registre en la brevedad, pues de ello depende la estimaci\u00f3n y evaluaci\u00f3n que realiza la federaci\u00f3n para enviar el n\u00famero de vacunas a nuestro estado, inform\u00f3 el Dr. Efr\u00e9n Encinas Torres.<\/span><\/p>\n<p style=\"text-align: justify;\">&nbsp;<\/p>\n<p class=\"x_MsoNormal\" style=\"text-align: justify;\"><span style=\"font-size: 14pt; font-family: arial, helvetica, sans-serif;\">El Secretario de Salud de Sinaloa, afirm\u00f3 que se ha demostrado que la vacunaci\u00f3n ha sido un mecanismo fundamental para la poblaci\u00f3n, pues al d\u00eda de hoy solo el 17 % de los pacientes hospitalizados cuentan con una sola dosis, el 3% esquema completo y el 80% son pacientes j\u00f3venes no vacunados, de ah\u00ed que se realizaron las gestiones necesarias para que arriben un n\u00famero importante de vacunas para la poblaci\u00f3n mayor de 18 a\u00f1os principalmente de los municipios de Culiac\u00e1n y Mazatl\u00e1n.<\/span><\/p>\n<p style=\"text-align: justify;\">&nbsp;<\/p>\n<p class=\"x_MsoNormal\" style=\"text-align: justify;\"><span style=\"font-size: 14pt; font-family: arial, helvetica, sans-serif;\">\u201cEs muy importante, tienen que estar registradas las personas en la plataforma, es muy importante que se vacunen hasta ahorita hay un rango de las personas que est\u00e1n registradas de 30 en adelante alrededor de 170 mil personas, ya van vacunadas de 30 a 39 un poco m\u00e1s de 140 mil es decir en teor\u00eda las registradas faltar\u00edan 27 a 28 mil personas, pero falta que se registren, un llamado sensible y cordial para todas las personas de 30 a 39 de 18 y m\u00e1s para que se registren en la plataforma, es muy sencillo, es sacar el certificado que ah\u00ed les dan lo imprimen y que se lleva el mismo al centro de vacunaci\u00f3n y con su identificaci\u00f3n y es suficiente, todos ser\u00e1n vacunados pero necesitamos que acudan, la enfermedad existe no ha desaparecido&nbsp; y la vacunaci\u00f3n junto con las medidas de prevenci\u00f3n\u201d, inform\u00f3.<\/span><\/p>\n<p style=\"text-align: justify;\">&nbsp;<\/p>\n<p class=\"x_MsoNormal\" style=\"text-align: justify;\"><span style=\"font-size: 14pt; font-family: arial, helvetica, sans-serif;\">El responsable de la Salud en el Estado, detall\u00f3 que actualmente Sinaloa cuenta con el 48% de ocupaci\u00f3n hospitalaria en hospitales p\u00fablicos y privados, de ah\u00ed que se ha venido trabajando en la reconversi\u00f3n hospitalaria donde se tiene el 70% de los hospitales que han aumentado el n\u00famero de camas de manera considerable para tener disposici\u00f3n de ser necesario. Asimismo, inform\u00f3 que este d\u00eda se realizar\u00e1 un recorrido en el Hospital General de Culiac\u00e1n (nuevo), para contar con al menos 30 camas COVID de ser necesario.<\/span><\/p>\n<p style=\"text-align: justify;\">&nbsp;<\/p>\n<p class=\"x_MsoNormal\" style=\"text-align: justify;\"><span style=\"font-size: 14pt; font-family: arial, helvetica, sans-serif;\">Agreg\u00f3 tambi\u00e9n que actualmente todos los hospitales cuentan con abasto suficiente en sus \u00e1reas espec\u00edficas con equipos de ox\u00edgeno, sin embargo, manifest\u00f3 que se realizaron pl\u00e1ticas con la empresa INFRA para que apertura los d\u00edas domingos y que las personas que requieran ox\u00edgeno en casa puedan contar con ello.<\/span><\/p>\n<p style=\"text-align: justify;\">&nbsp;<\/p>\n<p class=\"x_MsoNormal\" style=\"text-align: justify;\"><span style=\"font-size: 14pt; font-family: arial, helvetica, sans-serif;\">Finalmente inst\u00f3 a la poblaci\u00f3n a que contin\u00fae hoy m\u00e1s que nunca con las medidas de sanidad; uso correcto de cubre boca, lavado constante de manos, sana distancia y salir solo si es necesario, pues el COVID-19 y sus nuevas variantes se previene con estas mismas medidas.<\/span><\/p>\n<p style=\"text-align: justify;\">&nbsp;<\/p>\n<p style=\"text-align: justify;\">&nbsp;<\/p>\n<p style=\"text-align: justify;\"><span style=\"font-size: 14pt; font-family: arial, helvetica, sans-serif;\">REDACCI\u00d3N\/VISI\u00d3N CIUDADANA.<\/span><\/p>\n","protected":false},"excerpt":{"rendered":"<p>&nbsp;El Gobierno de Sinaloa hace un sensible llamado a la poblaci\u00f3n joven de 18 en adelante que a\u00fan no se ha registrado en la plataforma oficial&nbsp;mivacuna.salud.gob.mx&nbsp;para que se registre en la brevedad, pues de ello depende la estimaci\u00f3n y evaluaci\u00f3n que realiza la federaci\u00f3n para enviar el n\u00famero de vacunas a nuestro estado, inform\u00f3 el [&hellip;]<\/p>\n","protected":false},"author":1,"featured_media":1229,"comment_status":"closed","ping_status":"closed","sticky":false,"template":"","format":"standard","meta":{"footnotes":""},"categories":[13],"tags":[],"ppma_author":[31],"class_list":["post-17273","post","type-post","status-publish","format-standard","has-post-thumbnail","hentry","category-locales"],"aioseo_notices":[],"authors":[{"term_id":31,"user_id":1,"is_guest":0,"slug":"ivan3vino","display_name":"Iv\u00e1n Trevi\u00f1o","avatar_url":{"url":"https:\/\/visionciudadana.com.mx\/oficial\/wp-content\/uploads\/2025\/09\/columna-ivan-Trevino.png","url2x":"https:\/\/visionciudadana.com.mx\/oficial\/wp-content\/uploads\/2025\/09\/columna-ivan-Trevino.png"},"0":null,"1":"","2":"","3":"","4":"","5":"","6":"","7":"","8":""}],"_links":{"self":[{"href":"https:\/\/visionciudadana.com.mx\/oficial\/wp-json\/wp\/v2\/posts\/17273","targetHints":{"allow":["GET"]}}],"collection":[{"href":"https:\/\/visionciudadana.com.mx\/oficial\/wp-json\/wp\/v2\/posts"}],"about":[{"href":"https:\/\/visionciudadana.com.mx\/oficial\/wp-json\/wp\/v2\/types\/post"}],"author":[{"embeddable":true,"href":"https:\/\/visionciudadana.com.mx\/oficial\/wp-json\/wp\/v2\/users\/1"}],"replies":[{"embeddable":true,"href":"https:\/\/visionciudadana.com.mx\/oficial\/wp-json\/wp\/v2\/comments?post=17273"}],"version-history":[{"count":1,"href":"https:\/\/visionciudadana.com.mx\/oficial\/wp-json\/wp\/v2\/posts\/17273\/revisions"}],"predecessor-version":[{"id":30802,"href":"https:\/\/visionciudadana.com.mx\/oficial\/wp-json\/wp\/v2\/posts\/17273\/revisions\/30802"}],"wp:featuredmedia":[{"embeddable":true,"href":"https:\/\/visionciudadana.com.mx\/oficial\/wp-json\/wp\/v2\/posts\/1229"}],"wp:attachment":[{"href":"https:\/\/visionciudadana.com.mx\/oficial\/wp-json\/wp\/v2\/media?parent=17273"}],"wp:term":[{"taxonomy":"category","embeddable":true,"href":"https:\/\/visionciudadana.com.mx\/oficial\/wp-json\/wp\/v2\/categories?post=17273"},{"taxonomy":"post_tag","embeddable":true,"href":"https:\/\/visionciudadana.com.mx\/oficial\/wp-json\/wp\/v2\/tags?post=17273"},{"taxonomy":"author","embeddable":true,"href":"https:\/\/visionciudadana.com.mx\/oficial\/wp-json\/wp\/v2\/ppma_author?post=17273"}],"curies":[{"name":"wp","href":"https:\/\/api.w.org\/{rel}","templated":true}]}}