{"id":17272,"date":"2021-07-22T17:22:15","date_gmt":"2021-07-22T17:22:15","guid":{"rendered":"https:\/\/visionciudadana.com.mx\/chio\/2021\/07\/22\/coepriss-brinda-capacitacion-a-los-tianguis-de-culiacan-para-prevenir-el-covid-19\/"},"modified":"2025-06-25T00:11:52","modified_gmt":"2025-06-25T00:11:52","slug":"coepriss-brinda-capacitacion-a-los-tianguis-de-culiacan-para-prevenir-el-covid-19","status":"publish","type":"post","link":"https:\/\/visionciudadana.com.mx\/oficial\/2021\/07\/22\/coepriss-brinda-capacitacion-a-los-tianguis-de-culiacan-para-prevenir-el-covid-19\/","title":{"rendered":"Coepriss brinda capacitaci\u00f3n a los tianguis de Culiac\u00e1n para prevenir el COVID-19  \u00a0"},"content":{"rendered":"<p><img fetchpriority=\"high\" decoding=\"async\" src=\"images\/2021\/julio21\/tianguiss.jpg\" alt=\"tianguiss\" width=\"780\" height=\"420\" style=\"display: block; margin: 20px auto;\" \/><\/p>\n<div><span style=\"font-size: 14pt; font-family: arial, helvetica, sans-serif;\">La Secretar\u00eda de Salud, a trav\u00e9s de la Comisi\u00f3n Estatal para la Protecci\u00f3n contra Riesgos Sanitarios de Sinaloa (Coepriss), brind\u00f3 capacitaci\u00f3n sobre protocolos de bioseguridad sanitaria a representantes de los tianguis que operan en Culiac\u00e1n en el marco de una verificaci\u00f3n sanitaria realizada en el tianguis de la colonia Laureles Pinos.<\/span><\/div>\n<div>&nbsp;<\/div>\n<div style=\"text-align: justify;\"><span style=\"font-size: 14pt; font-family: arial, helvetica, sans-serif;\"><\/span><\/div>\n<div style=\"text-align: justify;\"><span style=\"font-size: 14pt; font-family: arial, helvetica, sans-serif;\">El comisionado Jorge Alan Urbina Vidales destac\u00f3 la obligatoriedad de cumplir con las medidas de seguridad sanitaria para que los comerciantes puedan realizar sus actividades. \u201cTodos los puestos deben cumplir con las medidas sanitarias y cada punto de venta debe tener obligatoriamente gel antibacterial, sanitizador y cubrebocas disponible&nbsp; para los visitantes\u201d, se\u00f1al\u00f3.<\/span><\/div>\n<div>&nbsp;<\/div>\n<div style=\"text-align: justify;\"><span style=\"font-size: 14pt; font-family: arial, helvetica, sans-serif;\"><\/span><\/div>\n<div style=\"text-align: justify;\"><span style=\"font-size: 14pt; font-family: arial, helvetica, sans-serif;\">\u201cEs fundamental que apliquen adecuadamente todas las acciones preventivas para evitar la transmisi\u00f3n del virus SARS-CoV2, causante del COVID-19\u201d, afirm\u00f3 en el encuentro con los tiangueros.<\/span><\/div>\n<div>&nbsp;<\/div>\n<div style=\"text-align: justify;\"><span style=\"font-size: 14pt; font-family: arial, helvetica, sans-serif;\"><\/span><\/div>\n<div style=\"text-align: justify;\"><span style=\"font-size: 14pt; font-family: arial, helvetica, sans-serif;\">Oscar Ren\u00e9 Mascare\u00f1o Guti\u00e9rrez, jefe del departamento de capacitaci\u00f3n y fomento sanitario, encabez\u00f3 la capacitaci\u00f3n dirigida a los comerciantes de los tianguis de Culiac\u00e1n con el prop\u00f3sito de garantizar la implementaci\u00f3n de medidas preventivas destacando el uso del cubrebocas, la sana distancia, la disposici\u00f3n de gel antibacterial y la desinfecci\u00f3n de los puestos que les permita tener un entorno saludable durante sus actividades.<\/span><\/div>\n<div>&nbsp;<\/div>\n<div style=\"text-align: justify;\"><span style=\"font-size: 14pt; font-family: arial, helvetica, sans-serif;\"><\/span><\/div>\n<div style=\"text-align: justify;\"><span style=\"font-size: 14pt; font-family: arial, helvetica, sans-serif;\">\u201cEstas medidas deben respetarse por comerciantes y clientes por igual tomando como medidas fundamentales la sana distancia, el uso de prendas de protecci\u00f3n, la higiene adecuada de las manos y la limpieza permanente de las superficies de contacto, de acuerdo con los protocolos recomendados\u201d, advirti\u00f3.<\/span><\/div>\n<div>&nbsp;<\/div>\n<div style=\"text-align: justify;\"><span style=\"font-size: 14pt; font-family: arial, helvetica, sans-serif;\"><\/span><\/div>\n<div style=\"text-align: justify;\"><span style=\"font-size: 14pt; font-family: arial, helvetica, sans-serif;\">El comisionado Jorge Alan Urbina Vidales enfatiz\u00f3 que lo m\u00e1s importante es proteger la salud y la vida de los comerciantes y los clientes. \u201cPor disposici\u00f3n municipal se restringir\u00e1 la entrada a los tianguis a ni\u00f1os menores de 12 a\u00f1os y es importante vigilar el cumplimiento de esta medida\u201d, dijo.<\/span><\/div>\n<div>&nbsp;<\/div>\n<div style=\"text-align: justify;\"><span style=\"font-size: 14pt; font-family: arial, helvetica, sans-serif;\"><\/span><\/div>\n<div style=\"text-align: justify;\"><span style=\"font-size: 14pt; font-family: arial, helvetica, sans-serif;\">\u201cLos verificadores sanitarios revisan el cumplimiento de las medidas sanitarias por lo que est\u00e1 capacitaci\u00f3n tiene tambi\u00e9n la finalidad de proporcionar los conocimientos para que todos los comerciantes puedan cumplir con los protocolos sanitarios establecidos por el sector salud\u201d, dijo.<\/span><\/div>\n<div>&nbsp;<\/div>\n<div style=\"text-align: justify;\"><span style=\"font-size: 14pt; font-family: arial, helvetica, sans-serif;\"><\/span><\/div>\n<div style=\"text-align: justify;\"><span style=\"font-size: 14pt; font-family: arial, helvetica, sans-serif;\">El capacitador estatal Oscar Ren\u00e9 Mascare\u00f1o Guti\u00e9rrez subray\u00f3 que la sana distancia y la disposici\u00f3n de gel antibacterial es fundamental adem\u00e1s de vigilar el uso obligado del cubrebocas por comerciantes y clientes, y garantizar la desinfecci\u00f3n de los puestos de venta.<\/span><\/div>\n<div>&nbsp;<\/div>\n<div style=\"text-align: justify;\"><span style=\"font-size: 14pt; font-family: arial, helvetica, sans-serif;\"><\/span><\/div>\n<div style=\"text-align: justify;\"><span style=\"font-size: 14pt; font-family: arial, helvetica, sans-serif;\">\u201cEs obligatorio el uso del cubrebocas para comerciantes y clientes al entrar al tianguis, durante su permanencia y al salir\u201d, advirti\u00f3.<\/span><\/div>\n<div>&nbsp;<\/div>\n<div style=\"text-align: justify;\"><span style=\"font-size: 14pt; font-family: arial, helvetica, sans-serif;\"><\/span><\/div>\n<div style=\"text-align: justify;\"><span style=\"font-size: 14pt; font-family: arial, helvetica, sans-serif;\">Jorge Alan Urbina Vidales expres\u00f3 que los protocolos sanitarios forman parte del esfuerzo cotidiano que todos debemos hacer y se reflejan en el bienestar de los comerciantes y de sus clientes. \u201cCapacitarse es prepararse para cuidar de la integridad, el bienestar y la salud de las personas y cumplir con el compromiso de prevenir para evitar cualquier riesgo\u201d, dijo.<\/span><\/div>\n<div>&nbsp;<\/div>\n<div style=\"text-align: justify;\"><span style=\"font-size: 14pt; font-family: arial, helvetica, sans-serif;\"><\/span><\/div>\n<div style=\"text-align: justify;\"><span style=\"font-size: 14pt; font-family: arial, helvetica, sans-serif;\">\u00abJes\u00fas Estrada Ferreiro, presidente municipal de Culiac\u00e1n, entendi\u00f3 que del funcionamiento de los tianguis dependen nuestras fuentes de trabajo y por eso solo se cerr\u00f3 el tianguis m\u00e1s grande de Culiac\u00e1n: Los Huizaches permanecer\u00e1 cerrado por dos domingos y no se cerrar\u00e1n el resto de tianguis\u201d, apunt\u00f3.<\/span><\/div>\n<div>&nbsp;<\/div>\n<div style=\"text-align: justify;\"><span style=\"font-size: 14pt; font-family: arial, helvetica, sans-serif;\"><\/span><\/div>\n<div style=\"text-align: justify;\"><span style=\"font-size: 14pt; font-family: arial, helvetica, sans-serif;\">Explic\u00f3 que todos los d\u00edas de la semana, menos el mi\u00e9rcoles, se instalan tianguis en diferentes puntos de Culiac\u00e1n: lunes en la colonia Felipe \u00c1ngeles, martes en la colonia Terrones, jueves en la colonia Laureles Pinos, viernes en la colonia Guadalupe Victoria, el s\u00e1bado funcionan dos tianguis: Aguaruto y Lombardo Toledano. El tianguis de la colonia Lombardo Toledano se instala s\u00e1bado y domingo.<\/span><\/div>\n<div>&nbsp;<\/div>\n<div style=\"text-align: justify;\"><span style=\"font-size: 14pt; font-family: arial, helvetica, sans-serif;\"><\/span><\/div>\n<div style=\"text-align: justify;\"><span style=\"font-size: 14pt; font-family: arial, helvetica, sans-serif;\">\u201cEl domingo operan tres tianguis en Culiac\u00e1n: Huizachez, Lombardo Toledano y 5 de febrero. Pero por los pr\u00f3ximos dos domingos no se instalar\u00e1 el tianguis m\u00e1s grande de Culiac\u00e1n que se ubica en el sector Huizachez. Para vebdedores la sanci\u00f3n implica la suspensi\u00f3n de su permiso de venta en el tianguis\u201d, apunt\u00f3.<\/span><\/div>\n<div style=\"text-align: justify;\"><span style=\"font-size: 14pt; font-family: arial, helvetica, sans-serif;\"><\/span><\/div>\n<div style=\"text-align: justify;\">&nbsp;<\/div>\n<div style=\"text-align: justify;\">&nbsp;<\/div>\n<div style=\"text-align: justify;\"><span style=\"font-size: 14pt; font-family: arial, helvetica, sans-serif;\">REDACCI\u00d3N\/VISI\u00d3N CIUDADANA.<\/span><\/div>\n","protected":false},"excerpt":{"rendered":"<p>La Secretar\u00eda de Salud, a trav\u00e9s de la Comisi\u00f3n Estatal para la Protecci\u00f3n contra Riesgos Sanitarios de Sinaloa (Coepriss), brind\u00f3 capacitaci\u00f3n sobre protocolos de bioseguridad sanitaria a representantes de los tianguis que operan en Culiac\u00e1n en el marco de una verificaci\u00f3n sanitaria realizada en el tianguis de la colonia Laureles Pinos. &nbsp; El comisionado Jorge [&hellip;]<\/p>\n","protected":false},"author":1,"featured_media":1227,"comment_status":"closed","ping_status":"closed","sticky":false,"template":"","format":"standard","meta":{"footnotes":""},"categories":[13],"tags":[],"ppma_author":[31],"class_list":["post-17272","post","type-post","status-publish","format-standard","has-post-thumbnail","hentry","category-locales"],"aioseo_notices":[],"authors":[{"term_id":31,"user_id":1,"is_guest":0,"slug":"ivan3vino","display_name":"Iv\u00e1n Trevi\u00f1o","avatar_url":{"url":"https:\/\/visionciudadana.com.mx\/oficial\/wp-content\/uploads\/2025\/09\/columna-ivan-Trevino.png","url2x":"https:\/\/visionciudadana.com.mx\/oficial\/wp-content\/uploads\/2025\/09\/columna-ivan-Trevino.png"},"0":null,"1":"","2":"","3":"","4":"","5":"","6":"","7":"","8":""}],"_links":{"self":[{"href":"https:\/\/visionciudadana.com.mx\/oficial\/wp-json\/wp\/v2\/posts\/17272","targetHints":{"allow":["GET"]}}],"collection":[{"href":"https:\/\/visionciudadana.com.mx\/oficial\/wp-json\/wp\/v2\/posts"}],"about":[{"href":"https:\/\/visionciudadana.com.mx\/oficial\/wp-json\/wp\/v2\/types\/post"}],"author":[{"embeddable":true,"href":"https:\/\/visionciudadana.com.mx\/oficial\/wp-json\/wp\/v2\/users\/1"}],"replies":[{"embeddable":true,"href":"https:\/\/visionciudadana.com.mx\/oficial\/wp-json\/wp\/v2\/comments?post=17272"}],"version-history":[{"count":1,"href":"https:\/\/visionciudadana.com.mx\/oficial\/wp-json\/wp\/v2\/posts\/17272\/revisions"}],"predecessor-version":[{"id":30803,"href":"https:\/\/visionciudadana.com.mx\/oficial\/wp-json\/wp\/v2\/posts\/17272\/revisions\/30803"}],"wp:featuredmedia":[{"embeddable":true,"href":"https:\/\/visionciudadana.com.mx\/oficial\/wp-json\/wp\/v2\/posts\/1227"}],"wp:attachment":[{"href":"https:\/\/visionciudadana.com.mx\/oficial\/wp-json\/wp\/v2\/media?parent=17272"}],"wp:term":[{"taxonomy":"category","embeddable":true,"href":"https:\/\/visionciudadana.com.mx\/oficial\/wp-json\/wp\/v2\/categories?post=17272"},{"taxonomy":"post_tag","embeddable":true,"href":"https:\/\/visionciudadana.com.mx\/oficial\/wp-json\/wp\/v2\/tags?post=17272"},{"taxonomy":"author","embeddable":true,"href":"https:\/\/visionciudadana.com.mx\/oficial\/wp-json\/wp\/v2\/ppma_author?post=17272"}],"curies":[{"name":"wp","href":"https:\/\/api.w.org\/{rel}","templated":true}]}}