{"id":17271,"date":"2021-07-22T17:16:26","date_gmt":"2021-07-22T17:16:26","guid":{"rendered":"https:\/\/visionciudadana.com.mx\/chio\/2021\/07\/22\/call-center-ayuda-a-personas-a-recibir-atencion-directa-y-oportuna-ssa\/"},"modified":"2025-06-25T00:11:52","modified_gmt":"2025-06-25T00:11:52","slug":"call-center-ayuda-a-personas-a-recibir-atencion-directa-y-oportuna-ssa","status":"publish","type":"post","link":"https:\/\/visionciudadana.com.mx\/oficial\/2021\/07\/22\/call-center-ayuda-a-personas-a-recibir-atencion-directa-y-oportuna-ssa\/","title":{"rendered":"Call Center ayuda a personas a recibir atenci\u00f3n directa y oportuna: SSA"},"content":{"rendered":"<p><img fetchpriority=\"high\" decoding=\"async\" src=\"images\/2021\/julio21\/doc_mu\u00f1oz.PNG\" alt=\"doc mu\u00f1oz\" width=\"646\" height=\"436\" style=\"display: block; margin: 20px auto;\" \/><\/p>\n<div>&nbsp;<\/div>\n<div style=\"text-align: justify;\"><span style=\"font-size: 14pt; font-family: arial, helvetica, sans-serif;\">A ra\u00edz de la tercera ola donde se ha tenido un incremento de casos en las \u00faltimas semanas en nuestro estado, las estrategias y acciones que se han emprendido desde el inicio de esta pandemia se han reforzado, inform\u00f3 el Dr. Cristhian Aldo Mu\u00f1oz Madrid, Director de Prevenci\u00f3n y Promoci\u00f3n de Salud.<\/span><\/div>\n<div>&nbsp;<\/div>\n<div style=\"text-align: justify;\"><span style=\"font-size: 14pt; font-family: arial, helvetica, sans-serif;\"><\/span><\/div>\n<div style=\"text-align: justify;\"><span style=\"font-size: 14pt; font-family: arial, helvetica, sans-serif;\">Record\u00f3 que una estrategia toral fue la instalaci\u00f3n del Call Center en marzo del 2020, desde entonces y a la fecha se han otorgado 112 mil atenciones m\u00e9dicas y actualmente se atienden alrededor de 1 mil personas dar\u00edas de manera telef\u00f3nica a las cuales se les evita llegar a un hospital de forma innecesaria y con ello se logra tener control en la ocupaci\u00f3n.&nbsp;<\/span><\/div>\n<div style=\"text-align: justify;\">&nbsp;<\/div>\n<div style=\"text-align: justify;\"><span style=\"font-size: 14pt; font-family: arial, helvetica, sans-serif;\"><\/span><\/div>\n<div style=\"text-align: justify;\"><span style=\"font-size: 14pt; font-family: arial, helvetica, sans-serif;\">\u201cEl Dr. Efr\u00e9n encinas no ha desistido informar que no se relaje la poblaci\u00f3n a pesar de que llevamos un porcentaje alto de m\u00e1s de la mitad de la poblaci\u00f3n vacunada, era importante la no relajaci\u00f3n, desafortunadamente se viene esta tercera ola nos agarra un poco m\u00e1s preparados, un estado ya m\u00e1s completo con el tema del call center, con los hospitales y de todas las personas que hemos venido trabajado desde el inicio de la pandemia con el tema tan complejo de COVID\u201d, manifest\u00f3.&nbsp;<\/span><\/div>\n<div>&nbsp;<\/div>\n<div style=\"text-align: justify;\"><span style=\"font-size: 14pt; font-family: arial, helvetica, sans-serif;\"><\/span><\/div>\n<div style=\"text-align: justify;\"><span style=\"font-size: 14pt; font-family: arial, helvetica, sans-serif;\">Asimismo, otra de las estrategias ha sido la vacunaci\u00f3n logrando al momento tener un promedio de 1.8 millones de personas vacunadas, as\u00ed como la mayor\u00eda del personal de salud de las instituciones ya vacunados con m\u00e1s de 50 mil trabajadores.<\/span><\/div>\n<div style=\"text-align: justify;\">&nbsp;<\/div>\n<div style=\"text-align: justify;\"><span style=\"font-size: 14pt; font-family: arial, helvetica, sans-serif;\"><\/span><\/div>\n<div style=\"text-align: justify;\"><span style=\"font-size: 14pt; font-family: arial, helvetica, sans-serif;\">Finalmente reiter\u00f3 que en caso de presentar s\u00edntomas de la enfermedad pueden comunicarse a un Call Center para que sean atendidos por personal de salud y reciban orientaci\u00f3n y atenci\u00f3n oportuna; Culiac\u00e1n 667 713 0063, Mazatl\u00e1n 669 910 1839, Guasave 687 721 0659, Los Mochis 668 123 4557 y Guam\u00fachil 673 688 0630.<\/span><\/div>\n<div style=\"text-align: justify;\">&nbsp;<\/div>\n<div style=\"text-align: justify;\">&nbsp;<\/div>\n<div style=\"text-align: justify;\">&nbsp;<\/div>\n<div style=\"text-align: justify;\"><span style=\"font-size: 14pt; font-family: arial, helvetica, sans-serif;\">REDACCI\u00d3N\/VISI\u00d3N CIUDADANA.<\/span><\/div>\n","protected":false},"excerpt":{"rendered":"<p>&nbsp; A ra\u00edz de la tercera ola donde se ha tenido un incremento de casos en las \u00faltimas semanas en nuestro estado, las estrategias y acciones que se han emprendido desde el inicio de esta pandemia se han reforzado, inform\u00f3 el Dr. Cristhian Aldo Mu\u00f1oz Madrid, Director de Prevenci\u00f3n y Promoci\u00f3n de Salud. &nbsp; Record\u00f3 [&hellip;]<\/p>\n","protected":false},"author":1,"featured_media":1225,"comment_status":"closed","ping_status":"closed","sticky":false,"template":"","format":"standard","meta":{"footnotes":""},"categories":[24],"tags":[],"ppma_author":[31],"class_list":["post-17271","post","type-post","status-publish","format-standard","has-post-thumbnail","hentry","category-relevantes"],"aioseo_notices":[],"authors":[{"term_id":31,"user_id":1,"is_guest":0,"slug":"ivan3vino","display_name":"Iv\u00e1n Trevi\u00f1o","avatar_url":{"url":"https:\/\/visionciudadana.com.mx\/oficial\/wp-content\/uploads\/2025\/09\/columna-ivan-Trevino.png","url2x":"https:\/\/visionciudadana.com.mx\/oficial\/wp-content\/uploads\/2025\/09\/columna-ivan-Trevino.png"},"0":null,"1":"","2":"","3":"","4":"","5":"","6":"","7":"","8":""}],"_links":{"self":[{"href":"https:\/\/visionciudadana.com.mx\/oficial\/wp-json\/wp\/v2\/posts\/17271","targetHints":{"allow":["GET"]}}],"collection":[{"href":"https:\/\/visionciudadana.com.mx\/oficial\/wp-json\/wp\/v2\/posts"}],"about":[{"href":"https:\/\/visionciudadana.com.mx\/oficial\/wp-json\/wp\/v2\/types\/post"}],"author":[{"embeddable":true,"href":"https:\/\/visionciudadana.com.mx\/oficial\/wp-json\/wp\/v2\/users\/1"}],"replies":[{"embeddable":true,"href":"https:\/\/visionciudadana.com.mx\/oficial\/wp-json\/wp\/v2\/comments?post=17271"}],"version-history":[{"count":1,"href":"https:\/\/visionciudadana.com.mx\/oficial\/wp-json\/wp\/v2\/posts\/17271\/revisions"}],"predecessor-version":[{"id":30804,"href":"https:\/\/visionciudadana.com.mx\/oficial\/wp-json\/wp\/v2\/posts\/17271\/revisions\/30804"}],"wp:featuredmedia":[{"embeddable":true,"href":"https:\/\/visionciudadana.com.mx\/oficial\/wp-json\/wp\/v2\/posts\/1225"}],"wp:attachment":[{"href":"https:\/\/visionciudadana.com.mx\/oficial\/wp-json\/wp\/v2\/media?parent=17271"}],"wp:term":[{"taxonomy":"category","embeddable":true,"href":"https:\/\/visionciudadana.com.mx\/oficial\/wp-json\/wp\/v2\/categories?post=17271"},{"taxonomy":"post_tag","embeddable":true,"href":"https:\/\/visionciudadana.com.mx\/oficial\/wp-json\/wp\/v2\/tags?post=17271"},{"taxonomy":"author","embeddable":true,"href":"https:\/\/visionciudadana.com.mx\/oficial\/wp-json\/wp\/v2\/ppma_author?post=17271"}],"curies":[{"name":"wp","href":"https:\/\/api.w.org\/{rel}","templated":true}]}}