{"id":17270,"date":"2021-07-22T17:06:54","date_gmt":"2021-07-22T17:06:54","guid":{"rendered":"https:\/\/visionciudadana.com.mx\/chio\/2021\/07\/22\/rocha-moya-lamenta-asesinato-de-morenistas-roman-rubio-y-esteban-lopez-exige-esclarecer-los-hechos\/"},"modified":"2025-06-25T00:11:52","modified_gmt":"2025-06-25T00:11:52","slug":"rocha-moya-lamenta-asesinato-de-morenistas-roman-rubio-y-esteban-lopez-exige-esclarecer-los-hechos","status":"publish","type":"post","link":"https:\/\/visionciudadana.com.mx\/oficial\/2021\/07\/22\/rocha-moya-lamenta-asesinato-de-morenistas-roman-rubio-y-esteban-lopez-exige-esclarecer-los-hechos\/","title":{"rendered":"Rocha Moya lamenta asesinato de morenistas Rom\u00e1n Rubio y Esteban L\u00f3pez;\u00a0 exige esclarecer los hechos"},"content":{"rendered":"<p style=\"text-align: justify;\"><img fetchpriority=\"high\" decoding=\"async\" src=\"images\/2021\/julio21\/rocha_moy.PNG\" alt=\"rocha moy\" width=\"536\" height=\"353\" style=\"display: block; margin: 20px auto;\" \/><\/p>\n<p class=\"x_MsoNormal\" style=\"text-align: justify;\"><span style=\"font-size: 14pt; font-family: arial, helvetica, sans-serif;\">En relaci\u00f3n a los lamentables asesinatos, ocurridos en el municipio de Sinaloa, de Rom\u00e1n Rubio L\u00f3pez, excandidato por Morena del sexto distrito, y Esteban L\u00f3pez Beltr\u00e1n, quien fue coordinador de campa\u00f1a de la candidata de Morena por la alcald\u00eda de ese municipio, M\u00f3nica Nava, el gobernador electo Rub\u00e9n Rocha Moya pidi\u00f3 a las autoridades actuar de inmediato para esclarecer los hechos y castigar a los responsables.<\/span><\/p>\n<p style=\"text-align: justify;\">&nbsp;<\/p>\n<p class=\"x_MsoNormal\" style=\"text-align: justify;\"><span style=\"font-size: 14pt; font-family: arial, helvetica, sans-serif;\">\u201cPedirles a las autoridades correspondientes que act\u00faen de inmediato, que hagan la investigaci\u00f3n que corresponde, con toda responsabilidad y apego a derecho, imparcial, diligente\u201d, puntualiz\u00f3.<\/span><\/p>\n<p style=\"text-align: justify;\">&nbsp;<\/p>\n<p class=\"x_MsoNormal\" style=\"text-align: justify;\"><span style=\"font-size: 14pt; font-family: arial, helvetica, sans-serif;\">\u201cEn este momento es cuando se pueden esclarecer los hechos, y que le entreguen a la sociedad, a los familiares, a todos nosotros los compa\u00f1eros de Esteban y de Rom\u00e1n los resultados, que espero sean esclarecedores con respeto a los responsables del asesinato de nuestros compa\u00f1eros\u201d.<\/span><\/p>\n<p style=\"text-align: justify;\">&nbsp;<\/p>\n<p class=\"x_MsoNormal\" style=\"text-align: justify;\"><span style=\"font-size: 14pt; font-family: arial, helvetica, sans-serif;\">Rocha Moya lament\u00f3 los hechos que costaron la vida de los dos compa\u00f1eros morenistas y expres\u00f3 sus sentidas condolencias a sus familiares.<\/span><\/p>\n<p style=\"text-align: justify;\">&nbsp;<\/p>\n<p style=\"text-align: justify;\">&nbsp;<\/p>\n<p style=\"text-align: justify;\"><span style=\"font-size: 14pt; font-family: arial, helvetica, sans-serif;\">REDACCI\u00d3N\/VISI\u00d3N CIUDADANA.<\/span><\/p>\n","protected":false},"excerpt":{"rendered":"<p>En relaci\u00f3n a los lamentables asesinatos, ocurridos en el municipio de Sinaloa, de Rom\u00e1n Rubio L\u00f3pez, excandidato por Morena del sexto distrito, y Esteban L\u00f3pez Beltr\u00e1n, quien fue coordinador de campa\u00f1a de la candidata de Morena por la alcald\u00eda de ese municipio, M\u00f3nica Nava, el gobernador electo Rub\u00e9n Rocha Moya pidi\u00f3 a las autoridades actuar [&hellip;]<\/p>\n","protected":false},"author":1,"featured_media":1223,"comment_status":"closed","ping_status":"closed","sticky":false,"template":"","format":"standard","meta":{"footnotes":""},"categories":[13],"tags":[],"ppma_author":[31],"class_list":["post-17270","post","type-post","status-publish","format-standard","has-post-thumbnail","hentry","category-locales"],"aioseo_notices":[],"authors":[{"term_id":31,"user_id":1,"is_guest":0,"slug":"ivan3vino","display_name":"Iv\u00e1n Trevi\u00f1o","avatar_url":{"url":"https:\/\/visionciudadana.com.mx\/oficial\/wp-content\/uploads\/2025\/09\/columna-ivan-Trevino.png","url2x":"https:\/\/visionciudadana.com.mx\/oficial\/wp-content\/uploads\/2025\/09\/columna-ivan-Trevino.png"},"0":null,"1":"","2":"","3":"","4":"","5":"","6":"","7":"","8":""}],"_links":{"self":[{"href":"https:\/\/visionciudadana.com.mx\/oficial\/wp-json\/wp\/v2\/posts\/17270","targetHints":{"allow":["GET"]}}],"collection":[{"href":"https:\/\/visionciudadana.com.mx\/oficial\/wp-json\/wp\/v2\/posts"}],"about":[{"href":"https:\/\/visionciudadana.com.mx\/oficial\/wp-json\/wp\/v2\/types\/post"}],"author":[{"embeddable":true,"href":"https:\/\/visionciudadana.com.mx\/oficial\/wp-json\/wp\/v2\/users\/1"}],"replies":[{"embeddable":true,"href":"https:\/\/visionciudadana.com.mx\/oficial\/wp-json\/wp\/v2\/comments?post=17270"}],"version-history":[{"count":1,"href":"https:\/\/visionciudadana.com.mx\/oficial\/wp-json\/wp\/v2\/posts\/17270\/revisions"}],"predecessor-version":[{"id":30805,"href":"https:\/\/visionciudadana.com.mx\/oficial\/wp-json\/wp\/v2\/posts\/17270\/revisions\/30805"}],"wp:featuredmedia":[{"embeddable":true,"href":"https:\/\/visionciudadana.com.mx\/oficial\/wp-json\/wp\/v2\/posts\/1223"}],"wp:attachment":[{"href":"https:\/\/visionciudadana.com.mx\/oficial\/wp-json\/wp\/v2\/media?parent=17270"}],"wp:term":[{"taxonomy":"category","embeddable":true,"href":"https:\/\/visionciudadana.com.mx\/oficial\/wp-json\/wp\/v2\/categories?post=17270"},{"taxonomy":"post_tag","embeddable":true,"href":"https:\/\/visionciudadana.com.mx\/oficial\/wp-json\/wp\/v2\/tags?post=17270"},{"taxonomy":"author","embeddable":true,"href":"https:\/\/visionciudadana.com.mx\/oficial\/wp-json\/wp\/v2\/ppma_author?post=17270"}],"curies":[{"name":"wp","href":"https:\/\/api.w.org\/{rel}","templated":true}]}}