{"id":17268,"date":"2021-07-22T16:52:26","date_gmt":"2021-07-22T16:52:26","guid":{"rendered":"https:\/\/visionciudadana.com.mx\/chio\/2021\/07\/22\/llega-a-la-colonia-lazaro-cardenas-programa-emergente-de-sanitizacion\/"},"modified":"2025-06-25T00:11:52","modified_gmt":"2025-06-25T00:11:52","slug":"llega-a-la-colonia-lazaro-cardenas-programa-emergente-de-sanitizacion","status":"publish","type":"post","link":"https:\/\/visionciudadana.com.mx\/oficial\/2021\/07\/22\/llega-a-la-colonia-lazaro-cardenas-programa-emergente-de-sanitizacion\/","title":{"rendered":"Llega a la colonia L\u00e1zaro C\u00e1rdenas Programa Emergente de Sanitizaci\u00f3n"},"content":{"rendered":"<p style=\"text-align: justify;\"><img fetchpriority=\"high\" decoding=\"async\" src=\"images\/2021\/julio21\/fumigan.jpg\" alt=\"fumigan\" width=\"780\" height=\"420\" style=\"display: block; margin: 20px auto;\" \/><\/p>\n<p class=\"x_MsoNormal\" style=\"text-align: justify;\"><span style=\"font-size: 14pt; font-family: arial, helvetica, sans-serif;\">El Programa Emergente de Sanitizaci\u00f3n impulsado por el municipio, continu\u00f3 hoy en la colonia L\u00e1zaro C\u00e1rdenas como parte de las acciones instruidas por el alcalde Lic. Jes\u00fas Estrada Ferreiro para reducir el riesgo de contagios de COVID-19 en los sectores con mayor incidencia de casos.<\/span><\/p>\n<p style=\"text-align: justify;\">&nbsp;<\/p>\n<p class=\"x_MsoNormal\" style=\"text-align: justify;\"><span style=\"font-size: 14pt; font-family: arial, helvetica, sans-serif;\">El personal de la Coordinaci\u00f3n Municipal de Protecci\u00f3n Civil en conjunto con la Fundaci\u00f3n Dra. Elga por M\u00e9xico y Operaci\u00f3n Bendici\u00f3n, lleg\u00f3 a dicha colonia en punto de las 9 de la ma\u00f1ana.<\/span><\/p>\n<p style=\"text-align: justify;\">&nbsp;<\/p>\n<p class=\"x_MsoNormal\" style=\"text-align: justify;\"><span style=\"font-size: 14pt; font-family: arial, helvetica, sans-serif;\">El punto de partida fue al exterior de las instalaciones del DIF CNOP en el bulevar Las Minas, donde se cargaron las bombas aspersoras con el l\u00edquido sanitizante a base de hipoclorito de sodio listo para ser utilizado.<\/span><\/p>\n<p style=\"text-align: justify;\">&nbsp;<\/p>\n<p class=\"x_MsoNormal\" style=\"text-align: justify;\"><span style=\"font-size: 14pt; font-family: arial, helvetica, sans-serif;\">Fueron un total de 600 litros los utilizados en esta jornada, los cuales son aportados por la Fundaci\u00f3n Dra. Elga por M\u00e9xico y Operaci\u00f3n Bendici\u00f3n, quienes seguir\u00e1n colaborando estrechamente con el municipio en estas labores.<\/span><\/p>\n<p style=\"text-align: justify;\">&nbsp;<\/p>\n<p class=\"x_MsoNormal\" style=\"text-align: justify;\"><span style=\"font-size: 14pt; font-family: arial, helvetica, sans-serif;\">En los pr\u00f3ximos d\u00edas el programa seguir\u00e1 acudiendo a las colonias con m\u00e1s casos de coronavirus, pues la prioridad es el cuidado de la salud, sin embargo se reitera el llamado a la poblaci\u00f3n a continuar con todos los protocolos sanitarios como uso de cubrebocas, sana distancia, lavado o sanitizaci\u00f3n de manos constante y sobre todo evitar salir de casa si no es necesario.&nbsp;<\/span><\/p>\n<p style=\"text-align: justify;\">&nbsp;<\/p>\n<p style=\"text-align: justify;\">&nbsp;<\/p>\n<p style=\"text-align: justify;\"><span style=\"font-size: 14pt; font-family: arial, helvetica, sans-serif;\">REDACCI\u00d3N\/VISI\u00d3N CIUDADANA.<\/span><\/p>\n","protected":false},"excerpt":{"rendered":"<p>El Programa Emergente de Sanitizaci\u00f3n impulsado por el municipio, continu\u00f3 hoy en la colonia L\u00e1zaro C\u00e1rdenas como parte de las acciones instruidas por el alcalde Lic. Jes\u00fas Estrada Ferreiro para reducir el riesgo de contagios de COVID-19 en los sectores con mayor incidencia de casos. &nbsp; El personal de la Coordinaci\u00f3n Municipal de Protecci\u00f3n Civil [&hellip;]<\/p>\n","protected":false},"author":1,"featured_media":1219,"comment_status":"closed","ping_status":"closed","sticky":false,"template":"","format":"standard","meta":{"footnotes":""},"categories":[13],"tags":[],"ppma_author":[31],"class_list":["post-17268","post","type-post","status-publish","format-standard","has-post-thumbnail","hentry","category-locales"],"aioseo_notices":[],"authors":[{"term_id":31,"user_id":1,"is_guest":0,"slug":"ivan3vino","display_name":"Iv\u00e1n Trevi\u00f1o","avatar_url":{"url":"https:\/\/visionciudadana.com.mx\/oficial\/wp-content\/uploads\/2025\/09\/columna-ivan-Trevino.png","url2x":"https:\/\/visionciudadana.com.mx\/oficial\/wp-content\/uploads\/2025\/09\/columna-ivan-Trevino.png"},"0":null,"1":"","2":"","3":"","4":"","5":"","6":"","7":"","8":""}],"_links":{"self":[{"href":"https:\/\/visionciudadana.com.mx\/oficial\/wp-json\/wp\/v2\/posts\/17268","targetHints":{"allow":["GET"]}}],"collection":[{"href":"https:\/\/visionciudadana.com.mx\/oficial\/wp-json\/wp\/v2\/posts"}],"about":[{"href":"https:\/\/visionciudadana.com.mx\/oficial\/wp-json\/wp\/v2\/types\/post"}],"author":[{"embeddable":true,"href":"https:\/\/visionciudadana.com.mx\/oficial\/wp-json\/wp\/v2\/users\/1"}],"replies":[{"embeddable":true,"href":"https:\/\/visionciudadana.com.mx\/oficial\/wp-json\/wp\/v2\/comments?post=17268"}],"version-history":[{"count":1,"href":"https:\/\/visionciudadana.com.mx\/oficial\/wp-json\/wp\/v2\/posts\/17268\/revisions"}],"predecessor-version":[{"id":30807,"href":"https:\/\/visionciudadana.com.mx\/oficial\/wp-json\/wp\/v2\/posts\/17268\/revisions\/30807"}],"wp:featuredmedia":[{"embeddable":true,"href":"https:\/\/visionciudadana.com.mx\/oficial\/wp-json\/wp\/v2\/posts\/1219"}],"wp:attachment":[{"href":"https:\/\/visionciudadana.com.mx\/oficial\/wp-json\/wp\/v2\/media?parent=17268"}],"wp:term":[{"taxonomy":"category","embeddable":true,"href":"https:\/\/visionciudadana.com.mx\/oficial\/wp-json\/wp\/v2\/categories?post=17268"},{"taxonomy":"post_tag","embeddable":true,"href":"https:\/\/visionciudadana.com.mx\/oficial\/wp-json\/wp\/v2\/tags?post=17268"},{"taxonomy":"author","embeddable":true,"href":"https:\/\/visionciudadana.com.mx\/oficial\/wp-json\/wp\/v2\/ppma_author?post=17268"}],"curies":[{"name":"wp","href":"https:\/\/api.w.org\/{rel}","templated":true}]}}