{"id":17267,"date":"2021-07-22T16:46:03","date_gmt":"2021-07-22T16:46:03","guid":{"rendered":"https:\/\/visionciudadana.com.mx\/chio\/2021\/07\/22\/entrega-la-uas-material-de-proteccion-contra-covid-19-a-la-policia-municipal-de-culiacan\/"},"modified":"2025-06-25T00:11:52","modified_gmt":"2025-06-25T00:11:52","slug":"entrega-la-uas-material-de-proteccion-contra-covid-19-a-la-policia-municipal-de-culiacan","status":"publish","type":"post","link":"https:\/\/visionciudadana.com.mx\/oficial\/2021\/07\/22\/entrega-la-uas-material-de-proteccion-contra-covid-19-a-la-policia-municipal-de-culiacan\/","title":{"rendered":"Entrega la UAS material de protecci\u00f3n contra Covid-19 a la Polic\u00eda Municipal de Culiac\u00e1n  \u00a0"},"content":{"rendered":"<p class=\"x_MsoNormal\" align=\"center\"><b><span lang=\"ES\"><img fetchpriority=\"high\" decoding=\"async\" src=\"images\/2021\/julio21\/entregas.jpg\" alt=\"entregas\" width=\"780\" height=\"420\" style=\"display: block; margin: 20px auto;\" \/>&nbsp;<\/span><\/b><\/p>\n<p class=\"x_MsoNormal\" style=\"text-align: justify;\"><span lang=\"ES\" style=\"font-size: 14pt; font-family: arial, helvetica, sans-serif;\">La Universidad Aut\u00f3noma de Sinaloa (UAS) a trav\u00e9s de su rector, el doctor Jes\u00fas Madue\u00f1a Molina, hizo entrega de material y equipo de protecci\u00f3n sanitario a la Polic\u00eda Municipal de Culiac\u00e1n, adscrita a la Secretar\u00eda de Seguridad P\u00fablica y Tr\u00e1nsito Municipal.<\/span><\/p>\n<p class=\"x_MsoNormal\" style=\"text-align: justify;\"><span lang=\"ES\" style=\"font-size: 14pt; font-family: arial, helvetica, sans-serif;\"><\/span><\/p>\n<p class=\"x_MsoNormal\" style=\"text-align: justify;\"><span lang=\"ES\" style=\"font-size: 14pt; font-family: arial, helvetica, sans-serif;\">En el evento realizado en el Campus Buelna, el dirigente universitario entreg\u00f3 de forma simb\u00f3lica al Coronel de Infanter\u00eda y Secretario de Seguridad P\u00fablica y Tr\u00e1nsito Municipal de Culiac\u00e1n, Mauricio Garc\u00eda Rodr\u00edguez, 500 litros de gel alcoholado elaborado en la Facultad de Ciencias Qu\u00edmico Biol\u00f3gicas (FCQB), mil cubrebocas desechables y m\u00e1s dos mil caretas producidas en el Parque de Innovaci\u00f3n Tecnol\u00f3gica (PIT), para la protecci\u00f3n de los agentes municipales a fin de prevenir contagios por SARS-CoV-2 durante sus jornadas de trabajo.<\/span><\/p>\n<p class=\"x_MsoNormal\" style=\"text-align: justify;\"><span lang=\"ES\" style=\"font-size: 14pt; font-family: arial, helvetica, sans-serif;\"><\/span><\/p>\n<p class=\"x_MsoNormal\" style=\"text-align: justify;\"><span lang=\"ES\" style=\"font-size: 14pt; font-family: arial, helvetica, sans-serif;\">\u201cCon esta entrega estamos enviando un mensaje de confianza a nuestros cuerpos de seguridad p\u00fablica, as\u00ed como de solidaridad con la importante labor que ustedes realizan\u201d, coment\u00f3 el Rector a los polic\u00edas municipales presentes.<\/span><\/p>\n<p class=\"x_MsoNormal\" style=\"text-align: justify;\"><span lang=\"ES\" style=\"font-size: 14pt; font-family: arial, helvetica, sans-serif;\"><\/span><\/p>\n<p class=\"x_MsoNormal\" style=\"text-align: justify;\"><span lang=\"ES\" style=\"font-size: 14pt; font-family: arial, helvetica, sans-serif;\">Adem\u00e1s, el dirigente universitario reiter\u00f3 el trabajo coordinado de esta instituci\u00f3n con las dependencias municipales y estatales frente a la pandemia, destacando que \u201cla UAS est\u00e1 y estar\u00e1 siempre para servir a la sociedad\u201d.<\/span><\/p>\n<p class=\"x_MsoNormal\" style=\"text-align: justify;\"><span lang=\"ES\" style=\"font-size: 14pt; font-family: arial, helvetica, sans-serif;\"><\/span><\/p>\n<p class=\"x_MsoNormal\" style=\"text-align: justify;\"><span lang=\"ES\" style=\"font-size: 14pt; font-family: arial, helvetica, sans-serif;\">\u201cHa sido una coordinaci\u00f3n que se refleja en diferentes \u00e1mbitos como la protecci\u00f3n civil, la promoci\u00f3n de la cultura, el resguardo de nuestras instalaciones y, m\u00e1s recientemente, las acciones en materia de prevenci\u00f3n de la COVID-19\u201d, agreg\u00f3 Madue\u00f1a Molina respecto a la relaci\u00f3n de trabajo con las autoridades de los 18 municipios de Sinaloa, en especial con el Ayuntamiento de Culiac\u00e1n, a trav\u00e9s del Presidente Municipal, licenciado Jes\u00fas Estrada Ferreiro.<\/span><\/p>\n<p class=\"x_MsoNormal\" style=\"text-align: justify;\"><span lang=\"ES\" style=\"font-size: 14pt; font-family: arial, helvetica, sans-serif;\"><\/span><\/p>\n<p class=\"x_MsoNormal\" style=\"text-align: justify;\"><span lang=\"ES\" style=\"font-size: 14pt; font-family: arial, helvetica, sans-serif;\">Por su parte, el Secretario de Seguridad P\u00fablica y Tr\u00e1nsito Municipal de Culiac\u00e1n, Mauricio Garc\u00eda Rodr\u00edguez, expres\u00f3 su agradecimiento a nombre del personal que diariamente se encuentra en las calles en apoyo de la sociedad civil para garantizar la seguridad y la paz social.<\/span><\/p>\n<p class=\"x_MsoNormal\" style=\"text-align: justify;\"><span lang=\"ES\" style=\"font-size: 14pt; font-family: arial, helvetica, sans-serif;\"><\/span><\/p>\n<p class=\"x_MsoNormal\" style=\"text-align: justify;\"><span lang=\"ES\" style=\"font-size: 14pt; font-family: arial, helvetica, sans-serif;\">\u201cEstos insumos, cr\u00e9ame que van a ser del total provecho para la gente que tambi\u00e9n de esta manera con este contingente que traigo representativo, vienen a refrendarle nuestro m\u00e1s sincero agradecimiento\u201d, pronunci\u00f3.<\/span><\/p>\n<p class=\"x_MsoNormal\" style=\"text-align: justify;\"><span lang=\"ES\" style=\"font-size: 14pt; font-family: arial, helvetica, sans-serif;\"><\/span><\/p>\n<p class=\"x_MsoNormal\" style=\"text-align: justify;\"><span lang=\"ES\" style=\"font-size: 14pt; font-family: arial, helvetica, sans-serif;\">De la distribuci\u00f3n de los insumos recibidos por parte de la UAS, el Coronel de Infanter\u00eda asegur\u00f3 que ser\u00e1 de manera equitativa en beneficio de mil 500 elementos operativos, entre efectivos y administrativos de la dependencia.<\/span><\/p>\n<p class=\"x_MsoNormal\" style=\"text-align: justify;\"><span lang=\"ES\" style=\"font-size: 14pt; font-family: arial, helvetica, sans-serif;\"><\/span><\/p>\n<p class=\"x_MsoNormal\" style=\"text-align: justify;\"><span lang=\"ES\" style=\"font-size: 14pt; font-family: arial, helvetica, sans-serif;\">\u201cPorque repito, esto es para que ellos traigan de forma individual la careta y mascarilla porque son, evidentemente, de uso personalizado. As\u00ed se les har\u00e1 entrega por parte del director operativo, del director de Tr\u00e1nsito y del \u00e1rea administrativa que tienen a cargo a toda la gente para que ellos se encarguen de manera individual de distribuirlos\u201d, inform\u00f3 el funcionario municipal.<\/span><\/p>\n<p class=\"x_MsoNormal\" style=\"text-align: justify;\"><span lang=\"ES\" style=\"font-size: 14pt; font-family: arial, helvetica, sans-serif;\"><\/span><\/p>\n<p class=\"x_MsoNormal\" style=\"text-align: justify;\"><span lang=\"ES\" style=\"font-size: 14pt; font-family: arial, helvetica, sans-serif;\">Para finalizar el evento, el Rector Madue\u00f1a Molina hizo un llamado a la sociedad sinaloense y a la comunidad universitaria para que \u201cnos sigamos cuidando, practicando la sana distancia y las dem\u00e1s medidas de prevenci\u00f3n como lo son el uso correcto del cubrebocas, el lavado frecuente de manos o el uso del gel alcoholado\u201d.<\/span><\/p>\n<p class=\"x_MsoNormal\" style=\"text-align: justify;\"><span lang=\"ES\" style=\"font-size: 14pt; font-family: arial, helvetica, sans-serif;\"><\/span><\/p>\n<p style=\"text-align: justify;\">&nbsp;<\/p>\n<p style=\"text-align: justify;\"><span style=\"font-size: 14pt; font-family: arial, helvetica, sans-serif;\">REDACCI\u00d3N\/VISI\u00d3N CIUDADANA.<\/span><\/p>\n","protected":false},"excerpt":{"rendered":"<p>&nbsp; La Universidad Aut\u00f3noma de Sinaloa (UAS) a trav\u00e9s de su rector, el doctor Jes\u00fas Madue\u00f1a Molina, hizo entrega de material y equipo de protecci\u00f3n sanitario a la Polic\u00eda Municipal de Culiac\u00e1n, adscrita a la Secretar\u00eda de Seguridad P\u00fablica y Tr\u00e1nsito Municipal. En el evento realizado en el Campus Buelna, el dirigente universitario entreg\u00f3 de [&hellip;]<\/p>\n","protected":false},"author":1,"featured_media":1217,"comment_status":"closed","ping_status":"closed","sticky":false,"template":"","format":"standard","meta":{"footnotes":""},"categories":[13],"tags":[],"ppma_author":[31],"class_list":["post-17267","post","type-post","status-publish","format-standard","has-post-thumbnail","hentry","category-locales"],"aioseo_notices":[],"authors":[{"term_id":31,"user_id":1,"is_guest":0,"slug":"ivan3vino","display_name":"Iv\u00e1n Trevi\u00f1o","avatar_url":{"url":"https:\/\/visionciudadana.com.mx\/oficial\/wp-content\/uploads\/2025\/09\/columna-ivan-Trevino.png","url2x":"https:\/\/visionciudadana.com.mx\/oficial\/wp-content\/uploads\/2025\/09\/columna-ivan-Trevino.png"},"0":null,"1":"","2":"","3":"","4":"","5":"","6":"","7":"","8":""}],"_links":{"self":[{"href":"https:\/\/visionciudadana.com.mx\/oficial\/wp-json\/wp\/v2\/posts\/17267","targetHints":{"allow":["GET"]}}],"collection":[{"href":"https:\/\/visionciudadana.com.mx\/oficial\/wp-json\/wp\/v2\/posts"}],"about":[{"href":"https:\/\/visionciudadana.com.mx\/oficial\/wp-json\/wp\/v2\/types\/post"}],"author":[{"embeddable":true,"href":"https:\/\/visionciudadana.com.mx\/oficial\/wp-json\/wp\/v2\/users\/1"}],"replies":[{"embeddable":true,"href":"https:\/\/visionciudadana.com.mx\/oficial\/wp-json\/wp\/v2\/comments?post=17267"}],"version-history":[{"count":1,"href":"https:\/\/visionciudadana.com.mx\/oficial\/wp-json\/wp\/v2\/posts\/17267\/revisions"}],"predecessor-version":[{"id":30808,"href":"https:\/\/visionciudadana.com.mx\/oficial\/wp-json\/wp\/v2\/posts\/17267\/revisions\/30808"}],"wp:featuredmedia":[{"embeddable":true,"href":"https:\/\/visionciudadana.com.mx\/oficial\/wp-json\/wp\/v2\/posts\/1217"}],"wp:attachment":[{"href":"https:\/\/visionciudadana.com.mx\/oficial\/wp-json\/wp\/v2\/media?parent=17267"}],"wp:term":[{"taxonomy":"category","embeddable":true,"href":"https:\/\/visionciudadana.com.mx\/oficial\/wp-json\/wp\/v2\/categories?post=17267"},{"taxonomy":"post_tag","embeddable":true,"href":"https:\/\/visionciudadana.com.mx\/oficial\/wp-json\/wp\/v2\/tags?post=17267"},{"taxonomy":"author","embeddable":true,"href":"https:\/\/visionciudadana.com.mx\/oficial\/wp-json\/wp\/v2\/ppma_author?post=17267"}],"curies":[{"name":"wp","href":"https:\/\/api.w.org\/{rel}","templated":true}]}}