{"id":17261,"date":"2021-07-20T00:56:02","date_gmt":"2021-07-20T00:56:02","guid":{"rendered":"https:\/\/visionciudadana.com.mx\/chio\/2021\/07\/20\/de-frente-a-la-pandemia-hace-mes-y-medio-declare-en-mazatlan-lo-siguiente-salvese-quien-pueda\/"},"modified":"2025-06-25T00:11:52","modified_gmt":"2025-06-25T00:11:52","slug":"de-frente-a-la-pandemia-hace-mes-y-medio-declare-en-mazatlan-lo-siguiente-salvese-quien-pueda","status":"publish","type":"post","link":"https:\/\/visionciudadana.com.mx\/oficial\/2021\/07\/20\/de-frente-a-la-pandemia-hace-mes-y-medio-declare-en-mazatlan-lo-siguiente-salvese-quien-pueda\/","title":{"rendered":"De frente a la pandemia hace mes y medio declar\u00e9 en Mazatl\u00e1n lo siguiente; s\u00e1lvese quien pueda"},"content":{"rendered":"<div style=\"text-align: justify;\"><img fetchpriority=\"high\" decoding=\"async\" src=\"images\/2021\/julio21\/salvese.jpg\" alt=\"salvese\" width=\"720\" height=\"480\" style=\"display: block; margin: 20px auto;\" \/><\/p>\n<p><span style=\"font-size: 14pt; font-family: arial, helvetica, sans-serif;\">M\u00e9xico hasta el d\u00eda de hoy ha recibido alrededor de 73 millones de dosis contra el virus que genera la enfermedad del COVID-19, solamente se han aplicado 54 millones de vacunas, sin embargo, contando solamente a los mexicanos que han recibido solamente una dosis son 38.3 millones, alrededor del 29.6 % de la poblaci\u00f3n mexicana, de donde se desprende que tenemos que acelerar el proceso de vacunaci\u00f3n, expres\u00f3 H\u00e9ctor Melesio Cu\u00e9n Ojeda.<\/span><\/div>\n<div style=\"text-align: justify;\">\n<p><span style=\"font-size: 14pt; font-family: arial, helvetica, sans-serif;\">Hoy el COVID 19 nos est\u00e1 pegando a toda la poblaci\u00f3n en M\u00e9xico; a los adultos mayores, a los adultos y j\u00f3venes, as\u00ed como a adolescentes, ni\u00f1as y ni\u00f1os, que por cierto estos \u00faltimos ya est\u00e1n muriendo por el COVID 19.<\/span><\/div>\n<div style=\"text-align: justify;\">\n<p><span style=\"font-size: 14pt; font-family: arial, helvetica, sans-serif;\">Cu\u00e9n Ojeda expres\u00f3 que, para poder tener la inmunidad colectiva llamada tambi\u00e9n de reba\u00f1o, se necesita cuando menos que el 70 % de la poblaci\u00f3n est\u00e9 vacunada, e incluso ya hay an\u00e1lisis que concluyen que, debido a la alta transmisibilidad de las nuevas cepas, es decir virus que han mutado y se presentan como nuevas variantes, se necesita cuando menos que la poblaci\u00f3n alcance el 80% de vacunaci\u00f3n.<\/span><\/div>\n<div style=\"text-align: justify;\">\n<p><span style=\"font-size: 14pt; font-family: arial, helvetica, sans-serif;\">Hay que reiterar que lo m\u00e1s importante es seguirle apostando a la prevenci\u00f3n, continuar con la vacunaci\u00f3n, as\u00ed como respetar los protocolos de prevenci\u00f3n que indican especialistas del \u00e1rea de la salud. No olvidemos que los contagios principalmente se dan de persona a persona, siendo m\u00ednimo el contagio por estar en contacto con algunas superficies, por ello lo principal es usar el cubrebocas, en este momento esta medida juega un papel fundamental.<\/span><\/div>\n<div style=\"text-align: justify;\">\n<p><span style=\"font-size: 14pt; font-family: arial, helvetica, sans-serif;\">Usando el cubrebocas y guardando la sana distancia se evita el contagio cuando una persona enferma arroja gotas de saliva frente a nosotros, recu\u00e9rdese que el virus por su propio peso tiende a caer hacia el suelo, afirm\u00f3 Cu\u00e9n Ojeda.<\/span><\/div>\n<div style=\"text-align: justify;\">\n<p><span style=\"font-size: 14pt; font-family: arial, helvetica, sans-serif;\">Hace mes y medio y de frente a la intensidad de la pandemia declar\u00e9 en la ciudad de Mazatl\u00e1n; \u201csalvase quien pueda\u201d, y por ello recib\u00ed varias cr\u00edticas por hacer este tipo de declaraciones, me rega\u00f1aron, me dijeron que un empresario no deb\u00eda expresarse de esta forma, me tacharon de irresponsable, lamentablemente hoy ya est\u00e1n muriendo ni\u00f1as y ni\u00f1os.<\/span><\/div>\n<div style=\"text-align: justify;\">\n<p><span style=\"font-size: 14pt; font-family: arial, helvetica, sans-serif;\">\u201cTodas las vacunas son buenas, por eso es importante aplicarse la dosis que se tenga a la mano, con eso aseguramos protegernos m\u00e1s\u201d, dijo Cu\u00e9n Ojeda.<\/span><\/div>\n<div style=\"text-align: justify;\">&nbsp;<\/div>\n<div style=\"text-align: justify;\">&nbsp;<\/div>\n<div style=\"text-align: justify;\">&nbsp;<\/div>\n<div style=\"text-align: justify;\"><span style=\"font-size: 14pt; font-family: arial, helvetica, sans-serif;\">REDACCI\u00d3N\/VISI\u00d3N CIUDADANA.<\/span><\/div>\n","protected":false},"excerpt":{"rendered":"<p>M\u00e9xico hasta el d\u00eda de hoy ha recibido alrededor de 73 millones de dosis contra el virus que genera la enfermedad del COVID-19, solamente se han aplicado 54 millones de vacunas, sin embargo, contando solamente a los mexicanos que han recibido solamente una dosis son 38.3 millones, alrededor del 29.6 % de la poblaci\u00f3n mexicana, [&hellip;]<\/p>\n","protected":false},"author":1,"featured_media":1209,"comment_status":"closed","ping_status":"closed","sticky":false,"template":"","format":"standard","meta":{"footnotes":""},"categories":[24],"tags":[],"ppma_author":[31],"class_list":["post-17261","post","type-post","status-publish","format-standard","has-post-thumbnail","hentry","category-relevantes"],"aioseo_notices":[],"authors":[{"term_id":31,"user_id":1,"is_guest":0,"slug":"ivan3vino","display_name":"Iv\u00e1n Trevi\u00f1o","avatar_url":{"url":"https:\/\/visionciudadana.com.mx\/oficial\/wp-content\/uploads\/2025\/09\/columna-ivan-Trevino.png","url2x":"https:\/\/visionciudadana.com.mx\/oficial\/wp-content\/uploads\/2025\/09\/columna-ivan-Trevino.png"},"0":null,"1":"","2":"","3":"","4":"","5":"","6":"","7":"","8":""}],"_links":{"self":[{"href":"https:\/\/visionciudadana.com.mx\/oficial\/wp-json\/wp\/v2\/posts\/17261","targetHints":{"allow":["GET"]}}],"collection":[{"href":"https:\/\/visionciudadana.com.mx\/oficial\/wp-json\/wp\/v2\/posts"}],"about":[{"href":"https:\/\/visionciudadana.com.mx\/oficial\/wp-json\/wp\/v2\/types\/post"}],"author":[{"embeddable":true,"href":"https:\/\/visionciudadana.com.mx\/oficial\/wp-json\/wp\/v2\/users\/1"}],"replies":[{"embeddable":true,"href":"https:\/\/visionciudadana.com.mx\/oficial\/wp-json\/wp\/v2\/comments?post=17261"}],"version-history":[{"count":1,"href":"https:\/\/visionciudadana.com.mx\/oficial\/wp-json\/wp\/v2\/posts\/17261\/revisions"}],"predecessor-version":[{"id":30809,"href":"https:\/\/visionciudadana.com.mx\/oficial\/wp-json\/wp\/v2\/posts\/17261\/revisions\/30809"}],"wp:featuredmedia":[{"embeddable":true,"href":"https:\/\/visionciudadana.com.mx\/oficial\/wp-json\/wp\/v2\/posts\/1209"}],"wp:attachment":[{"href":"https:\/\/visionciudadana.com.mx\/oficial\/wp-json\/wp\/v2\/media?parent=17261"}],"wp:term":[{"taxonomy":"category","embeddable":true,"href":"https:\/\/visionciudadana.com.mx\/oficial\/wp-json\/wp\/v2\/categories?post=17261"},{"taxonomy":"post_tag","embeddable":true,"href":"https:\/\/visionciudadana.com.mx\/oficial\/wp-json\/wp\/v2\/tags?post=17261"},{"taxonomy":"author","embeddable":true,"href":"https:\/\/visionciudadana.com.mx\/oficial\/wp-json\/wp\/v2\/ppma_author?post=17261"}],"curies":[{"name":"wp","href":"https:\/\/api.w.org\/{rel}","templated":true}]}}