{"id":17260,"date":"2021-07-20T00:12:47","date_gmt":"2021-07-20T00:12:47","guid":{"rendered":"https:\/\/visionciudadana.com.mx\/chio\/2021\/07\/20\/coordinacion-de-inspeccion-y-vigilancia-sanciona-a-siete-establecimientos-mas-por-incumplimiento-de-protocolos-sanitarios\/"},"modified":"2025-06-25T00:11:53","modified_gmt":"2025-06-25T00:11:53","slug":"coordinacion-de-inspeccion-y-vigilancia-sanciona-a-siete-establecimientos-mas-por-incumplimiento-de-protocolos-sanitarios","status":"publish","type":"post","link":"https:\/\/visionciudadana.com.mx\/oficial\/2021\/07\/20\/coordinacion-de-inspeccion-y-vigilancia-sanciona-a-siete-establecimientos-mas-por-incumplimiento-de-protocolos-sanitarios\/","title":{"rendered":"Coordinaci\u00f3n de Inspecci\u00f3n y Vigilancia sanciona a siete establecimientos m\u00e1s por incumplimiento de protocolos sanitarios"},"content":{"rendered":"<p class=\"x_MsoNormal\" style=\"text-align: justify;\"><span style=\"color: #000000; font-size: 14pt; font-family: arial, helvetica, sans-serif;\"><b>&nbsp;<\/b><\/span><\/p>\n<p style=\"text-align: justify;\"><img fetchpriority=\"high\" decoding=\"async\" src=\"images\/2021\/julio21\/revisio\u0301n.jpg\" alt=\"revisio\u0301n\" width=\"720\" height=\"480\" style=\"display: block; margin: 20px auto;\" \/><\/p>\n<p class=\"x_MsoNormal\" style=\"text-align: justify;\"><span style=\"color: #000000; font-size: 14pt; font-family: arial, helvetica, sans-serif;\">En seguimiento a la revisi\u00f3n de aplicaci\u00f3n de protocolos sanitarios en los diversos establecimientos de la ciudad, la Coordinaci\u00f3n de Inspecci\u00f3n y Vigilancia del Gobierno de Culiac\u00e1n, levant\u00f3 siete actas de sanci\u00f3n por incumplimiento de los mismos, con lo que suman un total de 17 en el mes actual.<\/span><\/p>\n<p style=\"text-align: justify;\">&nbsp;<\/p>\n<p class=\"x_MsoNormal\" style=\"text-align: justify;\"><span style=\"color: #000000; font-size: 14pt; font-family: arial, helvetica, sans-serif;\">Asimismo, durante los operativos realizados por el personal, se detect\u00f3 que el restaurante de mariscos llamado \u201cMariscos El 7\u201d ubicado en el bulevar Jes\u00fas Kumate, no cumpl\u00eda con las medidas sanitarias principales como son el uso de cubrebocas y sana distancia entre comensales, por lo que se procedi\u00f3 a su clausura el d\u00eda s\u00e1bado.<\/span><\/p>\n<p style=\"text-align: justify;\">&nbsp;<\/p>\n<p class=\"x_MsoNormal\" style=\"text-align: justify;\"><span style=\"color: #000000; font-size: 14pt; font-family: arial, helvetica, sans-serif;\">Lo anterior lo inform\u00f3 el titular de dicha Coordinaci\u00f3n, Luis Alfonso Meza Espinoza, quien precis\u00f3 que tampoco se cumpli\u00f3 con la capacidad de mesas requerida ni se tomaba la temperatura al ingresar al establecimiento.<\/span><\/p>\n<p style=\"text-align: justify;\">&nbsp;<\/p>\n<p class=\"x_MsoNormal\" style=\"text-align: justify;\"><span style=\"color: #000000; font-size: 14pt; font-family: arial, helvetica, sans-serif;\">\u201cEn ese caso en particular procedimos a levantar un acta y a clausurar el negocio, mismo que hasta el d\u00eda de hoy permanece cerrado\u201d, dijo.<\/span><\/p>\n<p style=\"text-align: justify;\">&nbsp;<\/p>\n<p class=\"x_MsoNormal\" style=\"text-align: justify;\"><span style=\"color: #000000; font-size: 14pt; font-family: arial, helvetica, sans-serif;\">De igual manera, coment\u00f3 que fueron sancionados dos restaurantes, una birrier\u00eda, una carnicer\u00eda ubicada al interior del Mercado Garmendia y dos gimnasios.<\/span><\/p>\n<p style=\"text-align: justify;\">&nbsp;<\/p>\n<p class=\"x_MsoNormal\" style=\"text-align: justify;\"><span style=\"color: #000000; font-size: 14pt; font-family: arial, helvetica, sans-serif;\">Meza Espinoza resalt\u00f3 que el objetivo es que todos los establecimientos de los distintos giros cumplan puntualmente con cada uno de los protocolos sanitarios, por lo que las revisiones continuar\u00e1n como parte del reforzamiento impulsado por el municipio para contener los casos de COVID-19 y priorizar el cuidado de la salud de todos los ciudadanos.<\/span><\/p>\n<p style=\"text-align: justify;\">&nbsp;<\/p>\n<p style=\"text-align: justify;\">&nbsp;<\/p>\n<p style=\"text-align: justify;\"><span style=\"color: #000000; font-size: 14pt; font-family: arial, helvetica, sans-serif;\">REDACCI\u00d3N\/VISI\u00d3N CIUDADANA.<\/span><\/p>\n","protected":false},"excerpt":{"rendered":"<p>&nbsp; En seguimiento a la revisi\u00f3n de aplicaci\u00f3n de protocolos sanitarios en los diversos establecimientos de la ciudad, la Coordinaci\u00f3n de Inspecci\u00f3n y Vigilancia del Gobierno de Culiac\u00e1n, levant\u00f3 siete actas de sanci\u00f3n por incumplimiento de los mismos, con lo que suman un total de 17 en el mes actual. &nbsp; Asimismo, durante los operativos [&hellip;]<\/p>\n","protected":false},"author":1,"featured_media":1207,"comment_status":"closed","ping_status":"closed","sticky":false,"template":"","format":"standard","meta":{"footnotes":""},"categories":[24],"tags":[],"ppma_author":[31],"class_list":["post-17260","post","type-post","status-publish","format-standard","has-post-thumbnail","hentry","category-relevantes"],"aioseo_notices":[],"authors":[{"term_id":31,"user_id":1,"is_guest":0,"slug":"ivan3vino","display_name":"Iv\u00e1n Trevi\u00f1o","avatar_url":{"url":"https:\/\/visionciudadana.com.mx\/oficial\/wp-content\/uploads\/2025\/09\/columna-ivan-Trevino.png","url2x":"https:\/\/visionciudadana.com.mx\/oficial\/wp-content\/uploads\/2025\/09\/columna-ivan-Trevino.png"},"0":null,"1":"","2":"","3":"","4":"","5":"","6":"","7":"","8":""}],"_links":{"self":[{"href":"https:\/\/visionciudadana.com.mx\/oficial\/wp-json\/wp\/v2\/posts\/17260","targetHints":{"allow":["GET"]}}],"collection":[{"href":"https:\/\/visionciudadana.com.mx\/oficial\/wp-json\/wp\/v2\/posts"}],"about":[{"href":"https:\/\/visionciudadana.com.mx\/oficial\/wp-json\/wp\/v2\/types\/post"}],"author":[{"embeddable":true,"href":"https:\/\/visionciudadana.com.mx\/oficial\/wp-json\/wp\/v2\/users\/1"}],"replies":[{"embeddable":true,"href":"https:\/\/visionciudadana.com.mx\/oficial\/wp-json\/wp\/v2\/comments?post=17260"}],"version-history":[{"count":1,"href":"https:\/\/visionciudadana.com.mx\/oficial\/wp-json\/wp\/v2\/posts\/17260\/revisions"}],"predecessor-version":[{"id":30810,"href":"https:\/\/visionciudadana.com.mx\/oficial\/wp-json\/wp\/v2\/posts\/17260\/revisions\/30810"}],"wp:featuredmedia":[{"embeddable":true,"href":"https:\/\/visionciudadana.com.mx\/oficial\/wp-json\/wp\/v2\/posts\/1207"}],"wp:attachment":[{"href":"https:\/\/visionciudadana.com.mx\/oficial\/wp-json\/wp\/v2\/media?parent=17260"}],"wp:term":[{"taxonomy":"category","embeddable":true,"href":"https:\/\/visionciudadana.com.mx\/oficial\/wp-json\/wp\/v2\/categories?post=17260"},{"taxonomy":"post_tag","embeddable":true,"href":"https:\/\/visionciudadana.com.mx\/oficial\/wp-json\/wp\/v2\/tags?post=17260"},{"taxonomy":"author","embeddable":true,"href":"https:\/\/visionciudadana.com.mx\/oficial\/wp-json\/wp\/v2\/ppma_author?post=17260"}],"curies":[{"name":"wp","href":"https:\/\/api.w.org\/{rel}","templated":true}]}}