{"id":17259,"date":"2021-07-20T00:06:57","date_gmt":"2021-07-20T00:06:57","guid":{"rendered":"https:\/\/visionciudadana.com.mx\/chio\/2021\/07\/20\/el-rector-llama-a-aspirantes-a-no-dejarse-enganar-por-personas-que-prometen-un-espacio-en-la-uas\/"},"modified":"2025-06-25T00:11:53","modified_gmt":"2025-06-25T00:11:53","slug":"el-rector-llama-a-aspirantes-a-no-dejarse-enganar-por-personas-que-prometen-un-espacio-en-la-uas","status":"publish","type":"post","link":"https:\/\/visionciudadana.com.mx\/oficial\/2021\/07\/20\/el-rector-llama-a-aspirantes-a-no-dejarse-enganar-por-personas-que-prometen-un-espacio-en-la-uas\/","title":{"rendered":"El Rector llama a aspirantes a no dejarse enga\u00f1ar por personas que prometen un espacio en la UAS"},"content":{"rendered":"<p class=\"x_MsoNormal\" style=\"text-align: justify;\" align=\"center\"><span style=\"font-size: 14pt; font-family: arial, helvetica, sans-serif;\"><b>&nbsp;<img fetchpriority=\"high\" decoding=\"async\" src=\"images\/2021\/julio21\/llama_rector.jpg\" alt=\"llama rector\" width=\"720\" height=\"480\" style=\"display: block; margin: 20px auto;\" \/><\/b><\/span><\/p>\n<p class=\"x_MsoNormal\" style=\"text-align: justify;\"><span style=\"font-size: 14pt; font-family: arial, helvetica, sans-serif;\">El Rector de la Universidad Aut\u00f3noma de Sinaloa (UAS), Dr. Jes\u00fas Madue\u00f1a Molina, hizo un llamado a los padres de familia y a los aspirantes que no fueron admitidos en este primer momento a que no se dejen enga\u00f1ar por falsos gestores, ya que la Comisi\u00f3n Institucional de Admisi\u00f3n esta semana informar\u00e1 sobre una ampliaci\u00f3n de espacios, con el prop\u00f3sito de que ning\u00fan aspirante quede fuera de las aulas universitarias.<\/span><\/p>\n<p style=\"text-align: justify;\">&nbsp;<\/p>\n<p class=\"x_MsoNormal\" style=\"text-align: justify;\"><span style=\"font-size: 14pt; font-family: arial, helvetica, sans-serif;\">\u201cDecirles a los que no han sido favorecidos hasta el d\u00eda de hoy que no se dejen enga\u00f1ar por nadie, la Comisi\u00f3n de Admisi\u00f3n est\u00e1 trabajando para en los pr\u00f3ximos d\u00edas darles buenas noticias, refrendarles el compromiso de la Universidad con los j\u00f3venes. Debo pedirles a los padres de familia que vigilen muy bien el procedimiento que se tiene que seguir para que no los vayan a enga\u00f1ar y estafar, y tambi\u00e9n pedirles que denuncien p\u00fablicamente ante las autoridades que correspondan si alguien les est\u00e1 pidiendo dinero para ingresar a la Universidad\u201d, expres\u00f3 en entrevista el Rector.<\/span><\/p>\n<p style=\"text-align: justify;\">&nbsp;<\/p>\n<p class=\"x_MsoNormal\" style=\"text-align: justify;\"><span style=\"font-size: 14pt; font-family: arial, helvetica, sans-serif;\">El dirigente universitario enfatiz\u00f3 que todos los aspirantes tendr\u00e1n la oportunidad de ingresar a la UAS bajo el mecanismo que defina la Comisi\u00f3n de Admisi\u00f3n, y esa ser\u00e1 la \u00fanica v\u00eda de ingreso.<\/span><\/p>\n<p style=\"text-align: justify;\">&nbsp;<\/p>\n<p class=\"x_MsoNormal\" style=\"text-align: justify;\"><span style=\"font-size: 14pt; font-family: arial, helvetica, sans-serif;\">\u201cNo se dejen enga\u00f1ar por personas que les pidan dinero para tener asegurado un lugar en la Universidad. Para nosotros es un crimen que se abuse as\u00ed de los muchachos, es un crimen que alguien se quede fuera de las aulas universitarias; hemos refrendado el compromiso de seguir la pol\u00edtica del Presidente de la Rep\u00fablica de ampliar cada a\u00f1o la cobertura para que m\u00e1s j\u00f3venes pasen por las aulas universitarias haciendo un esfuerzo con el mismo presupuesto que tenemos\u201d, dijo.<\/span><\/p>\n<p style=\"text-align: justify;\">&nbsp;<\/p>\n<p class=\"x_MsoNormal\" style=\"text-align: justify;\"><span style=\"font-size: 14pt; font-family: arial, helvetica, sans-serif;\">El Rector se\u00f1al\u00f3 que el pasado viernes la Comisi\u00f3n Institucional de Admisi\u00f3n entreg\u00f3 a los directores de las unidades acad\u00e9micas las listas con los resultados del examen de admisi\u00f3n, y \u00e9stos pudieron ser consultados por los interesados al d\u00eda siguiente, quedando solo 2 mil 830 j\u00f3venes sin ser admitidos, de un total de 22 mil 357 aspirantes.<\/span><\/p>\n<p style=\"text-align: justify;\">&nbsp;<\/p>\n<p class=\"x_MsoNormal\" style=\"text-align: justify;\"><span style=\"font-size: 14pt; font-family: arial, helvetica, sans-serif;\">A los j\u00f3venes que ya fueron admitidos, el dirigente universitario los exhort\u00f3 a que cumplan lo m\u00e1s pronto posible el procedimiento de inscripci\u00f3n que inici\u00f3 este lunes 19 de julio, a fin de asegurar su espacio en la instituci\u00f3n, adem\u00e1s les record\u00f3 que todo el proceso es en l\u00ednea.<\/span><\/p>\n<p style=\"text-align: justify;\">&nbsp;<\/p>\n<p class=\"x_MsoNormal\" style=\"text-align: justify;\"><span style=\"font-size: 14pt; font-family: arial, helvetica, sans-serif;\">\u201cAprovechen la oportunidad que se les est\u00e1 dando, aprovechen la oportunidad y exploten al m\u00e1ximo el potencial que tienen y sobre todo que aprovechen el recurso humano habilitado, capacitado, las instalaciones de la Universidad. El compromiso es atenderlos de la mejor manera, ofrecerles una educaci\u00f3n de calidad, una educaci\u00f3n con sentido humanista en donde se sientan c\u00f3modos y sobre todo que tengan resultados a corto y largo plazo que sea para bien de su vida profesional\u201d, plante\u00f3.<\/span><\/p>\n<p style=\"text-align: justify;\">&nbsp;<\/p>\n<p style=\"text-align: justify;\"><span style=\"font-size: 14pt; font-family: arial, helvetica, sans-serif;\">REDACCI\u00d3N\/VISI\u00d3N CIUDADANA.<\/span><\/p>\n","protected":false},"excerpt":{"rendered":"<p>&nbsp; El Rector de la Universidad Aut\u00f3noma de Sinaloa (UAS), Dr. Jes\u00fas Madue\u00f1a Molina, hizo un llamado a los padres de familia y a los aspirantes que no fueron admitidos en este primer momento a que no se dejen enga\u00f1ar por falsos gestores, ya que la Comisi\u00f3n Institucional de Admisi\u00f3n esta semana informar\u00e1 sobre una [&hellip;]<\/p>\n","protected":false},"author":1,"featured_media":1205,"comment_status":"closed","ping_status":"closed","sticky":false,"template":"","format":"standard","meta":{"footnotes":""},"categories":[24],"tags":[],"ppma_author":[31],"class_list":["post-17259","post","type-post","status-publish","format-standard","has-post-thumbnail","hentry","category-relevantes"],"aioseo_notices":[],"authors":[{"term_id":31,"user_id":1,"is_guest":0,"slug":"ivan3vino","display_name":"Iv\u00e1n Trevi\u00f1o","avatar_url":{"url":"https:\/\/visionciudadana.com.mx\/oficial\/wp-content\/uploads\/2025\/09\/columna-ivan-Trevino.png","url2x":"https:\/\/visionciudadana.com.mx\/oficial\/wp-content\/uploads\/2025\/09\/columna-ivan-Trevino.png"},"0":null,"1":"","2":"","3":"","4":"","5":"","6":"","7":"","8":""}],"_links":{"self":[{"href":"https:\/\/visionciudadana.com.mx\/oficial\/wp-json\/wp\/v2\/posts\/17259","targetHints":{"allow":["GET"]}}],"collection":[{"href":"https:\/\/visionciudadana.com.mx\/oficial\/wp-json\/wp\/v2\/posts"}],"about":[{"href":"https:\/\/visionciudadana.com.mx\/oficial\/wp-json\/wp\/v2\/types\/post"}],"author":[{"embeddable":true,"href":"https:\/\/visionciudadana.com.mx\/oficial\/wp-json\/wp\/v2\/users\/1"}],"replies":[{"embeddable":true,"href":"https:\/\/visionciudadana.com.mx\/oficial\/wp-json\/wp\/v2\/comments?post=17259"}],"version-history":[{"count":1,"href":"https:\/\/visionciudadana.com.mx\/oficial\/wp-json\/wp\/v2\/posts\/17259\/revisions"}],"predecessor-version":[{"id":30811,"href":"https:\/\/visionciudadana.com.mx\/oficial\/wp-json\/wp\/v2\/posts\/17259\/revisions\/30811"}],"wp:featuredmedia":[{"embeddable":true,"href":"https:\/\/visionciudadana.com.mx\/oficial\/wp-json\/wp\/v2\/posts\/1205"}],"wp:attachment":[{"href":"https:\/\/visionciudadana.com.mx\/oficial\/wp-json\/wp\/v2\/media?parent=17259"}],"wp:term":[{"taxonomy":"category","embeddable":true,"href":"https:\/\/visionciudadana.com.mx\/oficial\/wp-json\/wp\/v2\/categories?post=17259"},{"taxonomy":"post_tag","embeddable":true,"href":"https:\/\/visionciudadana.com.mx\/oficial\/wp-json\/wp\/v2\/tags?post=17259"},{"taxonomy":"author","embeddable":true,"href":"https:\/\/visionciudadana.com.mx\/oficial\/wp-json\/wp\/v2\/ppma_author?post=17259"}],"curies":[{"name":"wp","href":"https:\/\/api.w.org\/{rel}","templated":true}]}}